{"id":278158,"date":"2025-07-27T20:59:13","date_gmt":"2025-07-27T20:59:13","guid":{"rendered":"https:\/\/www.europesays.com\/fr\/278158\/"},"modified":"2025-07-27T20:59:13","modified_gmt":"2025-07-27T20:59:13","slug":"varvara-gracheva-sincline-au-premier-tour-contre-la-chinoise-lin-zhu-489e-mondiale-a-montreal-lequipe","status":"publish","type":"post","link":"https:\/\/www.europesays.com\/fr\/278158\/","title":{"rendered":"Varvara Gracheva s&#039;incline au premier tour contre la Chinoise Lin Zhu, 489e mondiale, \u00e0 Montr\u00e9al &#8211; L&#039;\u00c9quipe"},"content":{"rendered":"<ol>\n<li><a href=\"https:\/\/news.google.com\/rss\/articles\/CBMi2wFBVV95cUxOZ0lNMng0ZkQ1VmZoUU1KMEpyY2hGcVdWWWpfS0Y4NVEzeHk1S3I4MkxDeVJvcXBVOUR2TE55a0NFUUhzTUVFdU9DTWYyVFBLNlJyVk1LNVk1dTdtVDhuREtsUkhLTmlUdUJBbHNWSU5GR0E5aGFfcUFCTGthLWNzNTB6Mmd0Q05LQi1kMHJtMUF0WTBENW82MEJsRHJEV0ZQdUJDQ296eHZqTDhYbFlPLUJtTDhCQVhsemhiVmg3V0J0UjBLMGZkTEs2ejJlWWhSWi1BQ1AtVWY0Wm8?oc=5\" target=\"_blank\" rel=\"nofollow noopener\">Varvara Gracheva s&rsquo;incline au premier tour contre la Chinoise Lin Zhu, 489e mondiale, \u00e0 Montr\u00e9al<\/a>&nbsp;&nbsp;L&rsquo;\u00c9quipe<\/li>\n<li><a href=\"https:\/\/news.google.com\/rss\/articles\/CBMixgFBVV95cUxOMTROTXYzYkxsNi1WNzlGU0g3QlZpWHkzTXB5a0Vxdktoci0ybUFvay1SeHlZSFRsTXFNRWhJdU5iaElOTnVHRzNtODU4N1JZZG5MeWxEM2ZaRjdhcmhCWU5jX0hnNENpOHhMNUx2aUdRX3NKSk5obExTZXBES3laeWxvN1JuTEYwSmU4QU9LeldZNElQTmtkUFlZOV9zd29oX2xyc2wyUGpvTElyTFF2bnp5QktVdWxKandXdUdnNDJJX0g5QkHSAcQBQVVfeXFMTmI4d3d5RWhyMDd0TUNydkFHaUVrTjlFM1BrV29mTWdFOUZyVlkwLUFHa3JBU3ZpZ2lPd3Frbl9hNnAtNEhmVVJXYl9vWkVDRy1JSEZYYnVXNzZyTEl1VmhFSjJRbEZVNXBEVzh3MjRCb19vUnNMZUtEUkZ1RlBvRXVfMzY0VUNwUGtxdTAwbTM0TlNSTlRZbkY0V21kZ18tRmMxOHlndDNmYnBEdFJpUGljSG5wRVNpNHlxbUxtcTUxaWpHQQ?oc=5\" target=\"_blank\" rel=\"nofollow noopener\">WTA &#8211; Montr\u00e9al : Les Fran\u00e7aises au rendez-vous du tableau principal<\/a>&nbsp;&nbsp;Orange Actualit\u00e9s | Sports<\/li>\n<li><a href=\"https:\/\/news.google.com\/rss\/articles\/CBMipgFBVV95cUxNeWZnZEc1RlFnS1JfX0JxTTZfNHlCM2MxV3lOWUw2R1BFYWd1d01RN2xKUGtlRHk0Y2p5cVUxRGdoX2Q0UjZDcDJhelRTcXNHd05tWGdXVnlfeVotaWd6MTNzaUdZTm4xeW1UcUx1MEpXOGZ0MEFpOXZFcU9jVDlEWVpSd3I2UDhObllTQnNZblpybkZMUDY3eVNHVk5LN1JrUHpKVjZn?oc=5\" target=\"_blank\" rel=\"nofollow noopener\">WTA 1000 Montr\u00e9al : le programme complet du dimanche 27 juillet<\/a>&nbsp;&nbsp;Univers Tennis<\/li>\n<li><a href=\"https:\/\/news.google.com\/rss\/articles\/CBMihAFBVV95cUxOWUxOajA0WGtuZGNjdXlZXzc3U293QUhjNWg5Qk1na2RtX3E1bFVDOWhvTnJicEhPcHZRNHdIZnRYTzZWRGRJMmN6X0dPR1RzZkp4aEU2bFhrNG9rb2kxQ1ptNHJYeUF2cXNuQmZMT25OX0dSLXdoV2RwU0k4UmM5c2owZFU?oc=5\" target=\"_blank\" rel=\"nofollow noopener\">Vondrousova-Eala, Andreescu-Krejcikova, Collins : le programme du dimanche 27 juillet \u00e0 Montr\u00e9al<\/a>&nbsp;&nbsp;Tennis Temple<\/li>\n<li><a href=\"https:\/\/news.google.com\/rss\/articles\/CBMivgFBVV95cUxPT0JwM1BNUUxjMVFKTWVkc1RVYzg3V2ZvYmxZMTJuSHJVdEwzcjNhdWpLLVg2dGJXaW9CRWNiaVk0cV9sajhjazV0OUNXNUk3S3otVjVnamNWcGdZcUFVV0c4OWluVVp4MkdIQW1UM3duNHNzZlk0c3hUeFhOdjV6bHpVQUVUVjhYS0tYNkJqTjdBRzZzRWY2djhiZzc0LUhMdE1WMC1peFJwLVNHQjdjRld5dDVndi03Q0lVdW93?oc=5\" target=\"_blank\" rel=\"nofollow noopener\">Omnium Banque Nationale : Katherine Sebov et Cadence Brace \u00e9limin\u00e9es en qualifications<\/a>&nbsp;&nbsp;RDS<\/li>\n<\/ol>\n","protected":false},"excerpt":{"rendered":"Varvara Gracheva s&rsquo;incline au premier tour contre la Chinoise Lin Zhu, 489e mondiale, \u00e0 Montr\u00e9al&nbsp;&nbsp;L&rsquo;\u00c9quipe WTA &#8211; Montr\u00e9al&hellip;\n","protected":false},"author":2,"featured_media":278159,"comment_status":"","ping_status":"","sticky":false,"template":"","format":"standard","meta":{"footnotes":""},"categories":[1415],"tags":[1011,27,60,1467],"class_list":{"0":"post-278158","1":"post","2":"type-post","3":"status-publish","4":"format-standard","5":"has-post-thumbnail","7":"category-tennis","8":"tag-fr","9":"tag-france","10":"tag-sports","11":"tag-tennis"},"share_on_mastodon":{"url":"https:\/\/pubeurope.com\/@fr\/114927210494445095","error":""},"_links":{"self":[{"href":"https:\/\/www.europesays.com\/fr\/wp-json\/wp\/v2\/posts\/278158","targetHints":{"allow":["GET"]}}],"collection":[{"href":"https:\/\/www.europesays.com\/fr\/wp-json\/wp\/v2\/posts"}],"about":[{"href":"https:\/\/www.europesays.com\/fr\/wp-json\/wp\/v2\/types\/post"}],"author":[{"embeddable":true,"href":"https:\/\/www.europesays.com\/fr\/wp-json\/wp\/v2\/users\/2"}],"replies":[{"embeddable":true,"href":"https:\/\/www.europesays.com\/fr\/wp-json\/wp\/v2\/comments?post=278158"}],"version-history":[{"count":0,"href":"https:\/\/www.europesays.com\/fr\/wp-json\/wp\/v2\/posts\/278158\/revisions"}],"wp:featuredmedia":[{"embeddable":true,"href":"https:\/\/www.europesays.com\/fr\/wp-json\/wp\/v2\/media\/278159"}],"wp:attachment":[{"href":"https:\/\/www.europesays.com\/fr\/wp-json\/wp\/v2\/media?parent=278158"}],"wp:term":[{"taxonomy":"category","embeddable":true,"href":"https:\/\/www.europesays.com\/fr\/wp-json\/wp\/v2\/categories?post=278158"},{"taxonomy":"post_tag","embeddable":true,"href":"https:\/\/www.europesays.com\/fr\/wp-json\/wp\/v2\/tags?post=278158"}],"curies":[{"name":"wp","href":"https:\/\/api.w.org\/{rel}","templated":true}]}}