{"id":278160,"date":"2025-07-27T21:01:13","date_gmt":"2025-07-27T21:01:13","guid":{"rendered":"https:\/\/www.europesays.com\/fr\/278160\/"},"modified":"2025-07-27T21:01:13","modified_gmt":"2025-07-27T21:01:13","slug":"honda-veut-recuperer-ai-ogura-un-retour-strategique-a-letude","status":"publish","type":"post","link":"https:\/\/www.europesays.com\/fr\/278160\/","title":{"rendered":"Honda veut r\u00e9cup\u00e9rer Ai Ogura, un retour strat\u00e9gique \u00e0 l\u2019\u00e9tude\u2028"},"content":{"rendered":"<p>Ai Ogura, ancien champion Moto2 et d\u00e9sormais rookie remarqu\u00e9 chez TrackHouse, pourrait bient\u00f4t redevenir une priorit\u00e9 pour Honda. Lucio Cecchinello a confi\u00e9 que la marque japonaise pourrait \u00ab\u00a0tenter de le ramener sous son aile\u00a0\u00bb, saluant ses qualit\u00e9s sportives et humaines.<\/p>\n<blockquote>\n<p>\u201cPeut-\u00eatre que Honda tentera de ramener Ai Ogura sous son aile\u2026 En 2022, Honda lui a fait une offre, mais il n\u2019\u00e9tait pas pr\u00eat, Maintenant, il montre ce qu\u2019il vaut. S\u2019il continue comme \u00e7a, il sera un atout pr\u00e9cieux pour n\u2019importe quelle \u00e9quipe. Honda ne l\u00e2che jamais. S\u2019ils veulent Ogura, ils feront tout pour l\u2019avoir.\u201d D\u00e9clare Cecchinello, source : <a href=\"http:\/\/paddock-gp.com\" rel=\"nofollow noopener\" target=\"_blank\">paddock-gp.com<\/a>\u00a0<\/p>\n<\/blockquote>\n<p>Ogura avait d\u00e9j\u00e0 refus\u00e9 une proposition de Honda, pr\u00e9f\u00e9rant rester en Moto2 pour compl\u00e9ter sa progression. Aujourd\u2019hui, alors qu\u2019il encha\u00eene les performances solides en MotoGP, son profil pla\u00eet plus que jamais \u00e0 Honda, en qu\u00eate d\u2019un nouveau souffle.<\/p>\n<p><b>Une option strat\u00e9gique pour l\u2019avenir<\/b><\/p>\n<p>Dans un contexte o\u00f9 les r\u00e9sultats ne sont pas \u00e0 la hauteur des attentes, Honda cherche \u00e0 s\u2019entourer de pilotes prometteurs et populaires. Ogura incarne cette rel\u00e8ve japonaise : rapide, disciplin\u00e9 et appr\u00e9ci\u00e9 du public, aussi bien localement qu\u2019\u00e0 l\u2019international.<\/p>\n<p>Lucio Cecchinello, dont l\u2019\u00e9quipe LCR est li\u00e9e \u00e0 Honda jusqu\u2019en 2027, garde la porte ouverte. La perspective de retrouver Ogura sous les couleurs Honda pourrait marquer un tournant important dans la reconstruction du projet HRC en MotoGP.<\/p>\n<p>    Partagez cette info avec vos amis et vos proches en cliquant ici  <\/p>\n<p> Podcasts \u00e0 la une MEN LIFE <\/p>\n<p>    MotoGP : Ogura, la p\u00e9pite japonaise que Honda r\u00eave de r\u00e9cup\u00e9rer<\/p>\n<p>Lucio Cecchinello, patron de LCR Honda, a laiss\u00e9 entendre que le constructeur japonais envisage s\u00e9rieusement de faire revenir Ai Ogura dans son giron. Le jeune talent japonais, aujourd\u2019hui chez TrackHouse, pourrait devenir une pi\u00e8ce ma\u00eetresse du futur projet HRC.<\/p>\n<p>R\u00e9dacteur<\/p>\n<p><img decoding=\"async\" width=\"76\" height=\"76\" loading=\"lazy\" src=\"https:\/\/www.europesays.com\/fr\/wp-content\/uploads\/2025\/04\/avatar-sport-am.png\" alt=\"Victor Teyssier\"\/><\/p>\n","protected":false},"excerpt":{"rendered":"Ai Ogura, ancien champion Moto2 et d\u00e9sormais rookie remarqu\u00e9 chez TrackHouse, pourrait bient\u00f4t redevenir une priorit\u00e9 pour Honda.&hellip;\n","protected":false},"author":2,"featured_media":278161,"comment_status":"","ping_status":"","sticky":false,"template":"","format":"standard","meta":{"footnotes":""},"categories":[1413],"tags":[1011,27,1457,1456,60],"class_list":{"0":"post-278160","1":"post","2":"type-post","3":"status-publish","4":"format-standard","5":"has-post-thumbnail","7":"category-moto","8":"tag-fr","9":"tag-france","10":"tag-moto","11":"tag-motocycle","12":"tag-sports"},"share_on_mastodon":{"url":"https:\/\/pubeurope.com\/@fr\/114927218439471153","error":""},"_links":{"self":[{"href":"https:\/\/www.europesays.com\/fr\/wp-json\/wp\/v2\/posts\/278160","targetHints":{"allow":["GET"]}}],"collection":[{"href":"https:\/\/www.europesays.com\/fr\/wp-json\/wp\/v2\/posts"}],"about":[{"href":"https:\/\/www.europesays.com\/fr\/wp-json\/wp\/v2\/types\/post"}],"author":[{"embeddable":true,"href":"https:\/\/www.europesays.com\/fr\/wp-json\/wp\/v2\/users\/2"}],"replies":[{"embeddable":true,"href":"https:\/\/www.europesays.com\/fr\/wp-json\/wp\/v2\/comments?post=278160"}],"version-history":[{"count":0,"href":"https:\/\/www.europesays.com\/fr\/wp-json\/wp\/v2\/posts\/278160\/revisions"}],"wp:featuredmedia":[{"embeddable":true,"href":"https:\/\/www.europesays.com\/fr\/wp-json\/wp\/v2\/media\/278161"}],"wp:attachment":[{"href":"https:\/\/www.europesays.com\/fr\/wp-json\/wp\/v2\/media?parent=278160"}],"wp:term":[{"taxonomy":"category","embeddable":true,"href":"https:\/\/www.europesays.com\/fr\/wp-json\/wp\/v2\/categories?post=278160"},{"taxonomy":"post_tag","embeddable":true,"href":"https:\/\/www.europesays.com\/fr\/wp-json\/wp\/v2\/tags?post=278160"}],"curies":[{"name":"wp","href":"https:\/\/api.w.org\/{rel}","templated":true}]}}