{"id":278162,"date":"2025-07-27T21:02:12","date_gmt":"2025-07-27T21:02:12","guid":{"rendered":"https:\/\/www.europesays.com\/fr\/278162\/"},"modified":"2025-07-27T21:02:12","modified_gmt":"2025-07-27T21:02:12","slug":"formule-1-la-victoire-doscar-piastri-a-spa-francorchamps-le-resume-du-grand-prix-de-belgique","status":"publish","type":"post","link":"https:\/\/www.europesays.com\/fr\/278162\/","title":{"rendered":"Formule 1 : La victoire d&rsquo;Oscar Piastri \u00e0 Spa-Francorchamps, le r\u00e9sum\u00e9 du Grand Prix de Belgique"},"content":{"rendered":"<p>Maxime Ducheminle 27 juillet 2025<\/p>\n<p>Formule 1 : La victoire d&rsquo;Oscar Piastri \u00e0 Spa-Francorchamps, le r\u00e9sum\u00e9 du Grand Prix de BelgiqueFormule 1 : La victoire d&rsquo;Oscar Piastri \u00e0 Spa-Francorchamps, le r\u00e9sum\u00e9 du Grand Prix de Belgique<\/p>\n<p><strong>Oscar Piastri s\u2019impose \u00e0 Spa-Francorchamps. Le pilote australien est parvenu \u00e0 prendre l\u2019avantage sur Lando Norris d\u00e8s l\u2019entame de course. Le Britannique termine le Grand Prix \u00e0 la 2e place, devant Charles Leclerc.<\/strong><\/p>\n<p>Parti de la 2e position, Oscar Piastri remporte finalement le Grand Prix de Belgique. Lando Norris n\u2019a pu garder l\u2019avantage de sa pole position que jusqu\u2019au virage des Combes. McLaren r\u00e9alise tout de m\u00eame le doubl\u00e9, devant la Ferrari de Charles Leclerc et la Red Bull de Max Verstappen. L\u2019Australien accro\u00eet donc son avance au championnat du monde des pilotes.<\/p>\n<p>Lire aussi : <a href=\"https:\/\/www.canalplus.com\/articles\/sports\/formule-1-les-classements-f1-de-la-saison-2025\" rel=\"nofollow noopener\" target=\"_blank\">Le classement F1 de la saison 2025<\/a><\/p>\n<p>Un nouveau doubl\u00e9 pour McLaren<\/p>\n<p>McLaren signe donc un nouveau doubl\u00e9, quelques semaines apr\u00e8s le Grand Prix de Silverstone. Cette fois, c\u2019est Oscar Piastri qui s\u2019impose devant Lando Norris. Le Britannique, parti en pole position, n\u2019a pas pu r\u00e9sister \u00e0 son co\u00e9quipier dans la longue ligne droite de Kemmel. L\u2019Australien signe ainsi sa 8e victoire en Formule 1, et augmente l\u2019\u00e9cart sur Lando Norris au championnat des pilotes. L\u2019\u00e9curie reste quant \u00e0 elle tr\u00e8s confortablement \u00e0 la 1e place du classement des constructeurs.<\/p>\n<p>Un week-end solide pour Red Bull<\/p>\n<p>\u00c0 l\u2019arriv\u00e9e du Grand Prix, seule la Red Bull de Max Verstappen termine dans les points, \u00e0 la 4e place. Le quadruple champion du monde a pass\u00e9 toute la course derri\u00e8re Charles Leclerc, \u00e0 environ 1,5 seconde, sans jamais parvenir \u00e0 le d\u00e9passer. Au global, l\u2019\u00e9curie peut tout de m\u00eame \u00eatre satisfaite. La victoire de Verstappen en course Sprint permet de maximiser les points en Belgique. D\u2019autre part, on note \u00e9galement une am\u00e9lioration de l\u2019autre c\u00f4t\u00e9 du garage, pour Yuki Tsunoda. Laurent Mekies termine donc son 1e week-end \u00e0 la t\u00eate de Red Bull de belle mani\u00e8re.<\/p>\n<p>Un bon dimanche pour Ferrari<\/p>\n<p>La 3e place de Charles Leclerc vient cl\u00f4turer un week-end solide de la part du Mon\u00e9gasque. M\u00eame Max Verstappen, 4e \u00e0 l\u2019arriv\u00e9e, n\u2019est pas parvenu \u00e0 le d\u00e9passer sur la piste. Lewis Hamilton, de son c\u00f4t\u00e9, a connu un week-end difficile. Qualifi\u00e9 en fond de grille, le septuple champion du monde a finalement choisi de partir de la voie des stands. Il termine \u00e0 la 7e position, apr\u00e8s une remont\u00e9e ph\u00e9nom\u00e9nale. Il est le premier pilote \u00e0 se d\u00e9barrasser des pneus interm\u00e9diaires au profit des mediums. Un pari qui s\u2019est av\u00e9r\u00e9 gagnant\u00a0!<\/p>\n<p>O\u00f9 terminent nos Fran\u00e7ais\u00a0?<\/p>\n<p>Alors qu\u2019ils \u00e9taient bien class\u00e9s \u00e0 l\u2019arriv\u00e9e de la course Sprint, nos Fran\u00e7ais ont connu un dimanche plus compliqu\u00e9. Qualifi\u00e9 11e, Esteban Ocon a fait le pari d\u2019\u00e9tendre son relai en pneus interm\u00e9diaires, perdant au passage des positions. Apr\u00e8s l\u2019arriv\u00e9e, le Normand confiait \u00e9galement un probl\u00e8me de choix de pneumatiques, au moment de son arr\u00eat aux stands. Il termine 15e. Isack Hadjar a lui aussi v\u00e9cu une course cauchemardesque. Le rookie, qui s\u2019\u00e9lan\u00e7ait de la 8e place sur la grille, termine le Grand Prix dernier.<\/p>\n<p>Il y a tout de m\u00eame des motifs de satisfaction, chez Alpine. Parti 13e, Pierre Gasly est parvenu \u00e0 aller chercher le point de la 10e place. Le Normand a r\u00e9sist\u00e9 aux attaques de Yuki Tsunoda pendant les derniers tours de course.<\/p>\n<p>Le r\u00e9sultat du Grand Prix de Belgique<\/p>\n<ul>&#13;<\/p>\n<li>\u2022\u2060\u00a0 \u20601. Oscar Piastri (McLaren)<\/li>\n<p>&#13;<\/p>\n<li>\u2022\u2060\u00a0 \u20602. Lando Norris (McLaren)<\/li>\n<p>&#13;<\/p>\n<li>\u2022\u2060\u00a0 \u20603. Charles Leclerc (Ferrari)<\/li>\n<p>&#13;<\/p>\n<li>\u2022\u2060\u00a0 \u20604. Max Verstappen (Red Bull)<\/li>\n<p>&#13;<\/p>\n<li>\u2022\u2060\u00a0 \u20605. George Russell (Mercedes)<\/li>\n<p>&#13;<\/p>\n<li>\u2022\u2060\u00a0 \u20606. Alexander Albon (Williams)<\/li>\n<p>&#13;<\/p>\n<li>\u2022\u2060\u00a0 \u20607. Lewis Hamilton (Ferrari)<\/li>\n<p>&#13;<\/p>\n<li>\u2022\u2060\u00a0 \u20608. Liam Lawson (Racing Bulls)<\/li>\n<p>&#13;<\/p>\n<li>\u2022\u2060\u00a0 \u20609. Gabriel Bortoletto (Sauber)<\/li>\n<p>&#13;<\/p>\n<li>\u2022\u2060\u00a0 \u206010. Pierre Gasly (Alpine)<\/li>\n<p>&#13;<\/p>\n<li>\u2022\u2060\u00a0 \u206011. Oliver Bearman (Haas)<\/li>\n<p>&#13;<\/p>\n<li>\u2022\u2060\u00a0 \u206012. Nico Hulkenberg (Sauber)<\/li>\n<p>&#13;<\/p>\n<li>\u2022\u2060\u00a0 \u206013. Yuki Tsunoda (Red Bull)<\/li>\n<p>&#13;<\/p>\n<li>\u2022\u2060\u00a0 \u206014. Lance Stroll (Aston Martin)<\/li>\n<p>&#13;<\/p>\n<li>\u2022\u2060\u00a0 \u206015. Esteban Ocon (Haas)<\/li>\n<p>&#13;<\/p>\n<li>\u2022\u2060\u00a0 \u206016. Andrea Kimi Antonelli (Mercedes)<\/li>\n<p>&#13;<\/p>\n<li>\u2022\u2060\u00a0 \u206017. Fernando Alonso (Aston Martin)<\/li>\n<p>&#13;<\/p>\n<li>\u2022\u2060\u00a0 \u206018. Carlos Sainz (Williams)<\/li>\n<p>&#13;<\/p>\n<li>\u2022\u2060\u00a0 \u206019. Franco Colapinto (Alpine)<\/li>\n<p>&#13;<\/p>\n<li>\u2022\u2060\u00a0 \u206020. Isack Hadjar (Racing Bulls)<\/li>\n<p>&#13;\n<\/ul>\n<p><strong>Vivez les sports m\u00e9caniques sur myCANAL :<\/strong><\/p>\n","protected":false},"excerpt":{"rendered":"Maxime Ducheminle 27 juillet 2025 Formule 1 : La victoire d&rsquo;Oscar Piastri \u00e0 Spa-Francorchamps, le r\u00e9sum\u00e9 du Grand&hellip;\n","protected":false},"author":2,"featured_media":278163,"comment_status":"","ping_status":"","sticky":false,"template":"","format":"standard","meta":{"footnotes":""},"categories":[1412],"tags":[1451,1452,1453,1454,1455,1011,27,60],"class_list":{"0":"post-278162","1":"post","2":"type-post","3":"status-publish","4":"format-standard","5":"has-post-thumbnail","7":"category-f1","8":"tag-f1","9":"tag-formula-1","10":"tag-formula1","11":"tag-formule-1","12":"tag-formule1","13":"tag-fr","14":"tag-france","15":"tag-sports"},"share_on_mastodon":{"url":"https:\/\/pubeurope.com\/@fr\/114927222363648677","error":""},"_links":{"self":[{"href":"https:\/\/www.europesays.com\/fr\/wp-json\/wp\/v2\/posts\/278162","targetHints":{"allow":["GET"]}}],"collection":[{"href":"https:\/\/www.europesays.com\/fr\/wp-json\/wp\/v2\/posts"}],"about":[{"href":"https:\/\/www.europesays.com\/fr\/wp-json\/wp\/v2\/types\/post"}],"author":[{"embeddable":true,"href":"https:\/\/www.europesays.com\/fr\/wp-json\/wp\/v2\/users\/2"}],"replies":[{"embeddable":true,"href":"https:\/\/www.europesays.com\/fr\/wp-json\/wp\/v2\/comments?post=278162"}],"version-history":[{"count":0,"href":"https:\/\/www.europesays.com\/fr\/wp-json\/wp\/v2\/posts\/278162\/revisions"}],"wp:featuredmedia":[{"embeddable":true,"href":"https:\/\/www.europesays.com\/fr\/wp-json\/wp\/v2\/media\/278163"}],"wp:attachment":[{"href":"https:\/\/www.europesays.com\/fr\/wp-json\/wp\/v2\/media?parent=278162"}],"wp:term":[{"taxonomy":"category","embeddable":true,"href":"https:\/\/www.europesays.com\/fr\/wp-json\/wp\/v2\/categories?post=278162"},{"taxonomy":"post_tag","embeddable":true,"href":"https:\/\/www.europesays.com\/fr\/wp-json\/wp\/v2\/tags?post=278162"}],"curies":[{"name":"wp","href":"https:\/\/api.w.org\/{rel}","templated":true}]}}