{"id":278170,"date":"2025-07-27T21:06:21","date_gmt":"2025-07-27T21:06:21","guid":{"rendered":"https:\/\/www.europesays.com\/fr\/278170\/"},"modified":"2025-07-27T21:06:21","modified_gmt":"2025-07-27T21:06:21","slug":"avec-lexposition-animale-a-vauvert-nicole-bousquet-celebre-le-lien-sacre-entre-les-femmes-et-la-nature","status":"publish","type":"post","link":"https:\/\/www.europesays.com\/fr\/278170\/","title":{"rendered":"Avec l\u2019exposition \u00ab\u00a0Animale\u00a0\u00bb \u00e0 Vauvert, Nicole Bousquet c\u00e9l\u00e8bre le lien sacr\u00e9 entre les femmes et la nature"},"content":{"rendered":"<p>\n                                                                La peintre Nicole Bousquet, qui avait r\u00e9alis\u00e9 l\u2019affiche des ferias en 2023, pr\u00e9sente un dialogue sensible et sensuel entre le sauvage et le f\u00e9minin.\n                            <\/p>\n<p>Depuis toujours, Nicole Bousquet c\u00e9l\u00e8bre dans sa peinture la f\u00e9minit\u00e9. Mais pour l\u2019artiste, la femme n\u2019est qu\u2019une partie de la nature, d\u2019une nature sacr\u00e9e, comme elle le montre avec son exposition estivale \u00e0 l\u2019espace Jean-Jaur\u00e8s de Vauvert.<\/p>\n<p>Il y a quelques ann\u00e9es, l\u2019artiste a commenc\u00e9 \u00e0 peindre des chevaux en libert\u00e9, au brou de noix, exaltant de fa\u00e7on ancestrale la force de la nature. Une toile o\u00f9 elle repr\u00e9sentait la manadi\u00e8re Fanfonne Guillierme l\u2019a pouss\u00e9e vers la Petite Camargue, pour ce projet o\u00f9 elle engage un dialogue sensuel et sensible entre les figures de femmes auxquelles elle a l\u2019habitude de rendre hommage et cet environnement beau et fragile, cet espace de libert\u00e9. Pour Nicole Bousquet, le lien est \u00e9vident, \u00ab\u00a0les femmes comme la nature portent la vie.\u00a0\u00bb<\/p>\n<p>\u00ab\u00a0L\u2019histoire a voulu effacer les femmes, mais la trace reste\u00a0\u00bb<\/p>\n<p>Dans une vid\u00e9o intitul\u00e9e La mer, la m\u00e8re, le propos est encore plus clair. Sur la plage, Nicole Bousquet a l\u2019habitude de filmer son reflet dans l\u2019eau, comme une ombre mouvante dans les vagues, qu\u2019elle m\u00e9lange gr\u00e2ce au montage \u00e0 certaines de ses toiles f\u00e9minines, dans un jeu entre l\u2019intime et la m\u00e9moire.<\/p>\n<p>Nicole Bousquet aime particuli\u00e8rement les paysages de Camargue dans la grisaille, \u00ab\u00a0quand la diff\u00e9rence entre l\u2019eau et le ciel s\u2019efface\u00a0\u00bb. C\u2019est un peu la mani\u00e8re dont elle travaille ses portraits, les effa\u00e7ant en accumulant des couches, parfois plus d\u2019une vingtaine, d\u2019un jus tr\u00e8s liquide pour mieux les faire appara\u00eetre. \u00ab\u00a0L\u2019histoire a voulu effacer les femmes, mais la trace reste\u00a0\u00bb, explique l\u2019artiste, qui r\u00e9v\u00e8le les images \u00e0 la surface de la toile, \u00e0 la mani\u00e8re d\u2019un photographe argentique.<\/p>\n<p>Avec en accrochage en\u00a0diptyques, <a href=\"https:\/\/www.midilibre.fr\/2021\/02\/22\/lartiste-nimoise-nicole-bousquet-je-peins-des-femmes-qui-me-touchent-qui-ont-souvent-des-blessures-9386827.php\" target=\"_self\" rel=\"nofollow noopener\">elle pr\u00e9sente c\u00f4te \u00e0 c\u00f4te des femmes plus ou moins c\u00e9l\u00e8bres<\/a> et des \u00e9vocations de la Camargue, o\u00f9 elle se situe \u00ab\u00a0dans la po\u00e9sie du paysage plus que dans l\u2019\u00e9tude de la faune et de la flore\u00a0\u00bb. Un cheval dans un paysage abstrait\u00a0voisine avec Camille Claudel. Au fil des toiles, on reconna\u00eet la Callas, Romy Schneider, Sarah Bernhardt, Ava Garder montant un cheval de Peralta, mais aussi des taureaux, des poissons, des oiseaux, une sculpture d\u2019Hathor, d\u00e9esse cornue de l\u2019amour, de la beaut\u00e9, de la musique, de la maternit\u00e9 et de la joie, des femmes moins connues comme la r\u00e9sistance Marguerite Delchambre.<\/p>\n<p>Dans ce dialogue avec le sauvage, Nicole Bousquet, <a href=\"https:\/\/www.midilibre.fr\/2023\/02\/07\/nimes-une-affiche-de-la-feria-au-feminin-par-nicole-bousquet-10981215.php\" target=\"_self\" rel=\"nofollow noopener\">qui avait r\u00e9alis\u00e9 l\u2019affiche des ferias de N\u00eemes en 2023<\/a>, propose aussi une nouvelle alliance, acceptant la vuln\u00e9rabilit\u00e9, mais sans jamais oublier\u00a0les mots de la po\u00e9tesse chilienne Teresa Wilms Montt, pr\u00e9sente sur une petite toile, qui sait qu\u2019il est difficile d\u2019\u00eatre une femme mais qui clame aussi\u00a0: \u00ab\u00a0J\u2019ai v\u00e9cu intens\u00e9ment chaque respiration\u00a0et chaque instant de ma vie\u00a0\u00bb.<\/p>\n<p>Jusqu\u2019au 27\u00a0septembre. Mercredi, 9\u00a0h\u00a030-12\u00a0h et 14\u00a0h-18\u00a0h\u00a0: jeudi et vendredi, 14\u00a0h-18\u00a0h\u00a0; samedi, 9\u00a0h\u00a030-12\u00a0h. Espace culturel Jean-Jaur\u00e8s, place Dr-Arnoux, Vauvert. Entr\u00e9e libre.\u00a004\u00a066\u00a088\u00a022\u00a072.<\/p>\n","protected":false},"excerpt":{"rendered":"La peintre Nicole Bousquet, qui avait r\u00e9alis\u00e9 l\u2019affiche des ferias en 2023, pr\u00e9sente un dialogue sensible et sensuel&hellip;\n","protected":false},"author":2,"featured_media":278171,"comment_status":"","ping_status":"","sticky":false,"template":"","format":"standard","meta":{"footnotes":""},"categories":[1358],"tags":[1348,1384,1385,1386,58,59,1011,27],"class_list":{"0":"post-278170","1":"post","2":"type-post","3":"status-publish","4":"format-standard","5":"has-post-thumbnail","7":"category-arts-et-design","8":"tag-arts","9":"tag-arts-and-design","10":"tag-arts-et-design","11":"tag-design","12":"tag-divertissement","13":"tag-entertainment","14":"tag-fr","15":"tag-france"},"share_on_mastodon":{"url":"https:\/\/pubeurope.com\/@fr\/114927238132606605","error":""},"_links":{"self":[{"href":"https:\/\/www.europesays.com\/fr\/wp-json\/wp\/v2\/posts\/278170","targetHints":{"allow":["GET"]}}],"collection":[{"href":"https:\/\/www.europesays.com\/fr\/wp-json\/wp\/v2\/posts"}],"about":[{"href":"https:\/\/www.europesays.com\/fr\/wp-json\/wp\/v2\/types\/post"}],"author":[{"embeddable":true,"href":"https:\/\/www.europesays.com\/fr\/wp-json\/wp\/v2\/users\/2"}],"replies":[{"embeddable":true,"href":"https:\/\/www.europesays.com\/fr\/wp-json\/wp\/v2\/comments?post=278170"}],"version-history":[{"count":0,"href":"https:\/\/www.europesays.com\/fr\/wp-json\/wp\/v2\/posts\/278170\/revisions"}],"wp:featuredmedia":[{"embeddable":true,"href":"https:\/\/www.europesays.com\/fr\/wp-json\/wp\/v2\/media\/278171"}],"wp:attachment":[{"href":"https:\/\/www.europesays.com\/fr\/wp-json\/wp\/v2\/media?parent=278170"}],"wp:term":[{"taxonomy":"category","embeddable":true,"href":"https:\/\/www.europesays.com\/fr\/wp-json\/wp\/v2\/categories?post=278170"},{"taxonomy":"post_tag","embeddable":true,"href":"https:\/\/www.europesays.com\/fr\/wp-json\/wp\/v2\/tags?post=278170"}],"curies":[{"name":"wp","href":"https:\/\/api.w.org\/{rel}","templated":true}]}}