{"id":278174,"date":"2025-07-27T21:08:27","date_gmt":"2025-07-27T21:08:27","guid":{"rendered":"https:\/\/www.europesays.com\/fr\/278174\/"},"modified":"2025-07-27T21:08:27","modified_gmt":"2025-07-27T21:08:27","slug":"elle-est-deconseillee-aux-mineurs-mais-cette-serie-netflix-est-lun-des-succes-du-moment","status":"publish","type":"post","link":"https:\/\/www.europesays.com\/fr\/278174\/","title":{"rendered":"Elle est d\u00e9conseill\u00e9e aux mineurs, mais cette s\u00e9rie Netflix est l\u2019un des succ\u00e8s du moment"},"content":{"rendered":"<p>Ce vendredi 25 juillet, Netflix a d\u00e9voil\u00e9 une nouvelle s\u00e9rie sud-cor\u00e9enne interdite aux moins de 18 ans. En l\u2019espace de 48 heures seulement, elle est parvenue \u00e0 se hisser dans le top 10 des programmes les plus vus du moment. Si vous aimez les thrillers, vous allez adorer.<\/p>\n<p>Il ne lui aura fallu que deux jours pour entrer dans le top 10. Ce dimanche 27 juillet 2025, <a href=\"https:\/\/www.programme-tv.net\/news\/series-tv\/383816-sur-la-gachette-netflix-de-quoi-parle-cette-nouvelle-serie-coreenne-deconseillee-aux-moins-de-18-ans-qui-fait-tristement-echo-a-lactualite\/\" data-api-deeplink=\"teleloisirs:\/\/news\/383816\" target=\"_blank\" rel=\"noopener\">Sur la g\u00e2chette <\/a>est la 6e s\u00e9rie la plus vue du moment sur Netflix. Cette s\u00e9rie sud-cor\u00e9enne d\u00e9conseill\u00e9e aux moins de 18 ans est sortie le vendredi 25 juillet et fait d\u00e9j\u00e0 des heureux. L\u2019intrigue est ambitieuse et permet de se poser des questions profondes sur la soci\u00e9t\u00e9 et sur les rapports humains. Au d\u00e9but de la s\u00e9rie, les spectateurs voient un panneau sur lequel il est \u00e9crit que la Cor\u00e9e du Sud est un pays tr\u00e8s s\u00fbr car les armes \u00e0 feu y sont bannies. Mais quelqu\u2019un semble en avoir d\u00e9cid\u00e9 autrement. Aux quatre coins du pays, des personnages re\u00e7oivent une arme automatique par colis. Que vont-ils d\u00e9cider de faire maintenant qu\u2019ils ont la mort \u00e0 port\u00e9e de main ? C\u2019est \u00e0 partir de cette question que le r\u00e9alisateur Kwon Oh-seung d\u00e9roule toute la s\u00e9rie. Des crimes sont commis et Lee Do, policier, tente de comprendre qui est derri\u00e8re l\u2019envoi des armes, mais aussi ce qui pousse les tueurs \u00e0 passer \u00e0 l\u2019acte.<\/p>\n<p>                        Ces acteurs vus dans Squid Game jouent aussi dans Sur la g\u00e2chette<\/p>\n<p>Dans Sur la g\u00e2chette, Kwon Oh-seung interroge ce qu\u2019il se passerait si les probl\u00e9matiques de classe, la d\u00e9faillance des syst\u00e8mes de justice et les soucis de sant\u00e9 mentale \u00ab\u00a0rencontraient le fait d&rsquo;avoir une arme \u00e0 disposition\u00a0\u00bb, note <a href=\"https:\/\/www.netflix.com\/tudum\/articles\/trigger-release-date-news\" target=\"_blank\" rel=\"noopener\">Netflix<\/a>. Pour faire cela, le r\u00e9alisateur a pu compter sur plusieurs stars cor\u00e9ennes tr\u00e8s connues dans leur pays. Certaines sont aussi reconnues en France. C\u2019est le cas de Kim Joong-hee et Lee Suk, que l\u2019on a pu applaudir dans <a href=\"https:\/\/www.programme-tv.net\/news\/series-tv\/383981-squid-game-toutes-les-questions-auxquelles-la-serie-ne-repond-pas-a-la-fin-de-la-saison-3\/\" data-api-deeplink=\"teleloisirs:\/\/news\/383981\" target=\"_blank\" rel=\"noopener\">Squid Game<\/a>, mais aussi de Gil Hae-yeon, vu dans <a href=\"https:\/\/www.programme-tv.net\/news\/series-tv\/291095-the-silent-sea-netflix-ou-avez-vous-deja-vu-les-acteurs\/\" data-api-deeplink=\"teleloisirs:\/\/news\/291095\" target=\"_blank\" rel=\"noopener\">The Silent Sea<\/a>, aussi sur Netflix.<\/p>\n<p>D\u2019autres s\u00e9ries cor\u00e9ennes arrivent sur Netflix<\/p>\n<p>Apr\u00e8s le succ\u00e8s attendu de la <a href=\"https:\/\/www.programme-tv.net\/news\/series-tv\/382914-exclu-squid-game-saison-3-de-la-pure-haine-gratuite-le-vip-francais-repond-aux-critiques-violentes-des-internautes\/\" data-api-deeplink=\"teleloisirs:\/\/news\/382914\" target=\"_blank\" rel=\"noopener\">saison 3 de Squid Game<\/a>, fin juin, Netflix d\u00e9voile d\u2019autres <a href=\"https:\/\/www.programme-tv.net\/news\/series-tv\/346350-toutes-les-series-coreennes-et-films-coreens-attendus-sur-netflix-en-2025\/\" data-api-deeplink=\"teleloisirs:\/\/news\/346350\" target=\"_blank\" rel=\"noopener\">s\u00e9ries sud-cor\u00e9ennes qui promettent de nous divertir cet \u00e9t\u00e9<\/a>. <a href=\"https:\/\/www.programme-tv.net\/news\/series-tv\/383451-lessai-gagnant-netflix-cest-quoi-cette-nouvelle-serie-coreenne-a-la-ted-lasso\/\" data-api-deeplink=\"teleloisirs:\/\/news\/383451\" target=\"_blank\" rel=\"noopener\">L\u2019essai gagnant<\/a>, qui m\u00eale sport et humour, est sorti au m\u00eame moment que Sur la g\u00e2chette. Le 2 ao\u00fbt prochain, c\u2019est La voie du droit, qui raconte l\u2019histoire d\u2019un avocat tout sauf chaleureux, qui d\u00e9barquera sur la plateforme.<\/p>\n<p>Article \u00e9crit en collaboration avec 6M\u00e9dias<\/p>\n","protected":false},"excerpt":{"rendered":"Ce vendredi 25 juillet, Netflix a d\u00e9voil\u00e9 une nouvelle s\u00e9rie sud-cor\u00e9enne interdite aux moins de 18 ans. En&hellip;\n","protected":false},"author":2,"featured_media":278175,"comment_status":"","ping_status":"","sticky":false,"template":"","format":"standard","meta":{"footnotes":""},"categories":[1356],"tags":[244,58,59,1011,27,127,1722,41755,129,252,1364],"class_list":{"0":"post-278174","1":"post","2":"type-post","3":"status-publish","4":"format-standard","5":"has-post-thumbnail","7":"category-television","8":"tag-commentaire","9":"tag-divertissement","10":"tag-entertainment","11":"tag-fr","12":"tag-france","13":"tag-netflix","14":"tag-pub-streaming-netflix","15":"tag-sur-la-gachette","16":"tag-svod","17":"tag-television","18":"tag-tv"},"share_on_mastodon":{"url":"https:\/\/pubeurope.com\/@fr\/114927246050105611","error":""},"_links":{"self":[{"href":"https:\/\/www.europesays.com\/fr\/wp-json\/wp\/v2\/posts\/278174","targetHints":{"allow":["GET"]}}],"collection":[{"href":"https:\/\/www.europesays.com\/fr\/wp-json\/wp\/v2\/posts"}],"about":[{"href":"https:\/\/www.europesays.com\/fr\/wp-json\/wp\/v2\/types\/post"}],"author":[{"embeddable":true,"href":"https:\/\/www.europesays.com\/fr\/wp-json\/wp\/v2\/users\/2"}],"replies":[{"embeddable":true,"href":"https:\/\/www.europesays.com\/fr\/wp-json\/wp\/v2\/comments?post=278174"}],"version-history":[{"count":0,"href":"https:\/\/www.europesays.com\/fr\/wp-json\/wp\/v2\/posts\/278174\/revisions"}],"wp:featuredmedia":[{"embeddable":true,"href":"https:\/\/www.europesays.com\/fr\/wp-json\/wp\/v2\/media\/278175"}],"wp:attachment":[{"href":"https:\/\/www.europesays.com\/fr\/wp-json\/wp\/v2\/media?parent=278174"}],"wp:term":[{"taxonomy":"category","embeddable":true,"href":"https:\/\/www.europesays.com\/fr\/wp-json\/wp\/v2\/categories?post=278174"},{"taxonomy":"post_tag","embeddable":true,"href":"https:\/\/www.europesays.com\/fr\/wp-json\/wp\/v2\/tags?post=278174"}],"curies":[{"name":"wp","href":"https:\/\/api.w.org\/{rel}","templated":true}]}}