{"id":278182,"date":"2025-07-27T21:13:10","date_gmt":"2025-07-27T21:13:10","guid":{"rendered":"https:\/\/www.europesays.com\/fr\/278182\/"},"modified":"2025-07-27T21:13:10","modified_gmt":"2025-07-27T21:13:10","slug":"amandine-petit-fiancee-miss-france-dit-oui-a-lamour-de-sa-vie-avec-une-demande-inoubliable","status":"publish","type":"post","link":"https:\/\/www.europesays.com\/fr\/278182\/","title":{"rendered":"Amandine Petit fianc\u00e9e : Miss France dit oui \u00e0 \u00ab\u00a0l\u2019amour de sa vie\u00a0\u00bb avec une demande inoubliable"},"content":{"rendered":"<p>      R\u00e9sum\u00e9<\/p>\n<p>Amandine Petit, Miss France 2021, a dit oui en Corse \u00e0 l\u2019amour de sa vie, dans un d\u00e9cor de r\u00eave et une ambiance romantique, partageant ce moment magique et intime avec ses fans sur Instagram.<\/p>\n<p>        Sommaire<\/p>\n<p>La belle histoire d\u2019amour d\u2019Amandine Petit, Miss France 2021, vient d\u2019atteindre un nouveau sommet. Lors <a href=\"https:\/\/www.public.fr\/en-vacances-en-corse-une-photo-de-lea-salame-en-maillot-de-bain-voit-le-jour-sur-la-toile\" rel=\"nofollow noopener\" target=\"_blank\">de vacances idylliques en Corse<\/a>, <strong>la jeune femme a dit \u00ab oui \u00bb<\/strong> \u00e0 l\u2019homme qui fait battre son c\u0153ur, sous un ciel azur et une mer M\u00e9diterran\u00e9e \u00e0 couper le souffle.<\/p>\n<p>Cette annonce a fait fondre ses fans et les amoureux du romantisme, notamment gr\u00e2ce \u00e0 <strong>une vid\u00e9o intime et pleine d\u2019\u00e9motions<\/strong> partag\u00e9e sur son compte Instagram.<\/p>\n<p>Entre paysage de r\u00eave et ambiance feutr\u00e9e, <strong>la demande en mariage d\u2019Amandine Petit<\/strong> restera grav\u00e9e comme l\u2019un des moments les plus touchants et glamour de l\u2019ann\u00e9e.<\/p>\n<p>Un cadre de r\u00eave pour une demande inoubliable<\/p>\n<p>Impossible de r\u00eaver plus parfait que ce d\u00e9cor naturel pour une demande en mariage. <strong>Sur les hauteurs de la Corse<\/strong>, avec <a href=\"https:\/\/www.public.fr\/videos\/passeport-les-plus-belles-iles-de-la-mediterranee\" rel=\"nofollow noopener\" target=\"_blank\">une vue panoramique sur la M\u00e9diterran\u00e9e<\/a>, Amandine et son compagnon ont partag\u00e9 un instant magique.<\/p>\n<p>Une petite table dress\u00e9e avec soin, quelques chandelles pour la lumi\u00e8re tamis\u00e9e, et deux chaises o\u00f9 les futurs fianc\u00e9s se sont install\u00e9s pour profiter du moment. La sc\u00e8ne aurait pu <strong>sortir tout droit d\u2019un film romantique<\/strong>.<\/p>\n<p>Un moment v\u00e9ritablement unique, avec m\u00eame une s\u00e9r\u00e9nade jou\u00e9e en direct par un guitariste pr\u00e9sent sur place, ajoutant une touche musicale et po\u00e9tique \u00e0 <strong>cette soir\u00e9e d\u00e9j\u00e0 m\u00e9morable<\/strong>.<\/p>\n<p>Amandine Petit partage son bonheur avec ses fans<\/p>\n<p>Sur Instagram, Amandine n\u2019a pas cach\u00e9 son bonheur. Dans une vid\u00e9o pleine de douceur, elle montre sa magnifique bague de fian\u00e7ailles tout en affichant fi\u00e8rement l\u2019inscription<strong> \u00ab OUI \ud83e\udd0d \u00e0 l\u2019amour de ma vie \ud83d\udc8d \u00bb<\/strong>. Ce message simple, mais charg\u00e9 d\u2019\u00e9motion, a imm\u00e9diatement conquis ses abonn\u00e9s, qui ont inond\u00e9 la publication de f\u00e9licitations et de c\u0153urs.<\/p>\n<p>La complicit\u00e9 palpable entre les deux tourtereaux, enlac\u00e9s et regardant l\u2019horizon, a fait fondre le c\u0153ur des internautes. Cette annonce marque <strong>un tournant important<\/strong> dans la vie de la jeune femme, qui ajoute une nouvelle page \u00e0 son histoire tr\u00e8s suivie depuis son \u00e9lection en 2021. Une bonne nouvelle en am\u00e8ne toujours une autre, car <a href=\"https:\/\/www.public.fr\/on-a-hate-de-te-rencontrer-amandine-petit-lex-miss-france-annonce-un-heureux-evenement\" rel=\"nofollow noopener\" target=\"_blank\">Amandine Petit avait d\u00e9j\u00e0 annonc\u00e9 il y a quelques semaines <strong>qu&rsquo;elle allait devenir tata.<\/strong><\/a><\/p>\n<p>Entre <strong>charme, romantisme et authenticit\u00e9<\/strong>, la demande en mariage d\u2019Amandine Petit semble parfaite. Nous souhaitons \u00e0 ce couple adorable tout le bonheur du monde pour cette nouvelle aventure qui commence, sous le signe de l\u2019amour et de la complicit\u00e9.<\/p>\n<p>      Mentionn\u00e9s dans cet article<\/p>\n<p>\u00c0 lire aussi<\/p>\n","protected":false},"excerpt":{"rendered":"R\u00e9sum\u00e9 Amandine Petit, Miss France 2021, a dit oui en Corse \u00e0 l\u2019amour de sa vie, dans un&hellip;\n","protected":false},"author":2,"featured_media":278183,"comment_status":"","ping_status":"","sticky":false,"template":"","format":"standard","meta":{"footnotes":""},"categories":[8],"tags":[58,59,1011,27,3034],"class_list":{"0":"post-278182","1":"post","2":"type-post","3":"status-publish","4":"format-standard","5":"has-post-thumbnail","7":"category-divertissement","8":"tag-divertissement","9":"tag-entertainment","10":"tag-fr","11":"tag-france","12":"tag-miss-france"},"share_on_mastodon":{"url":"https:\/\/pubeurope.com\/@fr\/114927265706767157","error":""},"_links":{"self":[{"href":"https:\/\/www.europesays.com\/fr\/wp-json\/wp\/v2\/posts\/278182","targetHints":{"allow":["GET"]}}],"collection":[{"href":"https:\/\/www.europesays.com\/fr\/wp-json\/wp\/v2\/posts"}],"about":[{"href":"https:\/\/www.europesays.com\/fr\/wp-json\/wp\/v2\/types\/post"}],"author":[{"embeddable":true,"href":"https:\/\/www.europesays.com\/fr\/wp-json\/wp\/v2\/users\/2"}],"replies":[{"embeddable":true,"href":"https:\/\/www.europesays.com\/fr\/wp-json\/wp\/v2\/comments?post=278182"}],"version-history":[{"count":0,"href":"https:\/\/www.europesays.com\/fr\/wp-json\/wp\/v2\/posts\/278182\/revisions"}],"wp:featuredmedia":[{"embeddable":true,"href":"https:\/\/www.europesays.com\/fr\/wp-json\/wp\/v2\/media\/278183"}],"wp:attachment":[{"href":"https:\/\/www.europesays.com\/fr\/wp-json\/wp\/v2\/media?parent=278182"}],"wp:term":[{"taxonomy":"category","embeddable":true,"href":"https:\/\/www.europesays.com\/fr\/wp-json\/wp\/v2\/categories?post=278182"},{"taxonomy":"post_tag","embeddable":true,"href":"https:\/\/www.europesays.com\/fr\/wp-json\/wp\/v2\/tags?post=278182"}],"curies":[{"name":"wp","href":"https:\/\/api.w.org\/{rel}","templated":true}]}}