{"id":278184,"date":"2025-07-27T21:14:10","date_gmt":"2025-07-27T21:14:10","guid":{"rendered":"https:\/\/www.europesays.com\/fr\/278184\/"},"modified":"2025-07-27T21:14:10","modified_gmt":"2025-07-27T21:14:10","slug":"le-zevent-2025-aura-lieu-du-4-au-7-septembre-la-programmation-devoilee-avec-mastu-et-joyca-mais-sans-anyme","status":"publish","type":"post","link":"https:\/\/www.europesays.com\/fr\/278184\/","title":{"rendered":"Le ZEvent 2025 aura lieu du 4 au 7 septembre, la programmation d\u00e9voil\u00e9e avec Mastu et Joyca mais sans Anyme"},"content":{"rendered":"<p>Ce dimanche 27 juillet \u00e0 20h, le streamer Zerator a d\u00e9voil\u00e9 les dates et les d\u00e9tails de la nouvelle \u00e9dition de son stream caritatif, le Zevent.<\/p>\n<p>Personne n&rsquo;en doutait, mais une officialisation \u00e9tait n\u00e9anmoins n\u00e9cessaire. Ce dimanche 27 juillet, le streamer Zerator a d\u00e9voil\u00e9 les dates de l&rsquo;\u00e9dition 2025 du ZEvent, son \u00e9v\u00e9nement caritatif qu&rsquo;il organise tous les ans.<\/p>\n<p>Ce sera du 4 au 7 septembre 2025. Zerator en a profit\u00e9 pour d\u00e9voiler les premiers d\u00e9tails de l&rsquo;\u00e9v\u00e9nement, qui r\u00e9unira une nouvelle fois de nombreux autres streamers et youtubeurs venus de tous les horizons, sur place, mais \u00e9galement en ligne.<\/p>\n<p>Des petites nouveaut\u00e9s parmis les streamers invit\u00e9s<\/p>\n<p>Parmi les t\u00eates d&rsquo;affiche, on pourra notamment compter sur Joyca et Mastu. Ils seront aux c\u00f4t\u00e9s de Baghera Jones, Flamby ou encore Domingo et Doigby, Zack Nani et Sylvain Lyve.<\/p>\n<p>Anyme, <a href=\"https:\/\/www.bfmtv.com\/tech\/actualites\/reseaux-sociaux\/chansons-humoristiques-gp-explorer-et-deguisements-loufoques-qui-est-anyme-la-star-montante-de-twitch_AV-202506240357.html\" title=\"Chansons humoristiques, GP Explorer et d\u00e9guisements loufoques: qui est Anyme, la star montante de Twitch?\" class=\"internal_link\" rel=\"nofollow noopener\" target=\"_blank\">nouveau ph\u00e9nom\u00e8ne de Tiktok et de Twitch<\/a>, qui avait un temps <a href=\"https:\/\/www.bfmtv.com\/tech\/youtube\/il-m-a-mis-un-vu-faux-il-ne-m-a-jamais-contacte-conflit-et-querelle-d-egos-entre-les-streamers-zerato-r-et-anyme-a-propos-de-z-event-2025_AV-202507140371.html\" title=\"&quot;Il m&#039;a mis un &#039;vu&#039;&quot;, &quot;faux, il ne m&#039;a jamais contact\u00e9&quot;... Conflit et querelle d&#039;\u00e9gos entre les streamers ZeratoR et Anyme \u00e0 propos de ZEvent 2025\" class=\"internal_link\" rel=\"nofollow noopener\" target=\"_blank\">refus\u00e9 de participer<\/a>, n&rsquo;est pas inscrit, pour l&rsquo;heure, sur la programmation d\u00e9voil\u00e9e par l&rsquo;organisation.<\/p>\n<p>Pour le ZEvent 2025, ce sont les associations Helebor, la Ligue Contre le Cancer, Nightline, un p\u00f4le Enfance ou l&rsquo;Association Fran\u00e7aise des Aidants qui seront repr\u00e9sent\u00e9es.<\/p>\n<p>Pendant trois jours, les spectateurs de l&rsquo;\u00e9v\u00e9nement seront invit\u00e9s \u00e0 r\u00e9aliser des dons. Chaque streamer devrait donc d\u00e9sormais r\u00e9aliser des \u00ab\u00a0goals\u00a0\u00bb, autrement dit des objectifs, qu&rsquo;ils accompliront en fonction des paliers de dons atteints.<\/p>\n<p>IAM et Alonzo en invit\u00e9s surprises<\/p>\n<p>\u00ab\u00a0On a un concert tr\u00e8s sud\u00a0\u00bb, a soulign\u00e9 Zerator lors de son live d&rsquo;annonce. Une soir\u00e9e de concerts, avec notamment le groupe marseillais IAM, Alonzo ou Carbonne est organis\u00e9 en pr\u00e9ambule de cette nouvelle \u00e9dition le 4 septembre au z\u00e9nith sud de Montpellier. La soir\u00e9e sera retransmise en direct sur la cha\u00eene Twitch du streamer.<\/p>\n<p>En 2024, le ZEvent avait r\u00e9ussi \u00e0 r\u00e9colter <a href=\"https:\/\/www.bfmtv.com\/tech\/actualites\/streaming\/z-event-2024-plus-de-10-millions-d-euros-recoltes-pour-des-associations-de-lutte-contre-la-precarite_AV-202409080471.html\" title=\"ZEvent 2024: plus de 10 millions d&#039;euros r\u00e9colt\u00e9s pour des associations de lutte contre la pr\u00e9carit\u00e9\" class=\"internal_link\" rel=\"nofollow noopener\" target=\"_blank\">plus de 10 millions d&rsquo;euros<\/a> pour des associations de lutte contre la pr\u00e9carit\u00e9. L&rsquo;\u00e9v\u00e9nement caritatif est devenu <a href=\"https:\/\/www.bfmtv.com\/tech\/actualites\/streaming\/z-event-speedons-telethon-gaming-pourquoi-twitch-est-la-nouvelle-manne-financiere-des-associations_AN-202409060323.html\" title=\"ZEvent, Speedons, T\u00e9l\u00e9thon Gaming... Pourquoi Twitch est la nouvelle manne financi\u00e8re des associations\" class=\"internal_link\" rel=\"nofollow noopener\" target=\"_blank\">un incontournable de la rentr\u00e9e sur Twitch<\/a>, avec des pics \u00e0 plus d&rsquo;un million de spectateurs sur la plateforme d\u00e9tenue par Amazon.<\/p>\n","protected":false},"excerpt":{"rendered":"Ce dimanche 27 juillet \u00e0 20h, le streamer Zerator a d\u00e9voil\u00e9 les dates et les d\u00e9tails de la&hellip;\n","protected":false},"author":2,"featured_media":278185,"comment_status":"","ping_status":"","sticky":false,"template":"","format":"standard","meta":{"footnotes":""},"categories":[7],"tags":[1011,27,43,40,41,39,42,44],"class_list":{"0":"post-278184","1":"post","2":"type-post","3":"status-publish","4":"format-standard","5":"has-post-thumbnail","7":"category-sciences-et-technologies","8":"tag-fr","9":"tag-france","10":"tag-science","11":"tag-science-and-technology","12":"tag-sciences","13":"tag-sciences-et-technologies","14":"tag-technologies","15":"tag-technology"},"share_on_mastodon":{"url":"https:\/\/pubeurope.com\/@fr\/114927269579947227","error":""},"_links":{"self":[{"href":"https:\/\/www.europesays.com\/fr\/wp-json\/wp\/v2\/posts\/278184","targetHints":{"allow":["GET"]}}],"collection":[{"href":"https:\/\/www.europesays.com\/fr\/wp-json\/wp\/v2\/posts"}],"about":[{"href":"https:\/\/www.europesays.com\/fr\/wp-json\/wp\/v2\/types\/post"}],"author":[{"embeddable":true,"href":"https:\/\/www.europesays.com\/fr\/wp-json\/wp\/v2\/users\/2"}],"replies":[{"embeddable":true,"href":"https:\/\/www.europesays.com\/fr\/wp-json\/wp\/v2\/comments?post=278184"}],"version-history":[{"count":0,"href":"https:\/\/www.europesays.com\/fr\/wp-json\/wp\/v2\/posts\/278184\/revisions"}],"wp:featuredmedia":[{"embeddable":true,"href":"https:\/\/www.europesays.com\/fr\/wp-json\/wp\/v2\/media\/278185"}],"wp:attachment":[{"href":"https:\/\/www.europesays.com\/fr\/wp-json\/wp\/v2\/media?parent=278184"}],"wp:term":[{"taxonomy":"category","embeddable":true,"href":"https:\/\/www.europesays.com\/fr\/wp-json\/wp\/v2\/categories?post=278184"},{"taxonomy":"post_tag","embeddable":true,"href":"https:\/\/www.europesays.com\/fr\/wp-json\/wp\/v2\/tags?post=278184"}],"curies":[{"name":"wp","href":"https:\/\/api.w.org\/{rel}","templated":true}]}}