{"id":278189,"date":"2025-07-27T21:17:27","date_gmt":"2025-07-27T21:17:27","guid":{"rendered":"https:\/\/www.europesays.com\/fr\/278189\/"},"modified":"2025-07-27T21:17:27","modified_gmt":"2025-07-27T21:17:27","slug":"la-petition-contre-la-loi-duplomb-ou-le-principe-de-precaution-vingt-ans-plus-tard","status":"publish","type":"post","link":"https:\/\/www.europesays.com\/fr\/278189\/","title":{"rendered":"\u00abLa p\u00e9tition contre la loi Duplomb ou le principe de pr\u00e9caution vingt ans plus tard\u00bb"},"content":{"rendered":"<p><strong>CHRONIQUE<\/strong>&#8211; Les d\u00e9bats autour de la loi Duplomb, accus\u00e9e d\u2019empoisonner les hommes et l\u2019environnement, illustrent la mani\u00e8re dont le principe de pr\u00e9caution a fa\u00e7onn\u00e9 les mentalit\u00e9s depuis vingt ans.<\/p>\n<p class=\"fig-paragraph\">\u00ab\u00a0La loi Duplomb est une aberration scientifique, \u00e9thique, environnementale et sanitaire. Elle repr\u00e9sente une attaque frontale contre la sant\u00e9 publique, la biodiversit\u00e9, la coh\u00e9rence des politiques climatiques, la s\u00e9curit\u00e9 alimentaire, et le bon sens. (\u2026) Nous sommes ce que nous mangeons, et vous voulez nous faire manger quoi\u00a0? Du poison.\u00a0\u00bb Reconnaissons \u00e0\u00a0<a href=\"http:\/\/www.lefigaro.fr\/politique\/apres-la-petition-quels-scenarios-pour-l-avenir-de-la-loi-duplomb-20250722\" data-fig-type=\"Article\" data-gtm-custom-categorie=\"navigation\" data-gtm-custom-action=\"crossclick\" data-gtm-custom-label=\"Contextuel\" data-gtm-event=\"customEventSPE\" data-fig-domain=\"LEFIGARO\" target=\"_blank\" rel=\"noopener\">la p\u00e9tition contre la loi Duplomb<\/a>\u00a0une certaine qualit\u00e9 de verve. Moins celle de la nuance\u00a0! De nombreux scientifiques ont travaill\u00e9 sur la question de la dangerosit\u00e9 de l\u2019ac\u00e9tamipride, cet insecticide de la famille des n\u00e9onicotino\u00efdes, que la loi propose de r\u00e9introduire en usage agricole dans des conditions bien pr\u00e9cises. Sans entrer dans les d\u00e9bats techniques, leurs conclusions semblent toutes converger vers l\u2019id\u00e9e d\u2019une tr\u00e8s forte probabilit\u00e9 d\u2019absence de danger pour l\u2019homme et d\u2019effets limit\u00e9s sur les abeilles (ce qui n\u2019est pas le cas des autres n\u00e9onicotino\u00efdes).<\/p>\n<p class=\"fig-paragraph\">Les opposants \u00e0 la loi s\u2019engouffrent dans cette part d\u2019incertitude\u2026<\/p>\n<p class=\"fig-premium-paywall__infos\">\n        Cet article est r\u00e9serv\u00e9 aux abonn\u00e9s.        Il vous reste 79% \u00e0 d\u00e9couvrir.\n    <\/p>\n<p>                <img  data- alt=\"Le Figaro\" class=\"fig-img--complete fig-img\"\/><\/p>\n<p class=\"fig-premium-paywall__title\">Vous avez envie de lire la suite ?<\/p>\n<p class=\"fig-premium-paywall__subtitle\">D\u00e9bloquez tous les articles imm\u00e9diatement.<\/p>\n<p class=\"fig-premium-paywall__connect\">\n                D\u00e9j\u00e0 abonn\u00e9\u00a0?                <a class=\"fig-premium-paywall__connect-link\" href=\"https:\/\/connect.lefigaro.fr\/login?client=horizon_web&amp;type=main&amp;redirect_uri=https%3A%2F%2Fwww.lefigaro.fr%2Fconjoncture%2Fanne-de-guigne-la-petition-contre-la-loi-duplomb-ou-le-principe-de-precaution-vingt-ans-plus-tard-20250727\" data-js-gtm=\"{&quot;customCategorie&quot;: &quot;conversion&quot;, &quot;customAction&quot;: &quot;before_Landing_Connexion_paywall_auto&quot;, &quot;customLabel&quot;: &quot;bGVmaWdhcm8uZnJfXzFmMDY2ZGIzLTI1N2YtNjFhMC05NzlkLWY1NmRkM2I2ZGFmNl9fQXJ0aWNsZQ==_Anne de\u00a0Guign\u00e9: \u00abLa p\u00e9tition contre la loi Duplomb ou le principe de pr\u00e9caution vingt ans plus tard\u00bb_54&quot;, &quot;customIDSPE&quot;: &quot;bGVmaWdhcm8uZnJfXzFmMDY2ZGIzLTI1N2YtNjFhMC05NzlkLWY1NmRkM2I2ZGFmNl9fQXJ0aWNsZQ==&quot;, &quot;event&quot;: &quot;customEventSPE&quot;}\" target=\"_blank\" rel=\"noopener\"><br \/>\n                    Connectez-vous<br \/>\n                <\/a>\n            <\/p>\n","protected":false},"excerpt":{"rendered":"CHRONIQUE&#8211; Les d\u00e9bats autour de la loi Duplomb, accus\u00e9e d\u2019empoisonner les hommes et l\u2019environnement, illustrent la mani\u00e8re dont&hellip;\n","protected":false},"author":2,"featured_media":278190,"comment_status":"","ping_status":"","sticky":false,"template":"","format":"standard","meta":{"footnotes":""},"categories":[4],"tags":[11,327,436,1011,27,25756,12,25],"class_list":{"0":"post-278189","1":"post","2":"type-post","3":"status-publish","4":"format-standard","5":"has-post-thumbnail","7":"category-france","8":"tag-actualites","9":"tag-agriculture","10":"tag-environnement","11":"tag-fr","12":"tag-france","13":"tag-neonicotinoides","14":"tag-news","15":"tag-republique-francaise"},"share_on_mastodon":{"url":"https:\/\/pubeurope.com\/@fr\/114927281357812096","error":""},"_links":{"self":[{"href":"https:\/\/www.europesays.com\/fr\/wp-json\/wp\/v2\/posts\/278189","targetHints":{"allow":["GET"]}}],"collection":[{"href":"https:\/\/www.europesays.com\/fr\/wp-json\/wp\/v2\/posts"}],"about":[{"href":"https:\/\/www.europesays.com\/fr\/wp-json\/wp\/v2\/types\/post"}],"author":[{"embeddable":true,"href":"https:\/\/www.europesays.com\/fr\/wp-json\/wp\/v2\/users\/2"}],"replies":[{"embeddable":true,"href":"https:\/\/www.europesays.com\/fr\/wp-json\/wp\/v2\/comments?post=278189"}],"version-history":[{"count":0,"href":"https:\/\/www.europesays.com\/fr\/wp-json\/wp\/v2\/posts\/278189\/revisions"}],"wp:featuredmedia":[{"embeddable":true,"href":"https:\/\/www.europesays.com\/fr\/wp-json\/wp\/v2\/media\/278190"}],"wp:attachment":[{"href":"https:\/\/www.europesays.com\/fr\/wp-json\/wp\/v2\/media?parent=278189"}],"wp:term":[{"taxonomy":"category","embeddable":true,"href":"https:\/\/www.europesays.com\/fr\/wp-json\/wp\/v2\/categories?post=278189"},{"taxonomy":"post_tag","embeddable":true,"href":"https:\/\/www.europesays.com\/fr\/wp-json\/wp\/v2\/tags?post=278189"}],"curies":[{"name":"wp","href":"https:\/\/api.w.org\/{rel}","templated":true}]}}