{"id":27819,"date":"2025-04-15T23:08:09","date_gmt":"2025-04-15T23:08:09","guid":{"rendered":"https:\/\/www.europesays.com\/fr\/27819\/"},"modified":"2025-04-15T23:08:09","modified_gmt":"2025-04-15T23:08:09","slug":"ils-ralent-contre-la-collecte-des-ordures-menageres","status":"publish","type":"post","link":"https:\/\/www.europesays.com\/fr\/27819\/","title":{"rendered":"ils r\u00e2lent contre la collecte des ordures m\u00e9nag\u00e8res"},"content":{"rendered":"<p>Qui ne tente rien, n\u2019a rien\u00a0! Fort de cet adage, le collectif Calme dans la ville, en cours de constitution, a r\u00e9dig\u00e9 un plaidoyer \u00ab\u00a0contre les nuisances sonores li\u00e9es \u00e0 la collecte des ordures m\u00e9nag\u00e8res et au nettoyage des voiries\u00a0\u00bb. Le timing n\u2019est pas mauvais puisque la M\u00e9tropole de Lyon, dont ce sont les comp\u00e9tences, va d\u2019ici peu renouveler son Plan de pr\u00e9vention du bruit dans l\u2019environnement 2025-2029 (lire ci-dessous).<\/p>\n<p>\u00ab\u00a0Et dans ce plan, aucune mention n\u2019est faite de ces nuisances. Elles ne sont pas prises en compte. Pourtant chaque matin, d\u00e8s 4\u00a0h\u00a045, les bacs \u00e0 ordures sont sortis dans les rues de Lyon, suivis du passage des camions d\u00e8s 5\u00a0h\u00a030, r\u00e9veillant syst\u00e9matiquement les riverains, surtout en&#8230;<\/p>\n","protected":false},"excerpt":{"rendered":"Qui ne tente rien, n\u2019a rien\u00a0! Fort de cet adage, le collectif Calme dans la ville, en cours&hellip;\n","protected":false},"author":2,"featured_media":27820,"comment_status":"","ping_status":"","sticky":false,"template":"","format":"standard","meta":{"footnotes":""},"categories":[1889],"tags":[1111,11,2430,2757,436,1777,674,1011,27,2428,2756,12,25,2429,71,104],"class_list":{"0":"post-27819","1":"post","2":"type-post","3":"status-publish","4":"format-standard","5":"has-post-thumbnail","7":"category-lyon","8":"tag-actu","9":"tag-actualites","10":"tag-auvergne-rhone-alpes","11":"tag-edition-lyon-villeurbanne","12":"tag-environnement","13":"tag-eu","14":"tag-europe","15":"tag-fr","16":"tag-france","17":"tag-lyon","18":"tag-lyon-bassin","19":"tag-news","20":"tag-republique-francaise","21":"tag-rhone","22":"tag-sante","23":"tag-societe"},"share_on_mastodon":{"url":"https:\/\/pubeurope.com\/@fr\/114344499879883365","error":""},"_links":{"self":[{"href":"https:\/\/www.europesays.com\/fr\/wp-json\/wp\/v2\/posts\/27819","targetHints":{"allow":["GET"]}}],"collection":[{"href":"https:\/\/www.europesays.com\/fr\/wp-json\/wp\/v2\/posts"}],"about":[{"href":"https:\/\/www.europesays.com\/fr\/wp-json\/wp\/v2\/types\/post"}],"author":[{"embeddable":true,"href":"https:\/\/www.europesays.com\/fr\/wp-json\/wp\/v2\/users\/2"}],"replies":[{"embeddable":true,"href":"https:\/\/www.europesays.com\/fr\/wp-json\/wp\/v2\/comments?post=27819"}],"version-history":[{"count":0,"href":"https:\/\/www.europesays.com\/fr\/wp-json\/wp\/v2\/posts\/27819\/revisions"}],"wp:featuredmedia":[{"embeddable":true,"href":"https:\/\/www.europesays.com\/fr\/wp-json\/wp\/v2\/media\/27820"}],"wp:attachment":[{"href":"https:\/\/www.europesays.com\/fr\/wp-json\/wp\/v2\/media?parent=27819"}],"wp:term":[{"taxonomy":"category","embeddable":true,"href":"https:\/\/www.europesays.com\/fr\/wp-json\/wp\/v2\/categories?post=27819"},{"taxonomy":"post_tag","embeddable":true,"href":"https:\/\/www.europesays.com\/fr\/wp-json\/wp\/v2\/tags?post=27819"}],"curies":[{"name":"wp","href":"https:\/\/api.w.org\/{rel}","templated":true}]}}