{"id":278193,"date":"2025-07-27T21:19:19","date_gmt":"2025-07-27T21:19:19","guid":{"rendered":"https:\/\/www.europesays.com\/fr\/278193\/"},"modified":"2025-07-27T21:19:19","modified_gmt":"2025-07-27T21:19:19","slug":"la-talaudiere-un-ete-de-travaux-au-college-pierre-et-marie-curie-fin-estimee-a-lautomne","status":"publish","type":"post","link":"https:\/\/www.europesays.com\/fr\/278193\/","title":{"rendered":"La Talaudi\u00e8re. Un \u00e9t\u00e9 de travaux au coll\u00e8ge Pierre-et-Marie-Curie\u00a0: fin estim\u00e9e \u00e0 l\u2019automne"},"content":{"rendered":"<p>Le d\u00e9partement de la Loire investit 600\u00a0000\u00a0euros hors taxes cet \u00e9t\u00e9 au coll\u00e8ge Pierre-et-Marie-Curie. Les engins de travaux publics sont d\u00e9j\u00e0 \u00e0 l\u2019\u0153uvre pour la r\u00e9fection des espaces ext\u00e9rieurs. Il s\u2019agit de d\u00e9simperm\u00e9abiliser les sols, de v\u00e9g\u00e9taliser les espaces, mais aussi de cr\u00e9er un terrain de sport, d\u2019installer des bancs et de cr\u00e9er un \u00e9clairage adapt\u00e9 aux saisons. La totalit\u00e9 de ces r\u00e9am\u00e9nagements devrait s\u2019achever \u00e0 l\u2019automne.<\/p>\n","protected":false},"excerpt":{"rendered":"Le d\u00e9partement de la Loire investit 600\u00a0000\u00a0euros hors taxes cet \u00e9t\u00e9 au coll\u00e8ge Pierre-et-Marie-Curie. Les engins de travaux&hellip;\n","protected":false},"author":2,"featured_media":278194,"comment_status":"","ping_status":"","sticky":false,"template":"","format":"standard","meta":{"footnotes":""},"categories":[9653],"tags":[1111,11,2430,3599,7539,1057,1777,674,1011,27,12053,12,25,4001,9664],"class_list":{"0":"post-278193","1":"post","2":"type-post","3":"status-publish","4":"format-standard","5":"has-post-thumbnail","7":"category-saint-etienne","8":"tag-actu","9":"tag-actualites","10":"tag-auvergne-rhone-alpes","11":"tag-college-lycee","12":"tag-edition-loire-sud","13":"tag-education","14":"tag-eu","15":"tag-europe","16":"tag-fr","17":"tag-france","18":"tag-la-talaudiere","19":"tag-news","20":"tag-republique-francaise","21":"tag-saint-etienne","22":"tag-saint-etienne-bassin"},"share_on_mastodon":{"url":"https:\/\/pubeurope.com\/@fr\/114927289315870224","error":""},"_links":{"self":[{"href":"https:\/\/www.europesays.com\/fr\/wp-json\/wp\/v2\/posts\/278193","targetHints":{"allow":["GET"]}}],"collection":[{"href":"https:\/\/www.europesays.com\/fr\/wp-json\/wp\/v2\/posts"}],"about":[{"href":"https:\/\/www.europesays.com\/fr\/wp-json\/wp\/v2\/types\/post"}],"author":[{"embeddable":true,"href":"https:\/\/www.europesays.com\/fr\/wp-json\/wp\/v2\/users\/2"}],"replies":[{"embeddable":true,"href":"https:\/\/www.europesays.com\/fr\/wp-json\/wp\/v2\/comments?post=278193"}],"version-history":[{"count":0,"href":"https:\/\/www.europesays.com\/fr\/wp-json\/wp\/v2\/posts\/278193\/revisions"}],"wp:featuredmedia":[{"embeddable":true,"href":"https:\/\/www.europesays.com\/fr\/wp-json\/wp\/v2\/media\/278194"}],"wp:attachment":[{"href":"https:\/\/www.europesays.com\/fr\/wp-json\/wp\/v2\/media?parent=278193"}],"wp:term":[{"taxonomy":"category","embeddable":true,"href":"https:\/\/www.europesays.com\/fr\/wp-json\/wp\/v2\/categories?post=278193"},{"taxonomy":"post_tag","embeddable":true,"href":"https:\/\/www.europesays.com\/fr\/wp-json\/wp\/v2\/tags?post=278193"}],"curies":[{"name":"wp","href":"https:\/\/api.w.org\/{rel}","templated":true}]}}