{"id":278208,"date":"2025-07-27T21:35:17","date_gmt":"2025-07-27T21:35:17","guid":{"rendered":"https:\/\/www.europesays.com\/fr\/278208\/"},"modified":"2025-07-27T21:35:17","modified_gmt":"2025-07-27T21:35:17","slug":"athletisme-open-de-france-abaroge","status":"publish","type":"post","link":"https:\/\/www.europesays.com\/fr\/278208\/","title":{"rendered":"Athl\u00e9tisme. Open de France : Abaroge"},"content":{"rendered":"<p>\u00c0 eux deux, ils auraient aim\u00e9 faire main basse sur le 5\u00a0000\u00a0m de l\u2019Open de France, samedi en d\u00e9but de soir\u00e9e, sur les bords du Lac L\u00e9man. Un point de c\u00f4t\u00e9 en a d\u00e9cid\u00e9 autrement, ce qui n\u2019emp\u00eache pas Farida Abaroge d\u2019appr\u00e9cier \u00e0 sa juste valeur sa m\u00e9daille d\u2019argent.<\/p>\n<p>\u00ab\u00a0Mine de rien, sur piste, ce sont mes premiers championnats de France.\u00a0\u00bb Et qu\u2019importe si l\u2019on parle de N2, par opposition aux \u00e9lites, le week-end prochain \u00e0 Talence. Pour l\u2019\u00c9thiopienne, ce premier podium au niveau national, en France, est lourd de sens.<\/p>\n<p>Le 26\u00a0juillet, \u00e0 jamais un jour b\u00e9ni<\/p>\n<p>Plus encore en ce 26\u00a0juillet. Un an plus t\u00f4t jour pour jour, quasiment \u00e0 la m\u00eame heure, Farida Abaroge embarquait sur la Seine pour vivre la vibrante c\u00e9r\u00e9monie d\u2019ouverture des Jeux olympiques de Paris-2024, au sein de l\u2019\u00e9quipe olympique des r\u00e9fugi\u00e9s.<\/p>\n<p>Dans le sillage de la Gr\u00e8ce qui ouvre traditionnellement le d\u00e9fil\u00e9 des nations, l\u2019\u00c9thiopienne de l\u2019AS Strasbourg a ouvert un chapitre qui a chang\u00e9 sa vie d\u2019athl\u00e8te. \u00ab\u00a0Un souvenir inoubliable,&#8230;<\/p>\n","protected":false},"excerpt":{"rendered":"\u00c0 eux deux, ils auraient aim\u00e9 faire main basse sur le 5\u00a0000\u00a0m de l\u2019Open de France, samedi en&hellip;\n","protected":false},"author":2,"featured_media":278209,"comment_status":"","ping_status":"","sticky":false,"template":"","format":"standard","meta":{"footnotes":""},"categories":[2820],"tags":[1111,11,4132,1777,674,107,1011,27,775,12,25,517,640],"class_list":{"0":"post-278208","1":"post","2":"type-post","3":"status-publish","4":"format-standard","5":"has-post-thumbnail","7":"category-strasbourg","8":"tag-actu","9":"tag-actualites","10":"tag-athletisme","11":"tag-eu","12":"tag-europe","13":"tag-fil-info","14":"tag-fr","15":"tag-france","16":"tag-grand-est","17":"tag-news","18":"tag-republique-francaise","19":"tag-sport","20":"tag-strasbourg"},"share_on_mastodon":{"url":"https:\/\/pubeurope.com\/@fr\/114927352155372459","error":""},"_links":{"self":[{"href":"https:\/\/www.europesays.com\/fr\/wp-json\/wp\/v2\/posts\/278208","targetHints":{"allow":["GET"]}}],"collection":[{"href":"https:\/\/www.europesays.com\/fr\/wp-json\/wp\/v2\/posts"}],"about":[{"href":"https:\/\/www.europesays.com\/fr\/wp-json\/wp\/v2\/types\/post"}],"author":[{"embeddable":true,"href":"https:\/\/www.europesays.com\/fr\/wp-json\/wp\/v2\/users\/2"}],"replies":[{"embeddable":true,"href":"https:\/\/www.europesays.com\/fr\/wp-json\/wp\/v2\/comments?post=278208"}],"version-history":[{"count":0,"href":"https:\/\/www.europesays.com\/fr\/wp-json\/wp\/v2\/posts\/278208\/revisions"}],"wp:featuredmedia":[{"embeddable":true,"href":"https:\/\/www.europesays.com\/fr\/wp-json\/wp\/v2\/media\/278209"}],"wp:attachment":[{"href":"https:\/\/www.europesays.com\/fr\/wp-json\/wp\/v2\/media?parent=278208"}],"wp:term":[{"taxonomy":"category","embeddable":true,"href":"https:\/\/www.europesays.com\/fr\/wp-json\/wp\/v2\/categories?post=278208"},{"taxonomy":"post_tag","embeddable":true,"href":"https:\/\/www.europesays.com\/fr\/wp-json\/wp\/v2\/tags?post=278208"}],"curies":[{"name":"wp","href":"https:\/\/api.w.org\/{rel}","templated":true}]}}