{"id":278210,"date":"2025-07-27T21:36:16","date_gmt":"2025-07-27T21:36:16","guid":{"rendered":"https:\/\/www.europesays.com\/fr\/278210\/"},"modified":"2025-07-27T21:36:16","modified_gmt":"2025-07-27T21:36:16","slug":"isere-gang-of-pizza-cp-pizza-gemelli-pizza-qui-se-cache-derriere-les-distributeurs-automatiques-de-pizzas","status":"publish","type":"post","link":"https:\/\/www.europesays.com\/fr\/278210\/","title":{"rendered":"Is\u00e8re. Gang of pizza, CP pizza, Gemelli pizza&#8230; Qui se cache derri\u00e8re les distributeurs automatiques de pizzas\u00a0?"},"content":{"rendered":"<p>Sur la place passager, le carton chaud fume aussi d\u00e9licieusement que d\u2019habitude. L\u2019odeur enivrante de la p\u00e2te, avec ses notes levur\u00e9es et toast\u00e9es, embaume la voiture de la m\u00eame fa\u00e7on. Ce parfum r\u00e9confortant fait saliver d\u2019une impatience bien connue. Mais alors, qu\u2019est-ce qui diff\u00e9rencie cette pizza d\u2019une autre\u00a0? Son c\u00f4t\u00e9 margarita 2.0, tr\u00e8s clairement. L\u2019all\u00e9chante bo\u00eete en carton n\u2019a pas \u00e9t\u00e9 remise des mains d\u2019un pizza\u00efolo, garant de la tradition napolitaine, mais par un robot. <a href=\"https:\/\/www.ledauphine.com\/videos\/les-distributeurs-de-pizzas-a-emporter-comment-ca-marche-30uxp3u\" target=\"_blank\" rel=\"noopener\">Un distributeur de pizzas<\/a>, tr\u00e8s exactement, comme on en trouve une vingtaine au bord des routes nord-is\u00e9roises.<\/p>\n<p>Comment \u00e7a se passe derri\u00e8re l\u2019\u00e9cran\u00a0?<\/p>\n<p>Une pizza&#8230;<\/p>\n","protected":false},"excerpt":{"rendered":"Sur la place passager, le carton chaud fume aussi d\u00e9licieusement que d\u2019habitude. L\u2019odeur enivrante de la p\u00e2te, avec&hellip;\n","protected":false},"author":2,"featured_media":278211,"comment_status":"","ping_status":"","sticky":false,"template":"","format":"standard","meta":{"footnotes":""},"categories":[2819],"tags":[1111,11,41763,41761,4406,41760,33,115,116,111,1777,674,107,1011,27,25830,1757,108,41764,12,2401,882,25,41762,25829,25817,106,104,25820,216,25792],"class_list":{"0":"post-278210","1":"post","2":"type-post","3":"status-publish","4":"format-standard","5":"has-post-thumbnail","7":"category-nice","8":"tag-actu","9":"tag-actualites","10":"tag-bizonnes","11":"tag-collines-du-nord-dauphine","12":"tag-commerce-et-services","13":"tag-diemoz","14":"tag-economie","15":"tag-edition-bourgoin-jallieu-nord-dauphine","16":"tag-edition-la-tour-du-pin-nord-dauphine","17":"tag-edition-vienne-roussillon","18":"tag-eu","19":"tag-europe","20":"tag-fil-info","21":"tag-fr","22":"tag-france","23":"tag-grenay","24":"tag-insolite","25":"tag-isere","26":"tag-les-abrets-en-dauphine","27":"tag-news","28":"tag-nice","29":"tag-provence-alpes-cote-dazur","30":"tag-republique-francaise","31":"tag-saint-andre-le-gaz","32":"tag-saint-just-chaleyssin","33":"tag-saint-savin","34":"tag-selection-de-la-redaction-38","35":"tag-societe","36":"tag-valencin","37":"tag-vie-des-entreprises","38":"tag-vignieu"},"share_on_mastodon":{"url":"","error":"Validation failed: Text character limit of 500 exceeded"},"_links":{"self":[{"href":"https:\/\/www.europesays.com\/fr\/wp-json\/wp\/v2\/posts\/278210","targetHints":{"allow":["GET"]}}],"collection":[{"href":"https:\/\/www.europesays.com\/fr\/wp-json\/wp\/v2\/posts"}],"about":[{"href":"https:\/\/www.europesays.com\/fr\/wp-json\/wp\/v2\/types\/post"}],"author":[{"embeddable":true,"href":"https:\/\/www.europesays.com\/fr\/wp-json\/wp\/v2\/users\/2"}],"replies":[{"embeddable":true,"href":"https:\/\/www.europesays.com\/fr\/wp-json\/wp\/v2\/comments?post=278210"}],"version-history":[{"count":0,"href":"https:\/\/www.europesays.com\/fr\/wp-json\/wp\/v2\/posts\/278210\/revisions"}],"wp:featuredmedia":[{"embeddable":true,"href":"https:\/\/www.europesays.com\/fr\/wp-json\/wp\/v2\/media\/278211"}],"wp:attachment":[{"href":"https:\/\/www.europesays.com\/fr\/wp-json\/wp\/v2\/media?parent=278210"}],"wp:term":[{"taxonomy":"category","embeddable":true,"href":"https:\/\/www.europesays.com\/fr\/wp-json\/wp\/v2\/categories?post=278210"},{"taxonomy":"post_tag","embeddable":true,"href":"https:\/\/www.europesays.com\/fr\/wp-json\/wp\/v2\/tags?post=278210"}],"curies":[{"name":"wp","href":"https:\/\/api.w.org\/{rel}","templated":true}]}}