{"id":278214,"date":"2025-07-27T21:38:25","date_gmt":"2025-07-27T21:38:25","guid":{"rendered":"https:\/\/www.europesays.com\/fr\/278214\/"},"modified":"2025-07-27T21:38:25","modified_gmt":"2025-07-27T21:38:25","slug":"en-images-le-show-des-drags-ambiance-la-guinguette-pres-de-nantes","status":"publish","type":"post","link":"https:\/\/www.europesays.com\/fr\/278214\/","title":{"rendered":"EN IMAGES. Le show des drags ambiance la guinguette pr\u00e8s de Nantes"},"content":{"rendered":"<p>Ce samedi 26\u00a0juillet, la guinguette Les Nantais, \u00e0 Saint-Herblain, a re\u00e7u Oly Hart et Brithany Hart, deux figures de la sc\u00e8ne drag.<\/p>\n<p>\t<img decoding=\"async\" src=\"https:\/\/www.europesays.com\/fr\/wp-content\/uploads\/2025\/07\/P35376972D6915238G_px_640_.jpg\" alt=\"photo chantant et dansant, les drags ont propos\u00e9 un spectacle de divertissement.  \u00a9  ouest-france\" width=\"640\" title=\" Chantant et dansant, les drags ont propos\u00e9 un spectacle de divertissement.   Ouest-France \"\/><\/p>\n<p class=\"elmt-legende\"> Chantant et dansant, les drags ont propos\u00e9 un spectacle de divertissement.   Ouest-France <\/p>\n<p>\t<img decoding=\"async\" src=\"https:\/\/www.europesays.com\/fr\/wp-content\/uploads\/2025\/07\/P35376973D6915238G_px_640_.jpg\" alt=\"photo les drags avant le show.  \u00a9  ouest-france\" width=\"640\" title=\" Les drags avant le show.   Ouest-France \"\/><\/p>\n<p class=\"elmt-legende\"> Les drags avant le show.   Ouest-France <\/p>\n<p>Toutes deux, ainsi que les membres de la \u00ab\u00a0Hart Family\u00a0\u00bb, une famille de drag-queens quimp\u00e9roise, ont d\u2019ailleurs fait l\u2019objet d\u2019un documentaire intitul\u00e9 Queens in Finist\u00e8re. Elles ont propos\u00e9 blind test et show une bonne partie de la soir\u00e9e.<\/p>\n<p>\u00a0<\/p>\n","protected":false},"excerpt":{"rendered":"Ce samedi 26\u00a0juillet, la guinguette Les Nantais, \u00e0 Saint-Herblain, a re\u00e7u Oly Hart et Brithany Hart, deux figures&hellip;\n","protected":false},"author":2,"featured_media":278215,"comment_status":"","ping_status":"","sticky":false,"template":"","format":"standard","meta":{"footnotes":""},"categories":[2818],"tags":[1111,11,8894,41765,1777,674,1011,27,5691,4430,766,12,2636,3762,25,3272,9905],"class_list":{"0":"post-278214","1":"post","2":"type-post","3":"status-publish","4":"format-standard","5":"has-post-thumbnail","7":"category-nantes","8":"tag-actu","9":"tag-actualites","10":"tag-ambiance","11":"tag-drags","12":"tag-eu","13":"tag-europe","14":"tag-fr","15":"tag-france","16":"tag-guinguette","17":"tag-images","18":"tag-nantes","19":"tag-news","20":"tag-pays-de-la-loire","21":"tag-pres","22":"tag-republique-francaise","23":"tag-saint-nazaire","24":"tag-show"},"share_on_mastodon":{"url":"https:\/\/pubeurope.com\/@fr\/114927364013897591","error":""},"_links":{"self":[{"href":"https:\/\/www.europesays.com\/fr\/wp-json\/wp\/v2\/posts\/278214","targetHints":{"allow":["GET"]}}],"collection":[{"href":"https:\/\/www.europesays.com\/fr\/wp-json\/wp\/v2\/posts"}],"about":[{"href":"https:\/\/www.europesays.com\/fr\/wp-json\/wp\/v2\/types\/post"}],"author":[{"embeddable":true,"href":"https:\/\/www.europesays.com\/fr\/wp-json\/wp\/v2\/users\/2"}],"replies":[{"embeddable":true,"href":"https:\/\/www.europesays.com\/fr\/wp-json\/wp\/v2\/comments?post=278214"}],"version-history":[{"count":0,"href":"https:\/\/www.europesays.com\/fr\/wp-json\/wp\/v2\/posts\/278214\/revisions"}],"wp:featuredmedia":[{"embeddable":true,"href":"https:\/\/www.europesays.com\/fr\/wp-json\/wp\/v2\/media\/278215"}],"wp:attachment":[{"href":"https:\/\/www.europesays.com\/fr\/wp-json\/wp\/v2\/media?parent=278214"}],"wp:term":[{"taxonomy":"category","embeddable":true,"href":"https:\/\/www.europesays.com\/fr\/wp-json\/wp\/v2\/categories?post=278214"},{"taxonomy":"post_tag","embeddable":true,"href":"https:\/\/www.europesays.com\/fr\/wp-json\/wp\/v2\/tags?post=278214"}],"curies":[{"name":"wp","href":"https:\/\/api.w.org\/{rel}","templated":true}]}}