{"id":278227,"date":"2025-07-27T21:46:11","date_gmt":"2025-07-27T21:46:11","guid":{"rendered":"https:\/\/www.europesays.com\/fr\/278227\/"},"modified":"2025-07-27T21:46:11","modified_gmt":"2025-07-27T21:46:11","slug":"la-tournee-dete-va-faire-vibrer-septemes","status":"publish","type":"post","link":"https:\/\/www.europesays.com\/fr\/278227\/","title":{"rendered":"La Tourn\u00e9e d\u2019\u00e9t\u00e9 va faire vibrer Sept\u00e8mes"},"content":{"rendered":"\n<p>Cette ann\u00e9e encore, la programmation met \u00e0 l\u2019honneur la richesse et l\u2019h\u00e9ritage de la musique marseillaise tout en invitant des artistes vari\u00e9s, capables de s\u00e9duire un large public. Sept\u00e8mes-les-Vallons, commune de plus de 12\u00a0000\u00a0habitants, ne fait pas exception\u00a0: ce 27\u00a0juillet, la rue du Vallon du Maire se transformera en un concert pour trois heures de show gratuit.<\/p>\n<p>Trois artistes,<br \/>trois ambiances festives<\/p>\n<p>Le concert commencera par Juke Box qui participe \u00e0 la tourn\u00e9e pour la premi\u00e8re fois. Le groupe propose un concert participatif o\u00f9 le public choisit les titres jou\u00e9s gr\u00e2ce \u00e0 des QR\u00a0codes distribu\u00e9s avant le show. Une id\u00e9e originale qui prend son origine \u00e0 l\u2019\u00e9poque o\u00f9 on glissait un franc dans un jukebox pour choisir sa chanson. \u00ab\u00a0On s\u2019inspire de cet esprit des ann\u00e9es soixante-dix\u00a0: \u00ab\u00a0faites l\u2019amour et pas la guerre\u00a0\u00bb. On veut donner aux gens, pendant cette heure et demie, l\u2019occasion de sortir de l\u2019actualit\u00e9 pesante pour faire la f\u00eate ensemble\u00a0\u00bb, explique \u00c9ric Navarro, le chanteur du groupe.<\/p>\n<p>\u00c9galement un nouveau venu de la tourn\u00e9e, le groupe Dust, form\u00e9 en 2004. Avec son m\u00e9lange pop-rock et funk, il pr\u00e9voit \u00ab\u00a0des morceaux que les gens appr\u00e9cient et connaissent\u00a0\u00bb, confie S\u00e9bastien Arena, chanteur du groupe.<\/p>\n<p>Enfin, pour conclure la soir\u00e9e, place \u00e0 un habitu\u00e9\u00a0: DJ\u00a0Herbie\u00a0Lite, qui participe \u00e0 la tourn\u00e9e pour la quatri\u00e8me ann\u00e9e. Avec 35\u00a0ans de carri\u00e8re, sa musique disco, house et pop compte maintenir l\u2019\u00e9nergie jusqu\u2019\u00e0 la fin. \u00ab\u00a0Chaque ville est diff\u00e9rente, avec des publics diff\u00e9rents, mais ce que j\u2019aime c\u2019est cette communion durant un concert\u00a0\u00bb, partage-t-il.<\/p>\n","protected":false},"excerpt":{"rendered":"Cette ann\u00e9e encore, la programmation met \u00e0 l\u2019honneur la richesse et l\u2019h\u00e9ritage de la musique marseillaise tout en&hellip;\n","protected":false},"author":2,"featured_media":278228,"comment_status":"","ping_status":"","sticky":false,"template":"","format":"standard","meta":{"footnotes":""},"categories":[2814],"tags":[4405,1111,11,1777,674,1011,27,884,12,882,25],"class_list":{"0":"post-278227","1":"post","2":"type-post","3":"status-publish","4":"format-standard","5":"has-post-thumbnail","7":"category-marseille","8":"tag-weekend","9":"tag-actu","10":"tag-actualites","11":"tag-eu","12":"tag-europe","13":"tag-fr","14":"tag-france","15":"tag-marseille","16":"tag-news","17":"tag-provence-alpes-cote-dazur","18":"tag-republique-francaise"},"share_on_mastodon":{"url":"https:\/\/pubeurope.com\/@fr\/114927395505848190","error":""},"_links":{"self":[{"href":"https:\/\/www.europesays.com\/fr\/wp-json\/wp\/v2\/posts\/278227","targetHints":{"allow":["GET"]}}],"collection":[{"href":"https:\/\/www.europesays.com\/fr\/wp-json\/wp\/v2\/posts"}],"about":[{"href":"https:\/\/www.europesays.com\/fr\/wp-json\/wp\/v2\/types\/post"}],"author":[{"embeddable":true,"href":"https:\/\/www.europesays.com\/fr\/wp-json\/wp\/v2\/users\/2"}],"replies":[{"embeddable":true,"href":"https:\/\/www.europesays.com\/fr\/wp-json\/wp\/v2\/comments?post=278227"}],"version-history":[{"count":0,"href":"https:\/\/www.europesays.com\/fr\/wp-json\/wp\/v2\/posts\/278227\/revisions"}],"wp:featuredmedia":[{"embeddable":true,"href":"https:\/\/www.europesays.com\/fr\/wp-json\/wp\/v2\/media\/278228"}],"wp:attachment":[{"href":"https:\/\/www.europesays.com\/fr\/wp-json\/wp\/v2\/media?parent=278227"}],"wp:term":[{"taxonomy":"category","embeddable":true,"href":"https:\/\/www.europesays.com\/fr\/wp-json\/wp\/v2\/categories?post=278227"},{"taxonomy":"post_tag","embeddable":true,"href":"https:\/\/www.europesays.com\/fr\/wp-json\/wp\/v2\/tags?post=278227"}],"curies":[{"name":"wp","href":"https:\/\/api.w.org\/{rel}","templated":true}]}}