{"id":278229,"date":"2025-07-27T21:47:15","date_gmt":"2025-07-27T21:47:15","guid":{"rendered":"https:\/\/www.europesays.com\/fr\/278229\/"},"modified":"2025-07-27T21:47:15","modified_gmt":"2025-07-27T21:47:15","slug":"sa-maison-confortable-et-ecolo-dans-les-gorges-du-verdon","status":"publish","type":"post","link":"https:\/\/www.europesays.com\/fr\/278229\/","title":{"rendered":"sa maison \u201cconfortable et \u00e9colo\u201d dans les gorges du Verdon"},"content":{"rendered":"<p>                                        <img decoding=\"async\" src=\"https:\/\/www.europesays.com\/fr\/wp-content\/uploads\/2025\/07\/d84089590c4d8a82b020080414ff0e5da337fc53277733b56367addeb402c72a.jpg\" alt=\"GALA - CQFC MAISON DE STARS\" class=\"a11y-hidden\"\/><\/p>\n<p class=\"fig-standfirst\">Ce dimanche 27 juillet, dans une interview exclusive accord\u00e9e \u00e0 Purepeople, Laurent K\u00e9rusor\u00e9, le sympathique acteur de Plus belle la vie, a fait des r\u00e9v\u00e9lations sur son nouveau petit nid douillet, nich\u00e9 au sein des gorges du Verdon.<\/p>\n<p class=\"fig-paragraph\">\u00c0 l\u2019instar de nombreuses c\u00e9l\u00e9brit\u00e9s qui ont\u00a0<a href=\"https:\/\/www.gala.fr\/lifestyle\/audrey-lamy-installee-dans-une-petite-ville-du-sud-de-la-france-et-prete-a-y-rester-il-y-a-tout-ici-20250722\" target=\"_blank\" data-fig-type=\"Article\" rel=\"nofollow noopener\" data-gtm-custom-categorie=\"navigation\" data-gtm-custom-action=\"crossclick\" data-gtm-custom-label=\"Contextuel\" data-gtm-event=\"customEventSPE\" data-fig-domain=\"GALA\">tourn\u00e9 le dos \u00e0 la ville<\/a>\u00a0pour aller s\u2019installer \u00e0 la campagne, Laurent K\u00e9rusor\u00e9 a fait le grand saut, comme il l\u2019a\u00a0<a href=\"https:\/\/www.purepeople.com\/article\/exclu-maisons-de-stars-laurent-kerusore-je-vis-dans-une-maison-sans-chauffage-perdue-dans-les-gorges-du-verdon_a540646\/1\" target=\"_blank\" rel=\"sponsored noopener\" data-gtm-custom-categorie=\"navigation\" data-gtm-custom-action=\"crossclick\" data-gtm-custom-label=\"Contextuel\" data-gtm-event=\"customEventSPE\">confi\u00e9 en exclusivit\u00e9<\/a>\u00a0\u00e0 nos confr\u00e8res de Purepeople ce dimanche 27 juillet. \u00abJe n\u2019ai pas quitt\u00e9 Marseille parce que je n\u2019aimais plus la ville\u00bb, a expliqu\u00e9 le com\u00e9dien\u00a0<a href=\"https:\/\/www.gala.fr\/l_actu\/news_de_stars\/plus-belle-la-vie-un-acteur-pousse-un-coup-de-gueule-face-au-manque-d-opportunites-professionnelles-on-ne-me-propose-rien-20241119\" target=\"_blank\" data-fig-type=\"Article\" rel=\"noopener\" data-gtm-custom-categorie=\"navigation\" data-gtm-custom-action=\"crossclick\" data-gtm-custom-label=\"Contextuel\" data-gtm-event=\"customEventSPE\" data-fig-domain=\"GALA\">\u00e0 la longue carri\u00e8re<\/a>, avant de d\u00e9voiler que ce qu\u2019il avait fui, c\u2019\u00e9tait l\u2019afflux de touristes ind\u00e9licats\u2026 N\u00e9anmoins,\u00a0<a href=\"https:\/\/www.gala.fr\/l_actu\/news_de_stars\/interview-laurent-kerusore-plus-belle-la-vie-jespere-quon-ne-va-pas-me-mettre-au-placard_505993\" target=\"_blank\" data-fig-type=\"Article\" rel=\"noopener\" data-gtm-custom-categorie=\"navigation\" data-gtm-custom-action=\"crossclick\" data-gtm-custom-label=\"Contextuel\" data-gtm-event=\"customEventSPE\" data-fig-domain=\"GALA\">l\u2019acteur r\u00e9cemment revenu<\/a>\u00a0dans Plus belle la vie se r\u00e9jouit de ce changement de vie, dans une maison \u00abpassive, sans chauffage\u00bb qu\u2019il a fait construire \u00e0 son image\u00a0: \u00abC\u2019est confortable et \u00e9colo.\u00bb Un parti pris essentiel pour celui qui explique encore avoir \u00abtoujours \u00e9t\u00e9 \u00e9colo\u00bb, et qui consid\u00e8re que les maisons comme la sienne sont \u00ables maisons d\u2019avenir.\u00bb<\/p>\n<p class=\"fig-paragraph\">Il faut dire que ce que r\u00e9v\u00e8le Laurent K\u00e9rusor\u00e9 donne effectivement envie\u00a0: malgr\u00e9 l\u2019absence de chauffage, la temp\u00e9rature \u00e0 l\u2019int\u00e9rieur de son \u00abrefuge\u00bb se maintient entre 20 et 22 degr\u00e9s, \u00e9t\u00e9 comme hiver. Se fondant dans son environnement, la maison dispose d\u2019une vue de \u00abcarte postale\u00bb que le com\u00e9dien d\u00e9crit comme \u00absublime\u00bb\u00a0: \u00abune colline, un champ avec des \u00e2nes, une rivi\u00e8re juste en face, et la lavande\u2026\u00bb Un paysage bucolique et apaisant qui permet \u00e0 ce grand amoureux des animaux \u2013 et des Legos \u2013 de se ressourcer, tout en offrant un cadre de vie id\u00e9al \u00e0 ses compagnons \u00e0 quatre pattes. De quoi combler celui qui avait \u00e9voqu\u00e9 dans une autre interview \u00e0 Purepeople son \u00ab<a href=\"https:\/\/www.gala.fr\/l_actu\/news_de_stars\/laurent-kerusore-plus-belle-la-vie-celibataire-a-51-ans-son-triste-constat-sur-sa-vie-amoureuse-je-pense-que-c-est-trop-tard-20250725\" target=\"_blank\" data-fig-type=\"Article\" rel=\"noopener\" data-gtm-custom-categorie=\"navigation\" data-gtm-custom-action=\"crossclick\" data-gtm-custom-label=\"Contextuel\" data-gtm-event=\"customEventSPE\" data-fig-domain=\"GALA\">besoin de d\u00e9crocher<\/a> \u00bb du travail, qui se trouve d\u00e9sormais \u00e0 pr\u00e8s de 100 kilom\u00e8tres de son domicile.<\/p>\n<p>    <a href=\"#slideshow-header\"><\/p>\n<p class=\"fig-slideshow__title\">\n                    PHOTOS &#8211; Sophie Marceau, Julien Dor\u00e9, Jenifer&#8230; Ils ont quitt\u00e9 Paris\n                <\/p>\n<p>    <\/a><\/p>\n<p>                                    <a class=\"fig-a11y-skip a11y-hidden\" href=\"#fig-a11y-skip-main-inarticle\"><br \/>\n        Passer la publicit\u00e9<br \/>\n    <\/a><\/p>\n<p>Les gorges du Verdon en t\u00eate d\u2019un classement, d\u00e9couvrez lequel<\/p>\n<p class=\"fig-paragraph\">Si tous ne r\u00eavent pas forc\u00e9ment de s\u2019y installer, nombreux sont ceux qui partagent l\u2019enthousiasme de Laurent K\u00e9rusor\u00e9 pour les gorges du Verdon, comme l\u2019animatrice Faustine Bollaert, qui avait ador\u00e9 y\u00a0<a href=\"https:\/\/www.gala.fr\/lifestyle\/faustine-bollaert-son-coup-de-coeur-pour-cet-hotel-des-gorges-du-verdon-une-adresse-un-peu-secrete_549127\" target=\"_blank\" data-fig-type=\"Article\" rel=\"noopener\" data-gtm-custom-categorie=\"navigation\" data-gtm-custom-action=\"crossclick\" data-gtm-custom-label=\"Contextuel\" data-gtm-event=\"customEventSPE\" data-fig-domain=\"GALA\">passer des vacances<\/a>. \u00c0 vrai dire, cette destination est m\u00eame en t\u00eate d\u2019un classement loin d\u2019\u00eatre anodin\u00a0: celui des sites naturels fran\u00e7ais les plus recherch\u00e9s sur le web\u00a0! Loin devant la plus haute dune d\u2019Europe \u2013 la dune du Pilat \u2013, le spectaculaire gouffre de Padirac et le c\u00e9l\u00e8bre Mont-Blanc, le plus grand canyon d\u2019Europe attire des visiteurs venus du monde entier, s\u00e9duits par ses dimensions impressionnantes, les nombreuses activit\u00e9s qui y sont propos\u00e9es et le charme de la Provence. Pas de quoi venir perturber la tranquillit\u00e9 de Laurent K\u00e9rusor\u00e9 pour autant, cela dit, tant le site est immense.<\/p>\n<p class=\"fig-paragraph\">Article \u00e9crit avec la collaboration de 6M\u00e9dias<\/p>\n","protected":false},"excerpt":{"rendered":"Ce dimanche 27 juillet, dans une interview exclusive accord\u00e9e \u00e0 Purepeople, Laurent K\u00e9rusor\u00e9, le sympathique acteur de Plus&hellip;\n","protected":false},"author":2,"featured_media":278230,"comment_status":"","ping_status":"","sticky":false,"template":"","format":"standard","meta":{"footnotes":""},"categories":[2814],"tags":[1111,11,4983,3226,1777,674,1011,27,7761,41766,884,12,882,25],"class_list":{"0":"post-278229","1":"post","2":"type-post","3":"status-publish","4":"format-standard","5":"has-post-thumbnail","7":"category-marseille","8":"tag-actu","9":"tag-actualites","10":"tag-bien-etre","11":"tag-campagne","12":"tag-eu","13":"tag-europe","14":"tag-fr","15":"tag-france","16":"tag-laurent-kerusore","17":"tag-maison-de-stars","18":"tag-marseille","19":"tag-news","20":"tag-provence-alpes-cote-dazur","21":"tag-republique-francaise"},"share_on_mastodon":{"url":"https:\/\/pubeurope.com\/@fr\/114927399339794827","error":""},"_links":{"self":[{"href":"https:\/\/www.europesays.com\/fr\/wp-json\/wp\/v2\/posts\/278229","targetHints":{"allow":["GET"]}}],"collection":[{"href":"https:\/\/www.europesays.com\/fr\/wp-json\/wp\/v2\/posts"}],"about":[{"href":"https:\/\/www.europesays.com\/fr\/wp-json\/wp\/v2\/types\/post"}],"author":[{"embeddable":true,"href":"https:\/\/www.europesays.com\/fr\/wp-json\/wp\/v2\/users\/2"}],"replies":[{"embeddable":true,"href":"https:\/\/www.europesays.com\/fr\/wp-json\/wp\/v2\/comments?post=278229"}],"version-history":[{"count":0,"href":"https:\/\/www.europesays.com\/fr\/wp-json\/wp\/v2\/posts\/278229\/revisions"}],"wp:featuredmedia":[{"embeddable":true,"href":"https:\/\/www.europesays.com\/fr\/wp-json\/wp\/v2\/media\/278230"}],"wp:attachment":[{"href":"https:\/\/www.europesays.com\/fr\/wp-json\/wp\/v2\/media?parent=278229"}],"wp:term":[{"taxonomy":"category","embeddable":true,"href":"https:\/\/www.europesays.com\/fr\/wp-json\/wp\/v2\/categories?post=278229"},{"taxonomy":"post_tag","embeddable":true,"href":"https:\/\/www.europesays.com\/fr\/wp-json\/wp\/v2\/tags?post=278229"}],"curies":[{"name":"wp","href":"https:\/\/api.w.org\/{rel}","templated":true}]}}