{"id":278233,"date":"2025-07-27T21:50:10","date_gmt":"2025-07-27T21:50:10","guid":{"rendered":"https:\/\/www.europesays.com\/fr\/278233\/"},"modified":"2025-07-27T21:50:10","modified_gmt":"2025-07-27T21:50:10","slug":"quelles-perturbations-prevoir-pour-la-ratp-et-la-sncf-cette-semaine-27","status":"publish","type":"post","link":"https:\/\/www.europesays.com\/fr\/278233\/","title":{"rendered":"Quelles perturbations pr\u00e9voir pour la RATP et la SNCF cette semaine ?"},"content":{"rendered":"<p><strong>TRANSPORTS &#8211; Du 28 juillet au 3 ao\u00fbt, les lignes parisiennes et franciliennes conna\u00eetront plusieurs changements<\/strong><\/p>\n<p>Comme chaque semaine, plusieurs perturbations sont \u00e0 pr\u00e9voir dans les transports parisiens et franciliens. Du 28 juillet au 3 ao\u00fbt 2025, les transports en commun seront perturb\u00e9s sur certaines lignes. Faisons le point afin de mieux appr\u00e9hender vos d\u00e9placements dans la capitale. Ces changements concernent aussi bien la SNCF que <a href=\"https:\/\/www.20minutes.fr\/dossier\/ratp?at_medium=RSS%20feed&amp;at_campaign=ynews&amp;utm_source=yahoo&amp;utm_medium=rss&amp;utm_campaign=news_feed&amp;utm_content=in_article_link\" rel=\"nofollow noopener\" target=\"_blank\" data-ylk=\"slk:RATP;elm:context_link;itc:0;sec:content-canvas\" class=\"link \">RATP<\/a> (M\u00e9tro, RER, Transilien, tramway, etc.).<\/p>\n<p>Les perturbations dans les transports parisiens et franciliens du 28 juillet au 3 ao\u00fbtM\u00e9tro<\/p>\n<ul class=\"caas-list caas-list-bullet\">\n<li>\n<p>Ligne 3 : jusqu\u2019au 3 ao\u00fbt, le trafic sera interrompu entre Op\u00e9ra et Gallieni (travaux). Des bus seront mis en place entre R\u00e9publique et Gallieni.<\/p>\n<\/li>\n<li>\n<p>Ligne 6 : jusqu\u2019au 28 septembre, l\u2019arr\u00eat ne sera pas desservi \u00e0 Cambronne (travaux).<\/p>\n<\/li>\n<li>\n<p>Ligne 12 : du 28 juillet au 7 ao\u00fbt, le trafic sera interrompu entre Montparnasse Bienvenue et Mairie d\u2019Issy (travaux). Des bus seront mis en place.<\/p>\n<\/li>\n<li>\n<p>Ligne 13 : jusqu\u2019au 31 ao\u00fbt, les acc\u00e8s aux stations Gabriel P\u00e9ri et Pernety seront ferm\u00e9s (travaux).<\/p>\n<\/li>\n<\/ul>\n<p>RER<\/p>\n<ul class=\"caas-list caas-list-bullet\">\n<li>\n<p>RER B : la gare de Saint-Michel \u2013 Notre Dame sur le RER C, sera ferm\u00e9e jusqu\u2019au 23 ao\u00fbt inclus (travaux). Jusqu\u2019au 31 juillet, du lundi au vendredi \u00e0 partir de 22h45, le trafic sera interrompu entre Gare du Nord et A\u00e9roport Charles de Gaulle 2\u2013TGV et Mitry\u2013Claye (travaux). Voyageurs du <a href=\"https:\/\/www.20minutes.fr\/dossier\/rer_b?at_medium=RSS%20feed&amp;at_campaign=ynews&amp;utm_source=yahoo&amp;utm_medium=rss&amp;utm_campaign=news_feed&amp;utm_content=in_article_link\" rel=\"nofollow noopener\" target=\"_blank\" data-ylk=\"slk:RER B;elm:context_link;itc:0;sec:content-canvas\" class=\"link \">RER B<\/a>, jusqu\u2019au 27 ao\u00fbt inclus\u200b\u200b, le trafic sera interrompu entre Massy\u2013Palaiseau et La Croix de Berny (travaux). Du 1er au 12 ao\u00fbt, en semaine, d\u00e8s 22h45, le trafic sera interrompu entre Denfert-Rochereau et A\u00e9roport CDG2 et Mitry-Claye (travaux).<\/p>\n<\/li>\n<\/ul>\n<p>RER C :(&#8230;)<\/p>\n<p><a href=\"https:\/\/www.20minutes.fr\/paris\/4165497-20250727-paris-ile-france-perturbations-prevoir-ratp-sncf-semaine?at_medium=RSS%20feed&amp;at_campaign=ynews&amp;utm_source=yahoo&amp;utm_medium=rss&amp;utm_campaign=news_feed&amp;utm_content=read_more_link\" rel=\"nofollow noopener\" target=\"_blank\" data-ylk=\"slk:Lire la suite sur 20minutes;elm:context_link;itc:0;sec:content-canvas\" class=\"link \">Lire la suite sur 20minutes<\/a><\/p>\n<p>\u00c0 lire aussi :<br \/><a href=\"https:\/\/www.20minutes.fr\/economie\/4161305-20250701-transport-velvet-concurrent-ambitieux-sncf-france?at_medium=RSS%20feed&amp;at_campaign=ynews&amp;utm_source=yahoo&amp;utm_medium=rss&amp;utm_campaign=news_feed&amp;utm_content=related_content_link\" rel=\"nofollow noopener\" target=\"_blank\" data-ylk=\"slk:Transport : Qui est Velvet, ce concurrent ambitieux de la SNCF en France ?;elm:context_link;itc:0;sec:content-canvas\" class=\"link \">Transport : Qui est Velvet, ce concurrent ambitieux de la SNCF en France ?<\/a><br \/><a href=\"https:\/\/www.20minutes.fr\/societe\/4161556-20250702-clim-tgv-chat-voyageuse-failli-mourir-coup-chaleur?at_medium=RSS%20feed&amp;at_campaign=ynews&amp;utm_source=yahoo&amp;utm_medium=rss&amp;utm_campaign=news_feed&amp;utm_content=related_content_link\" rel=\"nofollow noopener\" target=\"_blank\" data-ylk=\"slk:Pas de clim dans le TGV, le chat d\u2019une voyageuse a failli mourir d\u2019un coup de chaleur;elm:context_link;itc:0;sec:content-canvas\" class=\"link \">Pas de clim dans le TGV, le chat d\u2019une voyageuse a failli mourir d\u2019un coup de chaleur<\/a><\/p>\n","protected":false},"excerpt":{"rendered":"TRANSPORTS &#8211; Du 28 juillet au 3 ao\u00fbt, les lignes parisiennes et franciliennes conna\u00eetront plusieurs changements Comme chaque&hellip;\n","protected":false},"author":2,"featured_media":278234,"comment_status":"","ping_status":"","sticky":false,"template":"","format":"standard","meta":{"footnotes":""},"categories":[1592],"tags":[1111,11,1777,674,1011,27,662,12,626,25,12396,15375],"class_list":{"0":"post-278233","1":"post","2":"type-post","3":"status-publish","4":"format-standard","5":"has-post-thumbnail","7":"category-ile-de-france","8":"tag-actu","9":"tag-actualites","10":"tag-eu","11":"tag-europe","12":"tag-fr","13":"tag-france","14":"tag-ile-de-france","15":"tag-news","16":"tag-paris","17":"tag-republique-francaise","18":"tag-rer","19":"tag-transports-parisiens"},"share_on_mastodon":{"url":"https:\/\/pubeurope.com\/@fr\/114927411128033126","error":""},"_links":{"self":[{"href":"https:\/\/www.europesays.com\/fr\/wp-json\/wp\/v2\/posts\/278233","targetHints":{"allow":["GET"]}}],"collection":[{"href":"https:\/\/www.europesays.com\/fr\/wp-json\/wp\/v2\/posts"}],"about":[{"href":"https:\/\/www.europesays.com\/fr\/wp-json\/wp\/v2\/types\/post"}],"author":[{"embeddable":true,"href":"https:\/\/www.europesays.com\/fr\/wp-json\/wp\/v2\/users\/2"}],"replies":[{"embeddable":true,"href":"https:\/\/www.europesays.com\/fr\/wp-json\/wp\/v2\/comments?post=278233"}],"version-history":[{"count":0,"href":"https:\/\/www.europesays.com\/fr\/wp-json\/wp\/v2\/posts\/278233\/revisions"}],"wp:featuredmedia":[{"embeddable":true,"href":"https:\/\/www.europesays.com\/fr\/wp-json\/wp\/v2\/media\/278234"}],"wp:attachment":[{"href":"https:\/\/www.europesays.com\/fr\/wp-json\/wp\/v2\/media?parent=278233"}],"wp:term":[{"taxonomy":"category","embeddable":true,"href":"https:\/\/www.europesays.com\/fr\/wp-json\/wp\/v2\/categories?post=278233"},{"taxonomy":"post_tag","embeddable":true,"href":"https:\/\/www.europesays.com\/fr\/wp-json\/wp\/v2\/tags?post=278233"}],"curies":[{"name":"wp","href":"https:\/\/api.w.org\/{rel}","templated":true}]}}