{"id":278235,"date":"2025-07-27T21:51:11","date_gmt":"2025-07-27T21:51:11","guid":{"rendered":"https:\/\/www.europesays.com\/fr\/278235\/"},"modified":"2025-07-27T21:51:11","modified_gmt":"2025-07-27T21:51:11","slug":"municipales-en-ile-de-france-referendum-a-nantes-legislatives-partielles-a-venir-apres-paris-ces-autres-sujets-au-menu-des-investitures-lr-lundi","status":"publish","type":"post","link":"https:\/\/www.europesays.com\/fr\/278235\/","title":{"rendered":"Municipales en \u00cele-de-France, r\u00e9f\u00e9rendum \u00e0 Nantes, l\u00e9gislatives partielles \u00e0 venir&#8230; Apr\u00e8s Paris, ces autres sujets au menu des investitures LR lundi"},"content":{"rendered":"<p>Au-del\u00e0 des cas sp\u00e9cifiques de Michel Barnier et Rachida Dati dans la capitale, les membres de la CNI des R\u00e9publicains devront statuer sur une quarantaine d\u2019autres situations pour aborder les prochains scrutins en position de force.<\/p>\n<p class=\"fig-paragraph\">La r\u00e9union de la commission nationale d\u2019investiture (CNI) des R\u00e9publicains (LR), pr\u00e9vue lundi apr\u00e8s-midi \u00e0 Paris, ne se limitera pas \u00e0 l\u2019examen de\u00a0<a href=\"http:\/\/www.lefigaro.fr\/politique\/en-finir-avec-ce-joyeux-bordel-reunion-de-la-derniere-chance-entre-retailleau-dati-et-barnier-en-vue-d-un-deal-pour-la-legislative-partielle-20250725\" data-fig-type=\"NewsFlash\" data-gtm-custom-categorie=\"navigation\" data-gtm-custom-action=\"crossclick\" data-gtm-custom-label=\"Contextuel\" data-gtm-event=\"customEventSPE\" data-fig-domain=\"LEFIGARO\" target=\"_blank\" rel=\"noopener\">la candidature de Michel Barnier dans la 2e circonscription la capitale, ni aux ambitions locales de Rachida Dati<\/a>\u00a0pour les municipales. Si une invitation a \u00e9t\u00e9 adress\u00e9e aux 99 \u00e9lus membres de la CNI, dont la moiti\u00e9 d\u2019entre eux devraient \u00eatre pr\u00e9sents lundi \u00e0 17 heures, c\u2019est aussi pour aborder un ordre du jour bien rempli, essentiellement consacr\u00e9 aux municipales en \u00cele-de-France. La s\u00e9ance de travail doit se d\u00e9rouler en deux temps dans une salle lou\u00e9e sp\u00e9cialement pour l\u2019occasion, dans le 15e arrondissement, sachant qu\u2019aucun vote ne sera possible par procuration.<\/p>\n<p>R\u00e9f\u00e9rendum nantais<\/p>\n<p class=\"fig-paragraph\">Dans une premi\u00e8re partie, la pr\u00e9sidente de la CNI\u00a0<a href=\"https:\/\/avis-vin.lefigaro.fr\/economie-du-vin\/une-lente-descente-aux-enfers-la-ministre-de-l-agriculture-annie-genevard-au-chevet-des-caves-cooperatives-20250703\" target=\"_blank\" data-fig-type=\"NewsFlash\" rel=\"sponsored noopener\" data-gtm-custom-categorie=\"navigation\" data-gtm-custom-action=\"crossclick\" data-gtm-custom-label=\"Contextuel\" data-gtm-event=\"customEventSPE\" data-fig-domain=\"AVIS_VIN\">Annie Genevard<\/a>, ses deux vice-pr\u00e9sidents que sont le s\u00e9nateur des Hauts-de-Seine Roger Karoutchi et le d\u00e9put\u00e9 du Bas-Rhin Patrick Hetzel, ainsi que tous les autres membres pr\u00e9sents, se pencheront sur une quarantaine d\u2019investitures concernant des communes franciliennes de plus de 30.000 habitants, dans les Hauts-de-Seine, l\u2019Essonne, et la Seine-Saint-Denis, mais aussi la Loire-Atlantique. Pour ce dernier territoire, qui concerne Nantes, l\u2019instance LR a \u00e9t\u00e9 saisie d\u2019une demande de r\u00e9f\u00e9rendum. Il s\u2019agit de permettre aux adh\u00e9rents locaux de choisir une t\u00eate de liste entre Julien Bainvel et Foulques Chombart de Lauwe. Si la CNI y r\u00e9pond favorablement lundi, les LR voteront probablement cet automne.<\/p>\n<p>                                    <a class=\"fig-a11y-skip a11y-hidden\" href=\"#fig-a11y-skip-main-inarticle\"><br \/>\n        Passer la publicit\u00e9<br \/>\n    <\/a><\/p>\n<p class=\"fig-paragraph\">Lors de la deuxi\u00e8me partie de la r\u00e9union, il s\u2019agira de d\u00e9terminer les candidats pour trois l\u00e9gislatives partielles \u00e0 venir\u00a0: l\u2019une dans la 2e circonscription de Paris, avec la candidature de Michel Barnier ; une autre \u00e0 Montauban, suite \u00e0 l\u2019invalidation de la ciottiste Brigitte Bar\u00e8ges (UDR) ; et une derni\u00e8re pour les Fran\u00e7ais de l\u2019\u00e9tranger, en l\u2019occurrence expatri\u00e9s en Espagne, au Portugal et \u00e0 Monaco. D\u00e8s mi-septembre et jusqu\u2019au mois d\u2019octobre, pr\u00e8s de quatre nouvelles CNI sont envisag\u00e9es, sans compter une derni\u00e8re s\u00e9ance \u00abbalai\u00bb en d\u00e9cembre pour traiter les derni\u00e8res candidatures les plus tardives, souvent r\u00e9serv\u00e9es \u00e0 des sortants pr\u00e9f\u00e9rant attendre la fin de l\u2019ann\u00e9e pour lancer leur campagne.<\/p>\n<p>PLM dans le viseur<\/p>\n<p class=\"fig-paragraph\">Pour les municipales \u00e0 Paris, les LR seront tr\u00e8s attentifs \u00e0 la d\u00e9cision du Conseil constitutionnel concernant la loi dite \u00abPLM\u00bb, attendue d\u00e9but septembre. Ils estiment que les points soulev\u00e9s dans leur saisine seront suffisamment solides pour annuler la r\u00e9forme du mode de scrutin \u00e0 Paris, Lyon et Marseille, emp\u00eachant ainsi l\u2019activation d\u2019une nouvelle fa\u00e7on d\u2019\u00e9lire son maire dans les trois plus grandes villes de France. \u00abQuand la loi sera confirm\u00e9e ou infirm\u00e9e, il sera plus facile d\u2019avancer sur Paris\u00bb, pr\u00e9cise un cadre LR, en appelant les troupes \u00e0 rester \u00abvigilantes\u00bb car les comptes de campagnes devront \u00eatre pr\u00eats d\u00e8s le 1er septembre.<\/p>\n<p class=\"fig-paragraph\">Le vice-pr\u00e9sident de la CNI Roger Karoutchi affiche un certain optimisme en vue des prochains scrutins mais il invite les siens \u00e0 ne pas baisser la garde. \u00abGr\u00e2ce au succ\u00e8s du ministre Retailleau et \u00e0 la popularit\u00e9 de Bruno, nos candidats seront soit en d\u00e9fense plut\u00f4t positive, soit en conqu\u00eate. On voit que les choses bougent sur le terrain et donc, on esp\u00e8re la vague bleue. Mais la vague bleue, \u00e7a s\u2019entretient, \u00e7a s\u2019organise et \u00e7a se soutient. Croire que l\u2019on va gagner parce que Bruno Retailleau est au firmament, n\u2019est pas si simple\u00a0!\u00bb, met en garde le s\u00e9nateur LR. Avec l\u2019exp\u00e9rience de celui qui a connu les heures les plus glorieuses de la droite, mais aussi les plus difficiles.<\/p>\n","protected":false},"excerpt":{"rendered":"Au-del\u00e0 des cas sp\u00e9cifiques de Michel Barnier et Rachida Dati dans la capitale, les membres de la CNI&hellip;\n","protected":false},"author":2,"featured_media":278236,"comment_status":"","ping_status":"","sticky":false,"template":"","format":"standard","meta":{"footnotes":""},"categories":[1592],"tags":[1111,11,6592,4188,1777,674,1011,27,662,6319,12,626,25],"class_list":{"0":"post-278235","1":"post","2":"type-post","3":"status-publish","4":"format-standard","5":"has-post-thumbnail","7":"category-ile-de-france","8":"tag-actu","9":"tag-actualites","10":"tag-droite","11":"tag-elections-municipales","12":"tag-eu","13":"tag-europe","14":"tag-fr","15":"tag-france","16":"tag-ile-de-france","17":"tag-les-republicains","18":"tag-news","19":"tag-paris","20":"tag-republique-francaise"},"share_on_mastodon":{"url":"https:\/\/pubeurope.com\/@fr\/114927415028449365","error":""},"_links":{"self":[{"href":"https:\/\/www.europesays.com\/fr\/wp-json\/wp\/v2\/posts\/278235","targetHints":{"allow":["GET"]}}],"collection":[{"href":"https:\/\/www.europesays.com\/fr\/wp-json\/wp\/v2\/posts"}],"about":[{"href":"https:\/\/www.europesays.com\/fr\/wp-json\/wp\/v2\/types\/post"}],"author":[{"embeddable":true,"href":"https:\/\/www.europesays.com\/fr\/wp-json\/wp\/v2\/users\/2"}],"replies":[{"embeddable":true,"href":"https:\/\/www.europesays.com\/fr\/wp-json\/wp\/v2\/comments?post=278235"}],"version-history":[{"count":0,"href":"https:\/\/www.europesays.com\/fr\/wp-json\/wp\/v2\/posts\/278235\/revisions"}],"wp:featuredmedia":[{"embeddable":true,"href":"https:\/\/www.europesays.com\/fr\/wp-json\/wp\/v2\/media\/278236"}],"wp:attachment":[{"href":"https:\/\/www.europesays.com\/fr\/wp-json\/wp\/v2\/media?parent=278235"}],"wp:term":[{"taxonomy":"category","embeddable":true,"href":"https:\/\/www.europesays.com\/fr\/wp-json\/wp\/v2\/categories?post=278235"},{"taxonomy":"post_tag","embeddable":true,"href":"https:\/\/www.europesays.com\/fr\/wp-json\/wp\/v2\/tags?post=278235"}],"curies":[{"name":"wp","href":"https:\/\/api.w.org\/{rel}","templated":true}]}}