{"id":278237,"date":"2025-07-27T21:52:13","date_gmt":"2025-07-27T21:52:13","guid":{"rendered":"https:\/\/www.europesays.com\/fr\/278237\/"},"modified":"2025-07-27T21:52:13","modified_gmt":"2025-07-27T21:52:13","slug":"un-migrant-tue-par-balles-dans-un-camp-a-loon-plage-pres-de-dunkerque","status":"publish","type":"post","link":"https:\/\/www.europesays.com\/fr\/278237\/","title":{"rendered":"Un migrant tu\u00e9 par balles dans un camp \u00e0 Loon-Plage, pr\u00e8s de Dunkerque"},"content":{"rendered":"<p class=\"paragraph text_align_left lp-f-body-02\">Un migrant a \u00e9t\u00e9 tu\u00e9 par balles dimanche en fin d\u2019apr\u00e8s-midi dans un camp de migrants \u00e0 Loon-Plage, pr\u00e8s de Dunkerque (Nord), et une enqu\u00eate pour homicide a \u00e9t\u00e9 ouverte, selon le parquet de Dunkerque.<\/p>\n<p class=\"paragraph text_align_left lp-f-body-02\">Les faits se sont d\u00e9roul\u00e9s vers 17<b> <\/b>heures. \u00c0 ce stade, aucune interpellation n\u2019a eu lieu, a pr\u00e9cis\u00e9 cette source. Selon les secours, la victime serait \u00e2g\u00e9e d\u2019environ 25 ans. L\u2019auteur pr\u00e9sum\u00e9 n\u2019est pas connu des services de police.<\/p>\n<p class=\"paragraph text_align_left lp-f-body-02\">Selon une source polici\u00e8re au Parisien, une agression par arme blanche avait eu lieu dans le m\u00eame camp dans la nuit de samedi \u00e0 dimanche. La piste d\u2019un assassinat en repr\u00e9sailles est donc \u00e9tudi\u00e9e.<\/p>\n<p>D\u00e9j\u00e0 des violences en juin dernier<\/p>\n<p class=\"paragraph text_align_left lp-f-body-02\">Le 14 juin dernier, une personne avait \u00e9t\u00e9 tu\u00e9e et cinq autres bless\u00e9es, dont une gri\u00e8vement, <a href=\"https:\/\/www.leparisien.fr\/nord-59\/nord-un-mort-et-un-blesse-dans-une-nouvelle-fusillade-au-camp-de-migrants-de-loon-plage-15-06-2025-2ZBTVGVX75HSLOVCHF4GCT3Q4E.php\" target=\"_blank\" rel=\"noreferrer nofollow noopener\">lors d\u2019une fusillade pr\u00e8s d\u2019un camp de migrants \u00e0 Loon-Plage<\/a>.<\/p>\n<p class=\"lp-card-podcast-highlighting__title  lp-f-subtitle-05\">[1\/4] C\u00e9cile Vallin, les secrets d\u2019une disparition<\/p>\n<p class=\"lp-card-podcast-highlighting__description lp-f-ui-05\">Crime story raconte chaque semaine les grandes affaires criminelles.<\/p>\n<p><a class=\"lp-card-podcast-highlighting__call-to-action\" data-page-type=\"HP\" data-block-name=\"podcast-highlight\">\u00c9couter<\/a><\/p>\n<p class=\"paragraph text_align_left lp-f-body-02\">Le lendemain, de nouveaux tirs <a href=\"https:\/\/www.leparisien.fr\/faits-divers\/nord-atteint-par-des-tirs-ce-week-end-dans-un-camp-de-migrants-un-homme-succombe-a-ses-blessures-le-bilan-monte-a-3-morts-19-06-2025-LFVE4R2TSRHXPBQJQYJZBNQS6U.php\" target=\"_blank\" rel=\"noreferrer nofollow noopener\">avaient fait trois morts dans un autre camp de cette commune du littoral<\/a>, o\u00f9 s\u2019entassent des centaines de personnes dans l\u2019espoir de traverser clandestinement la Manche vers l\u2019Angleterre.<\/p>\n","protected":false},"excerpt":{"rendered":"Un migrant a \u00e9t\u00e9 tu\u00e9 par balles dimanche en fin d\u2019apr\u00e8s-midi dans un camp de migrants \u00e0 Loon-Plage,&hellip;\n","protected":false},"author":2,"featured_media":278238,"comment_status":"","ping_status":"","sticky":false,"template":"","format":"standard","meta":{"footnotes":""},"categories":[1888],"tags":[1111,1928,11,1927,459,1777,674,118,1011,27,12,1926,626,1925,25],"class_list":{"0":"post-278237","1":"post","2":"type-post","3":"status-publish","4":"format-standard","5":"has-post-thumbnail","7":"category-paris","8":"tag-actu","9":"tag-actu-paris","10":"tag-actualites","11":"tag-actualites-paris","12":"tag-departements-horsidfo","13":"tag-eu","14":"tag-europe","15":"tag-faits-divers","16":"tag-fr","17":"tag-france","18":"tag-news","19":"tag-news-paris","20":"tag-paris","21":"tag-paris-news","22":"tag-republique-francaise"},"share_on_mastodon":{"url":"https:\/\/pubeurope.com\/@fr\/114927418938585564","error":""},"_links":{"self":[{"href":"https:\/\/www.europesays.com\/fr\/wp-json\/wp\/v2\/posts\/278237","targetHints":{"allow":["GET"]}}],"collection":[{"href":"https:\/\/www.europesays.com\/fr\/wp-json\/wp\/v2\/posts"}],"about":[{"href":"https:\/\/www.europesays.com\/fr\/wp-json\/wp\/v2\/types\/post"}],"author":[{"embeddable":true,"href":"https:\/\/www.europesays.com\/fr\/wp-json\/wp\/v2\/users\/2"}],"replies":[{"embeddable":true,"href":"https:\/\/www.europesays.com\/fr\/wp-json\/wp\/v2\/comments?post=278237"}],"version-history":[{"count":0,"href":"https:\/\/www.europesays.com\/fr\/wp-json\/wp\/v2\/posts\/278237\/revisions"}],"wp:featuredmedia":[{"embeddable":true,"href":"https:\/\/www.europesays.com\/fr\/wp-json\/wp\/v2\/media\/278238"}],"wp:attachment":[{"href":"https:\/\/www.europesays.com\/fr\/wp-json\/wp\/v2\/media?parent=278237"}],"wp:term":[{"taxonomy":"category","embeddable":true,"href":"https:\/\/www.europesays.com\/fr\/wp-json\/wp\/v2\/categories?post=278237"},{"taxonomy":"post_tag","embeddable":true,"href":"https:\/\/www.europesays.com\/fr\/wp-json\/wp\/v2\/tags?post=278237"}],"curies":[{"name":"wp","href":"https:\/\/api.w.org\/{rel}","templated":true}]}}