{"id":278245,"date":"2025-07-27T21:56:15","date_gmt":"2025-07-27T21:56:15","guid":{"rendered":"https:\/\/www.europesays.com\/fr\/278245\/"},"modified":"2025-07-27T21:56:15","modified_gmt":"2025-07-27T21:56:15","slug":"lue-va-acheter-des-quantites-significatives-de-petrole-et-de-gaz-americain-pour-remplacer-ceux-de-la-russie","status":"publish","type":"post","link":"https:\/\/www.europesays.com\/fr\/278245\/","title":{"rendered":"l&rsquo;UE va acheter des quantit\u00e9s \u00ab\u00a0significatives\u00a0\u00bb de p\u00e9trole et de gaz am\u00e9ricain pour remplacer ceux de la Russie"},"content":{"rendered":"<p>La pr\u00e9sidente de la Commission europ\u00e9enne Ursula von der Leyen a annonc\u00e9 que allait s&rsquo;engager \u00e0 acheter pour 750 milliards de dollars sur trois des hydrocarbures aux Etats-Unis.<\/p>\n<p>L&rsquo;Union europ\u00e9enne va acheter aux Etats-Unis des quantit\u00e9s \u00ab\u00a0significatives\u00a0\u00bb d&rsquo;hydrocarbures pour remplacer ses importations en provenance de la Russie, a indiqu\u00e9 dimanche la pr\u00e9sidente de la Commission europ\u00e9enne Ursula von der Leyen <a href=\"https:\/\/www.bfmtv.com\/economie\/economie-social\/union-europeenne\/tout-comprendre-en-quoi-quoi-consiste-l-accord-enorme-a-15-que-viennent-de-conclure-trump-et-l-ue_AN-202507270293.html\" title=\"TOUT COMPRENDRE. En quoi consiste &quot;l&#039;accord \u00e9norme&quot; \u00e0 15% que viennent de conclure Trump et l&#039;UE ?\" class=\"internal_link\" rel=\"nofollow noopener\" target=\"_blank\">apr\u00e8s l&rsquo;annonce d&rsquo;un accord commercial UE-USA<\/a>.<\/p>\n<p>\u00ab\u00a0Nous remplacerons le gaz et le p\u00e9trole russes par des achats importants de GNL (gaz naturel liqu\u00e9fi\u00e9), de p\u00e9trole et de combustibles nucl\u00e9aires am\u00e9ricains\u00a0\u00bb, \u00e0 hauteur de 750 milliards de dollars sur trois ans, a-t-elle pr\u00e9cis\u00e9 devant la presse en Ecosse, \u00e0 l&rsquo;issue d&rsquo;une rencontre avec le pr\u00e9sident am\u00e9ricain Donald Trump.<\/p>\n<p>Le pr\u00e9sident am\u00e9ricain avait annonc\u00e9 plus t\u00f4t dans la soir\u00e9e que le bloc des 27 membres avait accept\u00e9 d\u2019acheter pour 750 milliards de dollars d\u2019\u00e9nergie am\u00e9ricaine et de r\u00e9aliser 600 milliards de dollars d\u2019investissements aux \u00c9tats-Unis.<\/p>\n<p>Des taxes all\u00e9g\u00e9es sur l&rsquo;a\u00e9ronautique<\/p>\n<p>Les Etats-Unis et l&rsquo;Union europ\u00e9enne par ailleurs d\u00e9cid\u00e9 de lever tous leurs droits de douane sur certains de leurs produits, dont l&rsquo;a\u00e9ronautique, a affirm\u00e9 dimanche la pr\u00e9sidente de la Commission europ\u00e9enne Ursula von der Leyen \u00e0 l&rsquo;issue d&rsquo;une rencontre avec le pr\u00e9sident am\u00e9ricain Donald Trump.<\/p>\n<p>Les deux puissances \u00e9conomiques ont d\u00e9cid\u00e9 de lever r\u00e9ciproquement leurs droits de douane \u00ab\u00a0sur un certain nombre de produits strat\u00e9giques\u00a0\u00bb, dont les \u00e9quipements a\u00e9ronautiques, \u00ab\u00a0certains produits chimiques, des \u00e9quipements pour semi-conducteurs, certains produits agricoles et des mati\u00e8res premi\u00e8res critiques\u00a0\u00bb, a-t-elle d\u00e9clar\u00e9 devant la presse en Ecosse.<\/p>\n<p><img loading=\"lazy\" decoding=\"async\" width=\"75\" height=\"75\" src=\"https:\/\/www.europesays.com\/fr\/wp-content\/uploads\/2025\/05\/bianchi-frederic-16_3.jpg\" class=\"author_pic\" alt=\"Fr\u00e9d\u00e9ric Bianchi\" title=\"Fr\u00e9d\u00e9ric Bianchi\"\/><\/p>\n","protected":false},"excerpt":{"rendered":"La pr\u00e9sidente de la Commission europ\u00e9enne Ursula von der Leyen a annonc\u00e9 que allait s&rsquo;engager \u00e0 acheter pour&hellip;\n","protected":false},"author":2,"featured_media":278246,"comment_status":"","ping_status":"","sticky":false,"template":"","format":"standard","meta":{"footnotes":""},"categories":[1591],"tags":[11,1887,12,1885,1886,132],"class_list":{"0":"post-278245","1":"post","2":"type-post","3":"status-publish","4":"format-standard","5":"has-post-thumbnail","7":"category-russie","8":"tag-actualites","9":"tag-federation-de-russie","10":"tag-news","11":"tag-russia","12":"tag-russian-federation","13":"tag-russie"},"share_on_mastodon":{"url":"https:\/\/pubeurope.com\/@fr\/114927434686626514","error":""},"_links":{"self":[{"href":"https:\/\/www.europesays.com\/fr\/wp-json\/wp\/v2\/posts\/278245","targetHints":{"allow":["GET"]}}],"collection":[{"href":"https:\/\/www.europesays.com\/fr\/wp-json\/wp\/v2\/posts"}],"about":[{"href":"https:\/\/www.europesays.com\/fr\/wp-json\/wp\/v2\/types\/post"}],"author":[{"embeddable":true,"href":"https:\/\/www.europesays.com\/fr\/wp-json\/wp\/v2\/users\/2"}],"replies":[{"embeddable":true,"href":"https:\/\/www.europesays.com\/fr\/wp-json\/wp\/v2\/comments?post=278245"}],"version-history":[{"count":0,"href":"https:\/\/www.europesays.com\/fr\/wp-json\/wp\/v2\/posts\/278245\/revisions"}],"wp:featuredmedia":[{"embeddable":true,"href":"https:\/\/www.europesays.com\/fr\/wp-json\/wp\/v2\/media\/278246"}],"wp:attachment":[{"href":"https:\/\/www.europesays.com\/fr\/wp-json\/wp\/v2\/media?parent=278245"}],"wp:term":[{"taxonomy":"category","embeddable":true,"href":"https:\/\/www.europesays.com\/fr\/wp-json\/wp\/v2\/categories?post=278245"},{"taxonomy":"post_tag","embeddable":true,"href":"https:\/\/www.europesays.com\/fr\/wp-json\/wp\/v2\/tags?post=278245"}],"curies":[{"name":"wp","href":"https:\/\/api.w.org\/{rel}","templated":true}]}}