{"id":278247,"date":"2025-07-27T21:57:11","date_gmt":"2025-07-27T21:57:11","guid":{"rendered":"https:\/\/www.europesays.com\/fr\/278247\/"},"modified":"2025-07-27T21:57:11","modified_gmt":"2025-07-27T21:57:11","slug":"lors-dun-appel-macron-et-zelensky-ont-reaffirme-limportance-de-la-lutte-contre-la-corruption","status":"publish","type":"post","link":"https:\/\/www.europesays.com\/fr\/278247\/","title":{"rendered":"lors d\u2019un appel, Macron et Zelensky ont \u00ab r\u00e9affirm\u00e9 l&rsquo;importance de la lutte contre la corruption \u00bb"},"content":{"rendered":"<p>Cette semaine, le pr\u00e9sident ukrainien avait provoqu\u00e9 un toll\u00e9 avec une loi supprimant l\u2019ind\u00e9pendance de deux organismes anticorruption.<\/p>\n<p class=\"fig-paragraph\">Emmanuel Macron et le pr\u00e9sident ukrainien Volodymyr Zelensky ont \u00abr\u00e9affirm\u00e9\u00a0<a href=\"http:\/\/www.lefigaro.fr\/international\/ukraine-volodymyr-zelensky-assure-avoir-ecoute-les-manifestants-sur-la-loi-anticorruption-20250725\" data-fig-type=\"NewsFlash\" data-gtm-custom-categorie=\"navigation\" data-gtm-custom-action=\"crossclick\" data-gtm-custom-label=\"Contextuel\" data-gtm-event=\"customEventSPE\" data-fig-domain=\"LEFIGARO\" rel=\"nofollow noopener\" target=\"_blank\">l&rsquo;importance de la lutte contre la corruption<\/a> , port\u00e9e par des institutions ind\u00e9pendantes et pleinement efficaces\u00bb lors d&rsquo;un \u00e9change dimanche matin, a indiqu\u00e9 le chef de l&rsquo;\u00c9tat fran\u00e7ais dans un message sur X.<\/p>\n<p class=\"fig-paragraph\">Cette semaine, Volodymyr Zelensky avait provoqu\u00e9 un toll\u00e9 avec une loi supprimant de fait<a href=\"http:\/\/www.lefigaro.fr\/international\/ukraine-malgre-les-critiques-volodymyr-zelensky-promulgue-une-loi-supprimant-l-independance-des-instances-anticorruption-20250723\" data-fig-type=\"NewsFlash\" data-gtm-custom-categorie=\"navigation\" data-gtm-custom-action=\"crossclick\" data-gtm-custom-label=\"Contextuel\" data-gtm-event=\"customEventSPE\" data-fig-domain=\"LEFIGARO\" rel=\"nofollow noopener\" target=\"_blank\">\u00a0l&rsquo;ind\u00e9pendance de deux organismes anticorruption<\/a>\u00a0en les pla\u00e7ant sous l&rsquo;autorit\u00e9 directe du procureur g\u00e9n\u00e9ral, lui-m\u00eame subordonn\u00e9 \u00e0 l&rsquo;ex\u00e9cutif ukrainien. Le pr\u00e9sident avait tr\u00e8s rapidement promulgu\u00e9 le texte apr\u00e8s son vote mardi par le Parlement.<\/p>\n<p>                                    <a class=\"fig-a11y-skip a11y-hidden\" href=\"#fig-a11y-skip-main-inarticle\"><br \/>\n        Passer la publicit\u00e9<br \/>\n    <\/a><\/p>\n<p>Un nouveau projet de loi pour assurer l\u2019\u00abind\u00e9pendance\u00bb des structures anticorruption<\/p>\n<p class=\"fig-paragraph\">Selon des groupes issus de la soci\u00e9t\u00e9 civile, cette mesure s&rsquo;inscrit dans un contexte de pressions gouvernementales croissantes sur les acteurs de la lutte anticorruption, dans ce pays fortement affect\u00e9 par ce fl\u00e9au. Les partenaires de l&rsquo;Ukraine, dont l&rsquo;Union europ\u00e9enne, ont donc rapidement manifest\u00e9 leurs pr\u00e9occupations.<\/p>\n<p class=\"fig-paragraph\">Face \u00e0 la controverse, alors que la loi a suscit\u00e9 de vives critiques au sein de la soci\u00e9t\u00e9 civile ukrainienne, Zelensky a finalement annonc\u00e9 jeudi qu&rsquo;il proposait un nouveau projet de loi pour assurer de nouveau l&rsquo;\u00abind\u00e9pendance\u00bb des structures anticorruption ukrainiennes face au pouvoir. Une mesure cette fois salu\u00e9e par Bruxelles.<\/p>\n<p>\u00ab L\u2019Ukraine, une d\u00e9mocratie vibrante\u00a0\u00bb<\/p>\n<p class=\"fig-paragraph\">\u00abNous avons partag\u00e9 la conviction que ce qui distingue aussi, aujourd&rsquo;hui, l&rsquo;Ukraine de la Russie, c&rsquo;est qu&rsquo;elle reste, malgr\u00e9 la guerre, une d\u00e9mocratie vibrante &#8211; et qu&rsquo;elle entend continuer \u00e0 progresser sur son chemin europ\u00e9en. Dans ce contexte, nous avons r\u00e9affirm\u00e9 l&rsquo;importance de\u00a0<a href=\"http:\/\/www.lefigaro.fr\/international\/un-document-du-gouvernement-americain-revele-ses-inquietudes-sur-la-corruption-a-haut-niveau-en-ukraine-20231003\" data-fig-type=\"Article\" data-gtm-custom-categorie=\"navigation\" data-gtm-custom-action=\"crossclick\" data-gtm-custom-label=\"Contextuel\" data-gtm-event=\"customEventSPE\" data-fig-domain=\"LEFIGARO\" rel=\"nofollow noopener\" target=\"_blank\">la lutte contre la corruption<\/a> , port\u00e9e par des institutions ind\u00e9pendantes et pleinement efficaces\u00bb, a indiqu\u00e9 dimanche Emmanuel Macron sur X.<\/p>\n<p class=\"fig-paragraph\">\u00abJ&rsquo;ai r\u00e9it\u00e9r\u00e9 le soutien de la France: nous continuerons de renforcer l&rsquo;aide \u00e0 l&rsquo;Ukraine et d&rsquo;accentuer la pression sur la Russie. Celle-ci doit enfin agr\u00e9er un cessez-le-feu ouvrant la voie \u00e0 des discussions pour une paix solide et durable, avec la participation des Europ\u00e9ens\u00bb, a-t-il \u00e9galement \u00e9crit.<\/p>\n","protected":false},"excerpt":{"rendered":"Cette semaine, le pr\u00e9sident ukrainien avait provoqu\u00e9 un toll\u00e9 avec une loi supprimant l\u2019ind\u00e9pendance de deux organismes anticorruption.&hellip;\n","protected":false},"author":2,"featured_media":278248,"comment_status":"","ping_status":"","sticky":false,"template":"","format":"standard","meta":{"footnotes":""},"categories":[1590],"tags":[11,1777,674,11514,12,220,134],"class_list":{"0":"post-278247","1":"post","2":"type-post","3":"status-publish","4":"format-standard","5":"has-post-thumbnail","7":"category-ukraine","8":"tag-actualites","9":"tag-eu","10":"tag-europe","11":"tag-macron","12":"tag-news","13":"tag-ukraine","14":"tag-volodymyr-zelensky"},"share_on_mastodon":{"url":"https:\/\/pubeurope.com\/@fr\/114927438681734756","error":""},"_links":{"self":[{"href":"https:\/\/www.europesays.com\/fr\/wp-json\/wp\/v2\/posts\/278247","targetHints":{"allow":["GET"]}}],"collection":[{"href":"https:\/\/www.europesays.com\/fr\/wp-json\/wp\/v2\/posts"}],"about":[{"href":"https:\/\/www.europesays.com\/fr\/wp-json\/wp\/v2\/types\/post"}],"author":[{"embeddable":true,"href":"https:\/\/www.europesays.com\/fr\/wp-json\/wp\/v2\/users\/2"}],"replies":[{"embeddable":true,"href":"https:\/\/www.europesays.com\/fr\/wp-json\/wp\/v2\/comments?post=278247"}],"version-history":[{"count":0,"href":"https:\/\/www.europesays.com\/fr\/wp-json\/wp\/v2\/posts\/278247\/revisions"}],"wp:featuredmedia":[{"embeddable":true,"href":"https:\/\/www.europesays.com\/fr\/wp-json\/wp\/v2\/media\/278248"}],"wp:attachment":[{"href":"https:\/\/www.europesays.com\/fr\/wp-json\/wp\/v2\/media?parent=278247"}],"wp:term":[{"taxonomy":"category","embeddable":true,"href":"https:\/\/www.europesays.com\/fr\/wp-json\/wp\/v2\/categories?post=278247"},{"taxonomy":"post_tag","embeddable":true,"href":"https:\/\/www.europesays.com\/fr\/wp-json\/wp\/v2\/tags?post=278247"}],"curies":[{"name":"wp","href":"https:\/\/api.w.org\/{rel}","templated":true}]}}