{"id":278249,"date":"2025-07-27T21:58:20","date_gmt":"2025-07-27T21:58:20","guid":{"rendered":"https:\/\/www.europesays.com\/fr\/278249\/"},"modified":"2025-07-27T21:58:20","modified_gmt":"2025-07-27T21:58:20","slug":"accord-commercial-valide-entre-leurope-et-les-usa-avec-15-de-taxes-a-la-clef","status":"publish","type":"post","link":"https:\/\/www.europesays.com\/fr\/278249\/","title":{"rendered":"Accord commercial valid\u00e9 entre l&rsquo;Europe et les USA avec 15% de taxes \u00e0 la clef"},"content":{"rendered":"<p><img decoding=\"async\" src=\"https:\/\/www.europesays.com\/fr\/wp-content\/uploads\/2025\/07\/81592c3c-3b67-4216-877b-348077c556f5_c.jpg\" alt=\"\"\/><\/p>\n<p>Dans un contexte de tensions croissantes sur la sc\u00e8ne internationale, l&rsquo;Union europ\u00e9enne et les \u00c9tats-Unis ont conclu un accord commercial significatif. Apr\u00e8s d&rsquo;intenses discussions men\u00e9es en \u00c9cosse, Ursula von der Leyen, pr\u00e9sidente de la Commission europ\u00e9enne, et le pr\u00e9sident am\u00e9ricain Donald Trump ont annonc\u00e9 un compromis sur les droits de douane, fixant un taux de 15 % sur la majorit\u00e9 des produits europ\u00e9ens import\u00e9s aux \u00c9tats-Unis.<\/p>\n<p>Ce taux marque une stabilisation des relations commerciales transatlantiques, \u00e9vitant une escalade qui aurait pu perturber les \u00e9changes mondiaux. Le pr\u00e9sident Trump, qui mena\u00e7ait d&rsquo;imposer des droits de douane de 30 % en l&rsquo;absence d&rsquo;accord, a salu\u00e9 cet aboutissement comme \u00ab le plus grand accord commercial \u00bb. De son c\u00f4t\u00e9, Ursula von der Leyen a soulign\u00e9 la difficult\u00e9 des n\u00e9gociations, mais \u00e9galement leur r\u00e9ussite, apportant \u00ab stabilit\u00e9 et pr\u00e9visibilit\u00e9 \u00bb aux relations \u00e9conomiques transatlantiques.<\/p>\n<p>L&rsquo;accord ne se limite pas aux droits de douane. Il inclut \u00e9galement un engagement de l&rsquo;UE \u00e0 acheter pour 750 milliards de dollars d&rsquo;\u00e9nergie am\u00e9ricaine sur trois ans. Cette d\u00e9cision strat\u00e9gique vise \u00e0 r\u00e9duire la d\u00e9pendance \u00e9nerg\u00e9tique vis-\u00e0-vis de la Russie, en privil\u00e9giant des sources am\u00e9ricaines comme le gaz naturel liqu\u00e9fi\u00e9 et le p\u00e9trole. En compl\u00e9ment, l&rsquo;UE s&rsquo;est engag\u00e9e \u00e0 investir 600 milliards de dollars suppl\u00e9mentaires aux \u00c9tats-Unis.<\/p>\n<p>Certains secteurs strat\u00e9giques b\u00e9n\u00e9ficient d&rsquo;exemptions de droits de douane. Les \u00e9quipements a\u00e9ronautiques, certains produits chimiques, ainsi que des \u00e9quipements pour semi-conducteurs et des mati\u00e8res premi\u00e8res critiques sont concern\u00e9s. Cependant, des divergences subsistent concernant des produits comme l&rsquo;acier, l&rsquo;aluminium et les produits pharmaceutiques, pour lesquels les deux dirigeants ont exprim\u00e9 des points de vue diff\u00e9rents.<\/p>\n<p>L&rsquo;accord doit encore \u00eatre valid\u00e9 par les \u00c9tats membres de l&rsquo;UE. L&rsquo;Allemagne a d\u00e9j\u00e0 exprim\u00e9 son soutien, reconnaissant l&rsquo;importance de pr\u00e9server les int\u00e9r\u00eats commerciaux dans le partenariat transatlantique. Le chancelier Merz a toutefois exprim\u00e9 des souhaits pour davantage d&rsquo;all\u00e8gements dans le commerce, soulignant la n\u00e9cessit\u00e9 de continuer \u00e0 renforcer les liens \u00e9conomiques entre les deux r\u00e9gions.<\/p>\n<p>Cet accord repr\u00e9sente une avanc\u00e9e majeure pour le commerce mondial, \u00e9vitant une potentielle guerre commerciale qui aurait pu avoir des cons\u00e9quences d\u00e9sastreuses sur les 1.700 milliards de dollars d&rsquo;\u00e9changes annuels entre les deux puissances. Si certaines questions restent \u00e0 r\u00e9gler, notamment sur les semi-conducteurs et les boissons alcoolis\u00e9es, l&rsquo;accord ouvre la voie \u00e0 un nouvel \u00e9quilibre commercial. L&rsquo;UE, tout en se conformant \u00e0 ces nouveaux termes, entend diversifier ses d\u00e9bouch\u00e9s \u00e0 l&rsquo;international, explorant des opportunit\u00e9s en Indon\u00e9sie, au Mercosur, au Mexique et en Inde.<\/p>\n<p>Dans un monde \u00e9conomique en mutation, cet accord marque une \u00e9tape cruciale vers une coop\u00e9ration renforc\u00e9e entre les \u00c9tats-Unis et l&rsquo;Union europ\u00e9enne, offrant un cadre plus stable pour les entreprises des deux c\u00f4t\u00e9s de l&rsquo;Atlantique.<\/p>\n<p>\u00a9 AbcBourse.com. Tous droits r\u00e9serv\u00e9s<\/p>\n<p>Vous avez aim\u00e9 cet article ? Partagez-le avec vos amis avec les boutons ci-dessous.<\/p>\n<p>        <a target=\"_blank\" title=\"Twitter\" href=\"https:\/\/twitter.com\/share?url=https:\/\/www.abcbourse.com\/marches\/accord-commercial-valide-entre-l-europe-et-les-usa-avec-15-de-taxes-a-la-clef_670679&amp;text=Accord commercial valid\u00e9 entre l&#039;Europe et les USA avec 15%25 de taxes \u00e0 la clef&amp;via=abcbourse\" rel=\"nofollow noopener\">&#13;<br \/>\n            <img decoding=\"async\" src=\"https:\/\/www.europesays.com\/fr\/wp-content\/uploads\/2025\/04\/share_twitter.png\" class=\"mr10\" alt=\"Twitter\"\/>&#13;<br \/>\n        <\/a><br \/>\n        <a target=\"_blank\" title=\"Facebook\" href=\"https:\/\/www.facebook.com\/sharer.php?u=https:\/\/www.abcbourse.com\/marches\/accord-commercial-valide-entre-l-europe-et-les-usa-avec-15-de-taxes-a-la-clef_670679&amp;t=Accord commercial valid\u00e9 entre l&#039;Europe et les USA avec 15% de taxes \u00e0 la clef\" rel=\"nofollow noopener\">&#13;<br \/>\n            <img decoding=\"async\" src=\"https:\/\/www.europesays.com\/fr\/wp-content\/uploads\/2025\/04\/share_fb.png\" alt=\"Facebook\" class=\"mr10\"\/>&#13;<br \/>\n        <\/a><br \/>\n        <a target=\"_blank\" title=\"Linkedin\" href=\"https:\/\/www.linkedin.com\/shareArticle?mini=true&amp;url=https:\/\/www.abcbourse.com\/marches\/accord-commercial-valide-entre-l-europe-et-les-usa-avec-15-de-taxes-a-la-clef_670679&amp;title=Accord commercial valid\u00e9 entre l&#039;Europe et les USA avec 15%25 de taxes \u00e0 la clef\" rel=\"nofollow noopener\">&#13;<br \/>\n            <img decoding=\"async\" src=\"https:\/\/www.europesays.com\/fr\/wp-content\/uploads\/2025\/04\/share_linkedin.png\" alt=\"Linkedin\" class=\"mr10\"\/>&#13;<br \/>\n        <\/a><br \/>\n        <a target=\"_blank\" title=\"Envoyer par mail\" href=\"https:\/\/www.abcbourse.com\/marches\/mailto:?subject=Accord commercial valid\u00e9 entre l\" europe=\"\" et=\"\" les=\"\" usa=\"\" avec=\"\" de=\"\" taxes=\"\" la=\"\" clef=\"\" rel=\"nofollow noopener\">&#13;<br \/>\n            <img decoding=\"async\" src=\"https:\/\/www.europesays.com\/fr\/wp-content\/uploads\/2025\/04\/share_email.png\" alt=\"email\"\/>&#13;<br \/>\n        <\/a><br \/>\n    <script async src=\"https:\/\/platform.twitter.com\/widgets.js\" charset=\"utf-8\"><\/script><\/p>\n","protected":false},"excerpt":{"rendered":"Dans un contexte de tensions croissantes sur la sc\u00e8ne internationale, l&rsquo;Union europ\u00e9enne et les \u00c9tats-Unis ont conclu un&hellip;\n","protected":false},"author":2,"featured_media":278250,"comment_status":"","ping_status":"","sticky":false,"template":"","format":"standard","meta":{"footnotes":""},"categories":[1589],"tags":[11,73,1866,12,1864,1865,1863,308],"class_list":{"0":"post-278249","1":"post","2":"type-post","3":"status-publish","4":"format-standard","5":"has-post-thumbnail","7":"category-etats-unis","8":"tag-actualites","9":"tag-etats-unis","10":"tag-etats-unis-damerique","11":"tag-news","12":"tag-united-states","13":"tag-united-states-of-america","14":"tag-us","15":"tag-usa"},"share_on_mastodon":{"url":"https:\/\/pubeurope.com\/@fr\/114927442624278361","error":""},"_links":{"self":[{"href":"https:\/\/www.europesays.com\/fr\/wp-json\/wp\/v2\/posts\/278249","targetHints":{"allow":["GET"]}}],"collection":[{"href":"https:\/\/www.europesays.com\/fr\/wp-json\/wp\/v2\/posts"}],"about":[{"href":"https:\/\/www.europesays.com\/fr\/wp-json\/wp\/v2\/types\/post"}],"author":[{"embeddable":true,"href":"https:\/\/www.europesays.com\/fr\/wp-json\/wp\/v2\/users\/2"}],"replies":[{"embeddable":true,"href":"https:\/\/www.europesays.com\/fr\/wp-json\/wp\/v2\/comments?post=278249"}],"version-history":[{"count":0,"href":"https:\/\/www.europesays.com\/fr\/wp-json\/wp\/v2\/posts\/278249\/revisions"}],"wp:featuredmedia":[{"embeddable":true,"href":"https:\/\/www.europesays.com\/fr\/wp-json\/wp\/v2\/media\/278250"}],"wp:attachment":[{"href":"https:\/\/www.europesays.com\/fr\/wp-json\/wp\/v2\/media?parent=278249"}],"wp:term":[{"taxonomy":"category","embeddable":true,"href":"https:\/\/www.europesays.com\/fr\/wp-json\/wp\/v2\/categories?post=278249"},{"taxonomy":"post_tag","embeddable":true,"href":"https:\/\/www.europesays.com\/fr\/wp-json\/wp\/v2\/tags?post=278249"}],"curies":[{"name":"wp","href":"https:\/\/api.w.org\/{rel}","templated":true}]}}