{"id":278251,"date":"2025-07-27T21:59:12","date_gmt":"2025-07-27T21:59:12","guid":{"rendered":"https:\/\/www.europesays.com\/fr\/278251\/"},"modified":"2025-07-27T21:59:12","modified_gmt":"2025-07-27T21:59:12","slug":"le-gouvernement-britannique-va-abaisser-lage-du-droit-de-vote-a-16-ans","status":"publish","type":"post","link":"https:\/\/www.europesays.com\/fr\/278251\/","title":{"rendered":"Le gouvernement britannique va abaisser l\u2019\u00e2ge du droit de vote \u00e0 16\u00a0ans"},"content":{"rendered":"<p>Le gouvernement britannique a annonc\u00e9 ce jeudi 17\u00a0juillet qu\u2019il allait abaisser l\u2019\u00e2ge du droit de vote de 18 \u00e0 16\u00a0ans.<\/p>\n<p>\u00ab\u00a0Aujourd\u2019hui, nous tenons notre promesse d\u2019accorder le droit de vote aux jeunes de 16 et 17\u00a0ans\u00a0\u00bb, a \u00e9crit sur X la num\u00e9ro\u00a02 du gouvernement, Angela Rayner. \u00ab\u00a0Les jeunes contribuent d\u00e9j\u00e0 \u00e0 la soci\u00e9t\u00e9 en travaillant, en payant des imp\u00f4ts et en servant dans l\u2019arm\u00e9e. Il est normal qu\u2019ils puissent s\u2019exprimer sur les questions qui les concernent\u00a0\u00bb, a-t-elle ajout\u00e9.<\/p>\n<p>Ce changement, qui doit encore \u00eatre approuv\u00e9 par le Parlement, permettra que \u00ab\u00a0plus de personnes puissent s\u2019engager dans la d\u00e9mocratie britannique\u00a0\u00bb, a-t-elle ajout\u00e9 dans un communiqu\u00e9.<\/p>\n<p>Cette nouvelle mesure permettra aux jeunes de 16\u00a0ans de voter \u00e0 toutes les \u00e9lections, notamment les \u00e9lections l\u00e9gislatives pr\u00e9vues en\u00a02029. Pr\u00e9sent\u00e9e comme une mesure de \u00ab\u00a0modernisation de la d\u00e9mocratie britannique\u00a0\u00bb, elle faisait partie du programme \u00e9lectoral du travailliste Keir Starmer, arriv\u00e9 au pouvoir en juillet\u00a02024.<\/p>\n<p>La r\u00e9forme devrait aussi permettre de voter en s\u2019identifiant avec une carte de cr\u00e9dit britannique. Les \u00e9lecteurs au Royaume-Uni peuvent d\u00e9j\u00e0 voter en pr\u00e9sentant un passeport, un permis de conduire, une carte de transport pour personne \u00e2g\u00e9es, et depuis l\u2019an dernier une carte d\u2019ancien combattant. Il faut \u00ab\u00a0aider le plus grand nombre de personnes \u00e0 exercer leur droit d\u00e9mocratique\u00a0\u00bb, pr\u00e9cise le communiqu\u00e9 du gouvernement.<\/p>\n<p>Selon Mme Rayner, \u00ab\u00a0beaucoup trop de personnes\u00a0\u00bb ont \u00e9t\u00e9 d\u00e9courag\u00e9es \u00e0 cause de \u00ab\u00a0r\u00e8gles\u00a0\u00bb trop rigides. La participation aux \u00e9lections l\u00e9gislatives britanniques l\u2019an dernier avait \u00e9t\u00e9 de 59,7%, la plus basse depuis\u00a02001.<\/p>\n<p>\u00c0 ce jour, seuls quelques pays autorisent les jeunes de 16\u00a0ans \u00e0 voter aux \u00e9lections nationales. Parmi eux, l\u2019Autriche, qui fut le premier pays de l\u2019Union europ\u00e9enne \u00e0 avoir abaiss\u00e9 l\u2019\u00e2ge du droit de vote \u00e0 16\u00a0ans en\u00a02007.<\/p>\n","protected":false},"excerpt":{"rendered":"Le gouvernement britannique a annonc\u00e9 ce jeudi 17\u00a0juillet qu\u2019il allait abaisser l\u2019\u00e2ge du droit de vote de 18&hellip;\n","protected":false},"author":2,"featured_media":278252,"comment_status":"","ping_status":"","sticky":false,"template":"","format":"standard","meta":{"footnotes":""},"categories":[1588],"tags":[41768,17,41767,11,15145,6084,1777,674,418,28009,12,473,1853,104,1851,1850,1852,5995],"class_list":{"0":"post-278251","1":"post","2":"type-post","3":"status-publish","4":"format-standard","5":"has-post-thumbnail","7":"category-royaume-uni","8":"tag-16-ans","9":"tag-17","10":"tag-abaisser","11":"tag-actualites","12":"tag-britannique","13":"tag-droit","14":"tag-eu","15":"tag-europe","16":"tag-gouvernement","17":"tag-lage","18":"tag-news","19":"tag-royaume-uni","20":"tag-royaume-uni-de-grande-bretagne-et-dirlande-du-nord","21":"tag-societe","22":"tag-uk","23":"tag-united-kingdom","24":"tag-united-kingdom-of-great-britain-and-northern-ireland","25":"tag-vote"},"share_on_mastodon":{"url":"https:\/\/pubeurope.com\/@fr\/114927446490881147","error":""},"_links":{"self":[{"href":"https:\/\/www.europesays.com\/fr\/wp-json\/wp\/v2\/posts\/278251","targetHints":{"allow":["GET"]}}],"collection":[{"href":"https:\/\/www.europesays.com\/fr\/wp-json\/wp\/v2\/posts"}],"about":[{"href":"https:\/\/www.europesays.com\/fr\/wp-json\/wp\/v2\/types\/post"}],"author":[{"embeddable":true,"href":"https:\/\/www.europesays.com\/fr\/wp-json\/wp\/v2\/users\/2"}],"replies":[{"embeddable":true,"href":"https:\/\/www.europesays.com\/fr\/wp-json\/wp\/v2\/comments?post=278251"}],"version-history":[{"count":0,"href":"https:\/\/www.europesays.com\/fr\/wp-json\/wp\/v2\/posts\/278251\/revisions"}],"wp:featuredmedia":[{"embeddable":true,"href":"https:\/\/www.europesays.com\/fr\/wp-json\/wp\/v2\/media\/278252"}],"wp:attachment":[{"href":"https:\/\/www.europesays.com\/fr\/wp-json\/wp\/v2\/media?parent=278251"}],"wp:term":[{"taxonomy":"category","embeddable":true,"href":"https:\/\/www.europesays.com\/fr\/wp-json\/wp\/v2\/categories?post=278251"},{"taxonomy":"post_tag","embeddable":true,"href":"https:\/\/www.europesays.com\/fr\/wp-json\/wp\/v2\/tags?post=278251"}],"curies":[{"name":"wp","href":"https:\/\/api.w.org\/{rel}","templated":true}]}}