{"id":278253,"date":"2025-07-27T22:00:10","date_gmt":"2025-07-27T22:00:10","guid":{"rendered":"https:\/\/www.europesays.com\/fr\/278253\/"},"modified":"2025-07-27T22:00:10","modified_gmt":"2025-07-27T22:00:10","slug":"merz-salue-laccord-avec-washington-lindustrie-allemande-tremble","status":"publish","type":"post","link":"https:\/\/www.europesays.com\/fr\/278253\/","title":{"rendered":"Merz salue l\u2019accord avec Washington, l\u2019industrie allemande tremble"},"content":{"rendered":"<p>Rome s\u2019est \u00e9galement f\u00e9licit\u00e9 de l\u2019accord, estimant qu\u2019il \u00e9vite une guerre commerciale, tout en restant prudent dans l\u2019attente de conna\u00eetre les d\u00e9tails.<\/p>\n<p class=\"fig-paragraph\">Le chancelier allemand Friedrich Merz a salu\u00e9 dimanche\u00a0<a href=\"http:\/\/www.lefigaro.fr\/conjoncture\/donald-trump-annonce-un-accord-avec-l-ue-sur-des-droits-de-douane-de-15-20250727\" target=\"_blank\" data-fig-type=\"NewsFlash\" rel=\"noopener nofollow\" data-gtm-custom-categorie=\"navigation\" data-gtm-custom-action=\"crossclick\" data-gtm-custom-label=\"Contextuel\" data-gtm-event=\"customEventSPE\" data-fig-domain=\"LEFIGARO\">l\u2019accord commercial entre les \u00c9tats-Unis et l\u2019UE<\/a>\u00a0pr\u00e9voyant des droits de douane de 15% sur les exportations europ\u00e9ennes, mais l\u2019industrie de la premi\u00e8re \u00e9conomie du continent s\u2019attend \u00e0 d\u2019importants pr\u00e9judices. Cet accord \u00e0 l\u2019arrach\u00e9 permet d\u2019\u00ab\u00e9viter une escalade inutile dans les relations commerciales transatlantiques\u00bb, a d\u00e9clar\u00e9 le chancelier, alors que les \u00c9tats-Unis sont le premier partenaire commercial de l\u2019Allemagne.<\/p>\n<p class=\"fig-paragraph\">\u00abNous avons pu pr\u00e9server nos int\u00e9r\u00eats fondamentaux, m\u00eame si j\u2019aurais souhait\u00e9 davantage d\u2019all\u00e8gements dans le commerce transatlantique\u00bb, a-t-il ajout\u00e9, se disant notamment soulag\u00e9 pour l\u2019industrie automobile \u00abo\u00f9 les droits de douane actuels, qui s\u2019\u00e9l\u00e8vent \u00e0 27,5%, seront presque divis\u00e9s par deux, passant \u00e0 15%\u00bb. \u00abC\u2019est pr\u00e9cis\u00e9ment dans ce domaine que la r\u00e9duction rapide des droits de douane rev\u00eat une importance capitale\u00bb, selon le dirigeant de la premi\u00e8re \u00e9conomie europ\u00e9enne.<\/p>\n<p class=\"fig-body-link\">\n            \u00c0 lire aussi<br \/>\n        <a class=\"fig-body-link__link fig-premium-mark\" href=\"http:\/\/www.lefigaro.fr\/conjoncture\/donald-trump-annonce-un-accord-avec-l-ue-sur-des-droits-de-douane-de-15-20250727\" target=\"_blank\" data-fig-type=\"NewsFlash\" rel=\"noopener nofollow\" data-gtm-custom-categorie=\"navigation\" data-gtm-custom-action=\"crossclick\" data-gtm-custom-label=\"Contextuel\" data-gtm-event=\"customEventSPE\" data-fig-domain=\"LEFIGARO\">Guerre commerciale\u00a0: Donald Trump et Ursula von der Leyen trouvent un accord \u00e0 l\u2019arrach\u00e9<br \/>\n    <\/a>\n<\/p>\n<p>                                    <a class=\"fig-a11y-skip a11y-hidden\" href=\"#fig-a11y-skip-main-inarticle\"><br \/>\n        Passer la publicit\u00e9<br \/>\n    <\/a><\/p>\n<p class=\"fig-paragraph\">Outre l\u2019automobile, pilier de l\u2019industrie allemande, les secteurs de la chimie et des machines d\u00e9pendent particuli\u00e8rement des exportations vers les \u00c9tats-Unis. Le chancelier conservateur exprime \u00e0 la Commission europ\u00e9enne son \u00absoutien total pour les n\u00e9gociations qui vont maintenant s\u2019engager sur les d\u00e9tails de l\u2019accord\u00bb. Plus r\u00e9serv\u00e9, le ministre allemand des Finances Lars Klingeil a dit qu\u2019\u00eatre parvenu \u00e0 une solution n\u00e9goci\u00e9e avec Washington \u00e9tait \u00abune bonne chose dans un premier temps\u00bb. \u00abNous allons maintenant \u00e9valuer le r\u00e9sultat des n\u00e9gociations et ses r\u00e9percussions sur l\u2019\u00e9conomie et l\u2019emploi en Allemagne\u00bb, a-t-il ajout\u00e9.<\/p>\n<p>\u00abDes r\u00e9percussions n\u00e9gatives consid\u00e9rables\u00bb<\/p>\n<p class=\"fig-paragraph\">L\u2019industrie allemande a commenc\u00e9 \u00e0 faire ses comptes et pr\u00e9dit \u00abdes r\u00e9percussions n\u00e9gatives consid\u00e9rables\u00bb pour ce secteur cl\u00e9 de l\u2019\u00e9conomie allemande, tr\u00e8s orient\u00e9 vers l\u2019exportation. \u00abL\u2019absence d\u2019accord sur les exportations d\u2019acier et d\u2019aluminium est un coup dur suppl\u00e9mentaire\u00bb, souligne le BDI. L\u2019UE fait actuellement face \u00e0 des droits de douane de 50% sur ses exportations d\u2019acier vers les \u00c9tats-Unis, mais la pr\u00e9sidente de la Commission europ\u00e9enne Ursula von der Leyen a assur\u00e9 qu\u2019un compromis avec Donald Trump avait \u00e9t\u00e9 trouv\u00e9. \u00abEntre nous, les droits de douane seront r\u00e9duits et un syst\u00e8me de quotas sera mis en place\u00bb, a-t-elle d\u00e9clar\u00e9. le pr\u00e9sident am\u00e9ricain a en revanche assur\u00e9 que les choses resteraient \u00abcomme elles sont\u00bb.<\/p>\n<p class=\"fig-paragraph\">L\u2019industrie chimique allemande a jug\u00e9 \u00abtrop \u00e9lev\u00e9s\u00bb des droits de douane de 15%. \u00abQuand on s\u2019attend \u00e0 un ouragan, on se r\u00e9jouit d\u2019une simple temp\u00eate. Une nouvelle escalade a pu \u00eatre \u00e9vit\u00e9e. N\u00e9anmoins, le prix \u00e0 payer est \u00e9lev\u00e9 pour les deux parties\u00bb, a r\u00e9agi dans un communiqu\u00e9 la f\u00e9d\u00e9ration VCI de la chimie, repr\u00e9sentant des g\u00e9ants industriels comme Bayer ou BASF. La F\u00e9d\u00e9ration allemande du commerce du commerce ext\u00e9rieur (BGA) a parl\u00e9 d\u2019un \u00abcompromis douloureux\u00bb avec un niveau de surtaxes repr\u00e9sentant une \u00abmenace existentielle\u00bb pour beaucoup d\u2019entreprises.<\/p>\n<p class=\"fig-paragraph\">L\u2019un des \u00e9conomistes les plus influents du pays, Clemens Fuest, a qualifi\u00e9 l\u2019accord annonc\u00e9 d\u2019\u00abhumiliation pour l\u2019UE qui refl\u00e8te le d\u00e9s\u00e9quilibre des pouvoirs\u00bb. \u00abLes Europ\u00e9ens doivent se r\u00e9veiller, se concentrer davantage sur leur puissance \u00e9conomique et r\u00e9duire leur d\u00e9pendance militaire et technologique vis-\u00e0-vis des \u00c9tats-Unis\u00bb, a-t-il \u00e9crit sur X.<\/p>\n<p>L\u2019Italie reste prudente<\/p>\n<p class=\"fig-paragraph\">Comme Berlin, Rome a salu\u00e9 dimanche soir l\u2019accord commercial, estimant qu\u2019il \u00e9vite une guerre commerciale, tout en restant prudent dans l\u2019attente de conna\u00eetre les d\u00e9tails. \u00abL\u2019accord entre l\u2019UE et les \u00c9tats-Unis met un terme \u00e0 une phase d\u2019incertitude et \u00e9vite une guerre commerciale. Nous examinerons tous les d\u00e9tails\u00bb, a \u00e9crit sur X Antonio Tajani, chef de la diplomatie italienne.<\/p>\n<p>                                    <a class=\"fig-a11y-skip a11y-hidden\" href=\"#fig-a11y-skip-main-inarticle_mtf\"><br \/>\n        Passer la publicit\u00e9<br \/>\n    <\/a><\/p>\n<p class=\"fig-paragraph\">M\u00eame son de cloche chez la cheffe du gouvernement, Giorgia Meloni, en visite en \u00c9thiopie pour un sommet de l\u2019ONU sur la s\u00e9curit\u00e9 alimentaire. \u00abJe consid\u00e8re comme positif qu\u2019il y ait un accord mais tant que je ne vois pas les d\u00e9tails, je ne peux pas formuler un jugement meilleur\u00bb, a-t-elle dit \u00e0 Addis Abeba, cit\u00e9e par les m\u00e9dias italiens.<\/p>\n","protected":false},"excerpt":{"rendered":"Rome s\u2019est \u00e9galement f\u00e9licit\u00e9 de l\u2019accord, estimant qu\u2019il \u00e9vite une guerre commerciale, tout en restant prudent dans l\u2019attente&hellip;\n","protected":false},"author":2,"featured_media":278254,"comment_status":"","ping_status":"","sticky":false,"template":"","format":"standard","meta":{"footnotes":""},"categories":[1587],"tags":[11,672,1804,1805,1803,981,1777,674,4710,1801,12,1802],"class_list":{"0":"post-278253","1":"post","2":"type-post","3":"status-publish","4":"format-standard","5":"has-post-thumbnail","7":"category-allemagne","8":"tag-actualites","9":"tag-allemagne","10":"tag-bundesrepublik-deutschland","11":"tag-de","12":"tag-deutschland","13":"tag-douane","14":"tag-eu","15":"tag-europe","16":"tag-friedrich-merz","17":"tag-germany","18":"tag-news","19":"tag-republique-federale-dallemagne"},"share_on_mastodon":{"url":"https:\/\/pubeurope.com\/@fr\/114927450432379463","error":""},"_links":{"self":[{"href":"https:\/\/www.europesays.com\/fr\/wp-json\/wp\/v2\/posts\/278253","targetHints":{"allow":["GET"]}}],"collection":[{"href":"https:\/\/www.europesays.com\/fr\/wp-json\/wp\/v2\/posts"}],"about":[{"href":"https:\/\/www.europesays.com\/fr\/wp-json\/wp\/v2\/types\/post"}],"author":[{"embeddable":true,"href":"https:\/\/www.europesays.com\/fr\/wp-json\/wp\/v2\/users\/2"}],"replies":[{"embeddable":true,"href":"https:\/\/www.europesays.com\/fr\/wp-json\/wp\/v2\/comments?post=278253"}],"version-history":[{"count":0,"href":"https:\/\/www.europesays.com\/fr\/wp-json\/wp\/v2\/posts\/278253\/revisions"}],"wp:featuredmedia":[{"embeddable":true,"href":"https:\/\/www.europesays.com\/fr\/wp-json\/wp\/v2\/media\/278254"}],"wp:attachment":[{"href":"https:\/\/www.europesays.com\/fr\/wp-json\/wp\/v2\/media?parent=278253"}],"wp:term":[{"taxonomy":"category","embeddable":true,"href":"https:\/\/www.europesays.com\/fr\/wp-json\/wp\/v2\/categories?post=278253"},{"taxonomy":"post_tag","embeddable":true,"href":"https:\/\/www.europesays.com\/fr\/wp-json\/wp\/v2\/tags?post=278253"}],"curies":[{"name":"wp","href":"https:\/\/api.w.org\/{rel}","templated":true}]}}