{"id":278257,"date":"2025-07-27T22:02:11","date_gmt":"2025-07-27T22:02:11","guid":{"rendered":"https:\/\/www.europesays.com\/fr\/278257\/"},"modified":"2025-07-27T22:02:11","modified_gmt":"2025-07-27T22:02:11","slug":"lunion-europeenne-cede-a-trump-analyse-a-chaud-du-traite-inegal-quimpose-15-de-droits-de-douane-a-leconomie-europeenne","status":"publish","type":"post","link":"https:\/\/www.europesays.com\/fr\/278257\/","title":{"rendered":"L\u2019Union europ\u00e9enne c\u00e8de \u00e0 Trump : analyse \u00e0 chaud du trait\u00e9 in\u00e9gal qu\u2019impose 15 % de droits de douane \u00e0 l\u2019\u00e9conomie europ\u00e9enne"},"content":{"rendered":"<dl class=\"post-meta-box flex flex-wrap items-top border-grey-lighter border-b post-meta relative z-20\">&#13;<br \/>\n                                  &#13;<br \/>\n                                  &#13;<br \/>\n                                  &#13;<\/p>\n<dt class=\"inline-block py-1 leading-5 w-1\/5 sm:1\/6 xl:w-3\/10 flex items-top font-sans text-3xs text-grey tracking-wider uppercase border-grey-lighter border-t\">&#13;<br \/>\n                                    Date                                  <\/dt>\n<p>&#13;<\/p>\n<dd class=\"inline-block w-4\/5 sm:5\/6 xl:w-7\/10 pl-1u lg:pl-0 flex-grow  py-1 font-sans text-xs leading-5 border-grey-lighter border-t\">&#13;<br \/>\n                                    27 juillet 2025&#13;\n                                  <\/dd>\n<p>&#13;\n                                <\/dl>\n<p>                                      &#13;<br \/>\n        &#13;<br \/>\n            &#13;<br \/>\n        &#13;<br \/>\n        &#13;<br \/>\n            &#13;<br \/>\n            &#13;<br \/>\n        &#13;<br \/>\n        Ajouter&#13;<br \/>\n        Article ajout\u00e9&#13;<\/p>\n<p>    &#13;<br \/>\n        T\u00e9l\u00e9charger le PDF&#13;<br \/>\n        &#13;<br \/>\n            &#13;<br \/>\n            &#13;<br \/>\n            &#13;<br \/>\n        &#13;<br \/>\n&#13;<br \/>\n&#13;<\/p>\n<dl class=\"post-meta-box flex flex-wrap items-top border-grey-lighter border-b post-meta relative z-20 mt-4\">&#13;<\/p>\n<dt class=\"partager inline-block py-1 leading-5 w-1\/5 sm:1\/6 xl:w-3\/10 flex items-top font-sans text-3xs text-grey tracking-wider uppercase border-grey-lighter border-t\">&#13;<br \/>\n                                    Partager                                  <\/dt>\n<p>&#13;<\/p>\n<dd class=\"partager inline-block w-4\/5 sm:5\/6 xl:w-7\/10 pl-1u lg:pl-0 flex-grow  py-1 font-sans text-xs leading-5 border-grey-lighter border-t\">&#13;<br \/>\n                                    <a target=\"_blank\" data-social=\"twitter\" class=\"text-red no-underline inline-block w-4 h-4 mr-2\" href=\"https:\/\/twitter.com\/intent\/tweet\/?text=L%E2%80%99Union+europ%C3%A9enne+c%C3%A8de+%C3%A0+Trump%C2%A0%3A+analyse+%C3%A0+chaud+du+trait%C3%A9+in%C3%A9gal+qu%E2%80%99impose+15%C2%A0%25+de+droits+de+douane+%C3%A0+l%E2%80%99%C3%A9conomie+europ%C3%A9enne&amp;url=https%3A%2F%2Flegrandcontinent.eu%2Ffr%2F2025%2F07%2F27%2Flunion-europeenne-cede-a-trump-analyse-a-chaud-du-traite-inegal-quimpose-15-de-droits-de-douane%2F\" rel=\"nofollow noopener\">&#13;<br \/>\n                                        &#13;<br \/>\n                                      <\/a>&#13;<br \/>\n                                    <a target=\"_blank\" data-social=\"facebook\" class=\"text-red no-underline inline-block w-4 h-4 mr-2\" href=\"https:\/\/facebook.com\/sharer\/sharer.php?u=https%3A%2F%2Flegrandcontinent.eu%2Ffr%2F2025%2F07%2F27%2Flunion-europeenne-cede-a-trump-analyse-a-chaud-du-traite-inegal-quimpose-15-de-droits-de-douane%2F\" rel=\"nofollow noopener\">&#13;<br \/>\n                                        &#13;<br \/>\n                                      <\/a>&#13;<br \/>\n                                    <a target=\"_blank\" data-social=\"linkedin\" class=\"text-red no-underline inline-block w-4 h-4 mr-2\" href=\"https:\/\/www.linkedin.com\/shareArticle?title=L%E2%80%99Union+europ%C3%A9enne+c%C3%A8de+%C3%A0+Trump%26%23160%3B%3A+analyse+%C3%A0+chaud+du+trait%C3%A9+in%C3%A9gal+qu%E2%80%99impose+15%26%23160%3B%25+de+droits+de+douane+%C3%A0+l%E2%80%99%C3%A9conomie+europ%C3%A9enne&amp;url=https%3A%2F%2Flegrandcontinent.eu%2Ffr%2F2025%2F07%2F27%2Flunion-europeenne-cede-a-trump-analyse-a-chaud-du-traite-inegal-quimpose-15-de-droits-de-douane%2F\" rel=\"nofollow noopener\">&#13;<br \/>\n                                        &#13;<br \/>\n                                      <\/a>&#13;<br \/>\n&#13;<br \/>\n&#13;\n                                  <\/dd>\n<p>&#13;<\/p>\n<p class=\"font-sans text-black text-xs lg:text-2xs\">&#13;<br \/>\n                                        Abonnez-vous pour t\u00e9l\u00e9charger cet article en format PDF                                      <\/p>\n<p>                                      <a href=\"https:\/\/legrandcontinent.eu\/fr\/offre-legc-x\/\" class=\"btn-subscribe flex no-underline mt-4\" rel=\"nofollow noopener\" target=\"_blank\">&#13;<br \/>\n                                        &#13;<br \/>\n                                          \u2192&#13;<br \/>\n                                        &#13;<br \/>\n                                        &#13;<br \/>\n                                          S&rsquo;abonner                                        &#13;<br \/>\n                                      <\/a><\/p>\n<p>                                  &#13;\n                                <\/dl>\n<p>L\u2019Union et les \u00c9tats-Unis ont annonc\u00e9 aujourd\u2019hui, dimanche 27 juillet, avoir trouv\u00e9 un accord commercial. \u00c0 partir du 1er ao\u00fbt, Washington appliquera des droits de douane de 15\u00a0% sur l\u2019ensemble des biens europ\u00e9ens, y compris les voitures.<\/p>\n<p>Si plusieurs d\u00e9tails restent pour le moment peu clairs, le pr\u00e9sident am\u00e9ricain a annonc\u00e9 que, dans le cadre de l\u2019accord, les \u00c9tats-Unis appliqueraient un taux de 15\u00a0% sur les biens europ\u00e9ens.\u00a0<\/p>\n<p>En assumant la logique parfaitement asym\u00e9trique de cet accord, l\u2019Union aurait accept\u00e9 de r\u00e9duire \u00e0 0\u00a0% ses droits de douane.<\/p>\n<ul class=\"wp-block-list\">\n<li>L\u2019accord pr\u00e9voit \u00e9galement de nouveaux taux pour les droits de douane sectoriels\u00a0: les voitures export\u00e9es vers le march\u00e9 am\u00e9ricain, sujet particuli\u00e8rement sensible pour l\u2019Allemagne, seront ainsi soumises \u00e0 un taux de 15\u00a0% \u2014 contre 25\u00a0% qui sont appliqu\u00e9s depuis le 3 avril. Aucune annonce n\u2019a \u00e9t\u00e9 faite concernant l\u2019acier et l\u2019aluminium, actuellement soumis \u00e0 un taux de 50\u00a0%. La pr\u00e9sidente de la Commission a d\u00e9clar\u00e9 que les produits pharmaceutiques seront \u00e9galement couverts par l\u2019accord et soumis \u00e0 un taux de 15\u00a0%. <\/li>\n<li>Selon Donald Trump, l\u2019Union aurait accept\u00e9 d\u2019acheter 750 milliards de dollars d\u2019\u00e9nergie am\u00e9ricaine, d\u2019investir 600 milliards de dollars aux \u00c9tats-Unis, en plus des investissements d\u00e9j\u00e0 existants, et d\u2019acheter d\u2019importantes quantit\u00e9s d\u2019\u00e9quipements militaires.<\/li>\n<li>L\u2019achat de quantit\u00e9s importantes de GNL am\u00e9ricain, qui viendrait remplacer les importations russes, impliquerait une d\u00e9pendance accrue au gaz. <a href=\"https:\/\/legrandcontinent.eu\/fr\/2025\/02\/04\/choisir-le-gnl-americain-ferait-sortir-definitivement-lunion-europeeenne-de-ses-objectifs-climatiques-pour-2030\/\" rel=\"nofollow noopener\" target=\"_blank\">Selon la plupart des \u00e9tudes<\/a>, cela aurait un impact direct sur les objectifs climatiques de l\u2019Union et impliquerait une sortie de la trajectoire pr\u00e9vue.<\/li>\n<li>Ce r\u00e9sultat est une victoire pour les pays favorables \u00e0 un accord \u2014 notamment l\u2019Allemagne et l\u2019Italie \u2014 pr\u00eats \u00e0 accepter des droits de douane \u00e9lev\u00e9s plut\u00f4t que d\u2019entrer dans un rapport de force. La France est le seul pays \u00e0 s\u2019\u00eatre exprim\u00e9 \u00e0 plusieurs reprises en faveur de l\u2019application de mesures de repr\u00e9sailles pour forcer l\u2019administration Trump \u00e0 accepter un accord plus \u00e9quilibr\u00e9 \u2014 mais plusieurs personnalit\u00e9s de premier plan, dont Bernard Arnault, le PDG de LVMH, avaient r\u00e9cemment pris position en faveur de concessions.<\/li>\n<li>Bien que ce pourcentage soit plus \u00e9lev\u00e9 que l\u2019accord entre les <a href=\"https:\/\/legrandcontinent.eu\/fr\/2025\/05\/08\/que-contient-laccord-historique-entre-le-royaume-uni-et-les-etats-unis\/\" rel=\"nofollow noopener\" target=\"_blank\">\u00c9tats-Unis et le Royaume-Uni<\/a> (10\u00a0%), des sources proches du dossier ont indiqu\u00e9 au Grand Continent, que la majorit\u00e9 des pays de l\u2019Union \u00e9tait pr\u00eate \u00e0 y consentir.<\/li>\n<\/ul>\n<p>En avril, Donald Trump avait annonc\u00e9 la mise en place de droits de douane \u00ab\u00a0r\u00e9ciproques\u00a0\u00bb de 20\u00a0% sur les biens en provenance de l\u2019Union europ\u00e9enne. Ces droits ont \u00e9t\u00e9 r\u00e9duits \u00e0 10\u00a0% le 9 avril, et cette pause devait prendre fin le 1er ao\u00fbt. Il avait \u00e9galement menac\u00e9 d\u2019imposer des tarifs de 50\u00a0%, <a href=\"https:\/\/legrandcontinent.eu\/fr\/2025\/07\/12\/trump-a-le-grand-honneur-de-nous-imposer-30-de-tarifs-non-reciproques-il-y-a-quelquun\/\" rel=\"nofollow noopener\" target=\"_blank\">puis de 30\u00a0%<\/a>, dans le cadre d\u2019une n\u00e9gociation erratique.<\/p>\n<ul class=\"wp-block-list\">\n<li>Avant le retour au pouvoir de Donald Trump, le 20 janvier, l\u2019Union et les \u00c9tats-Unis appliquaient des droits de douane relativement similaires\u00a0: le taux moyen pond\u00e9r\u00e9 des droits de douane NPF appliqu\u00e9 par Washington sur les importations de produits agricoles \u00e9tait de 2,5\u00a0% et de 1,5\u00a0% sur les importations de produits non agricoles, tandis que les taux correspondants \u00e9taient de 4,2\u00a0% et 0,9\u00a0% pour l\u2019Europe.<\/li>\n<li>Donald Trump d\u00e9nonce surtout les 237 milliards de dollars d\u2019exc\u00e9dent commercial de l\u2019Union avec les \u00c9tats-Unis en 2024 (estim\u00e9 \u00e0 198,2 milliards d\u2019euros par l\u2019Union europ\u00e9enne), arguant que cela prouverait qu\u2019elle \u00ab\u00a0tire profit des \u00c9tats-Unis\u00a0\u00bb.\u00a0<\/li>\n<li>Derri\u00e8re ce chiffre apparemment impressionnant se cache toutefois une r\u00e9alit\u00e9 tout autre\u00a0: les <a href=\"https:\/\/legrandcontinent.eu\/fr\/2025\/05\/25\/le-deficit-commercial-des-etats-unis-avec-lunion-est-notamment-provoque-par-les-multinationales-americaines\/\" rel=\"nofollow noopener\" target=\"_blank\">pratiques d\u2019optimisation fiscale des multinationales et des g\u00e9ants technologiques am\u00e9ricains<\/a>.<\/li>\n<\/ul>\n<ul class=\"wp-block-list\">\n<li>Lors des remarques pr\u00e9c\u00e9dant l\u2019annonce de l\u2019accord, von der Leyen a endoss\u00e9 le discours am\u00e9ricain sur le d\u00e9s\u00e9quilibre commercial et a d\u00e9clar\u00e9\u00a0: \u00ab\u00a0L\u2019Europe a un exc\u00e9dent, les \u00c9tats-Unis ont un d\u00e9ficit, nous devons r\u00e9\u00e9quilibrer\u00a0\u00bb, revenant ainsi sur la position europ\u00e9enne qui a toujours mis en avant le fait que les deux \u00e9conomies se compl\u00e8tent et que la relation reste \u00e9quilibr\u00e9e, en prenant en compte les services, o\u00f9 l\u2019Union enregistre un important d\u00e9ficit avec les \u00c9tats-Unis.<\/li>\n<\/ul>\n<p>                          <script async src=\"https:\/\/platform.twitter.com\/widgets.js\" charset=\"utf-8\"><\/script><\/p>\n","protected":false},"excerpt":{"rendered":"&#13; &#13; &#13; &#13; &#13; Date &#13; &#13; 27 juillet 2025&#13; &#13; &#13; &#13; &#13; &#13; &#13; &#13;&hellip;\n","protected":false},"author":2,"featured_media":278258,"comment_status":"","ping_status":"","sticky":false,"template":"","format":"standard","meta":{"footnotes":""},"categories":[1586],"tags":[11,1777,674,1779,1011,27,12,25,1778,364],"class_list":{"0":"post-278257","1":"post","2":"type-post","3":"status-publish","4":"format-standard","5":"has-post-thumbnail","7":"category-europe","8":"tag-actualites","9":"tag-eu","10":"tag-europe","11":"tag-european-union","12":"tag-fr","13":"tag-france","14":"tag-news","15":"tag-republique-francaise","16":"tag-ue","17":"tag-union-europeenne"},"share_on_mastodon":{"url":"https:\/\/pubeurope.com\/@fr\/114927458311682927","error":""},"_links":{"self":[{"href":"https:\/\/www.europesays.com\/fr\/wp-json\/wp\/v2\/posts\/278257","targetHints":{"allow":["GET"]}}],"collection":[{"href":"https:\/\/www.europesays.com\/fr\/wp-json\/wp\/v2\/posts"}],"about":[{"href":"https:\/\/www.europesays.com\/fr\/wp-json\/wp\/v2\/types\/post"}],"author":[{"embeddable":true,"href":"https:\/\/www.europesays.com\/fr\/wp-json\/wp\/v2\/users\/2"}],"replies":[{"embeddable":true,"href":"https:\/\/www.europesays.com\/fr\/wp-json\/wp\/v2\/comments?post=278257"}],"version-history":[{"count":0,"href":"https:\/\/www.europesays.com\/fr\/wp-json\/wp\/v2\/posts\/278257\/revisions"}],"wp:featuredmedia":[{"embeddable":true,"href":"https:\/\/www.europesays.com\/fr\/wp-json\/wp\/v2\/media\/278258"}],"wp:attachment":[{"href":"https:\/\/www.europesays.com\/fr\/wp-json\/wp\/v2\/media?parent=278257"}],"wp:term":[{"taxonomy":"category","embeddable":true,"href":"https:\/\/www.europesays.com\/fr\/wp-json\/wp\/v2\/categories?post=278257"},{"taxonomy":"post_tag","embeddable":true,"href":"https:\/\/www.europesays.com\/fr\/wp-json\/wp\/v2\/tags?post=278257"}],"curies":[{"name":"wp","href":"https:\/\/api.w.org\/{rel}","templated":true}]}}