{"id":278261,"date":"2025-07-27T22:04:10","date_gmt":"2025-07-27T22:04:10","guid":{"rendered":"https:\/\/www.europesays.com\/fr\/278261\/"},"modified":"2025-07-27T22:04:10","modified_gmt":"2025-07-27T22:04:10","slug":"historique-van-aert-paris-en-liesse-sous-la-pluie-sortie-ratee-pour-vingegaard-les-tops-et-flops-des-envoyes-speciaux","status":"publish","type":"post","link":"https:\/\/www.europesays.com\/fr\/278261\/","title":{"rendered":"historique Van Aert, Paris en liesse sous la pluie, sortie rat\u00e9e pour Vingegaard, les tops et flops des envoy\u00e9s sp\u00e9ciaux"},"content":{"rendered":"<p>Wout Van Aert a remport\u00e9 une derni\u00e8re \u00e9tape \u00e9pique \u00e0 Paris disput\u00e9e dans des conditions dantesques mais une ambiance incroyable.<\/p>\n<p class=\"fig-paragraph\">Tops<\/p>\n<p>Le num\u00e9ro en solitaire de Wout van Aert<\/p>\n<p class=\"fig-paragraph\">Quel num\u00e9ro du Belge qui permet \u00e0 l\u2019\u00e9quipe Visma Lease a Bike de glaner un deuxi\u00e8me bouquet sur cette \u00e9dition 2025, apr\u00e8s la victoire de Simon Yates lors de la dixi\u00e8me \u00e9tape. La strat\u00e9gie de la formation n\u00e9erlandaise a fonctionn\u00e9 \u00e0 merveille avec, d\u2019abord, une acc\u00e9l\u00e9ration de Matteo Jorgenson pour fatiguer Tadej Pogacar avant le d\u00e9clenchement de la deuxi\u00e8me lame Van Aert qui a patient\u00e9 et attendu la derni\u00e8re ascension de la rue Lepic pour croquer le maillot jaune. Le Belge, qui s\u2019offre sa 10e \u00e9tape sur le Tour de France, est aussi le premier coureur depuis 2005 \u00e0 s\u2019imposer en solitaire sur les Champs-\u00c9lys\u00e9es depuis Alexandre Vinokourov.<\/p>\n<p>                                    <a class=\"fig-a11y-skip a11y-hidden\" href=\"#fig-a11y-skip-main-inarticle\"><br \/>\n        Passer la publicit\u00e9<br \/>\n    <\/a><\/p>\n<p>L\u2019ambiance exceptionnelle \u00e0 Paris malgr\u00e9 la pluie<\/p>\n<p class=\"fig-paragraph\">La pluie n\u2019a pas \u00e9teint l\u2019enthousiasme d\u2019un public en fusion dans les rues de la capitale. Une ambiance de folie a m\u00eame accompagn\u00e9 les trois ascensions dans la rue Lepic noire de monde. Un succ\u00e8s populaire qui rappelle les plus belles heures des Jeux olympiques de Paris 2024. Esp\u00e9rons que cette premi\u00e8re vers Montmartre pour le Tour de France se renouvellera dans le futur.<\/p>\n<p class=\"fig-body-link\">\n            \u00c0 lire aussi<br \/>\n        <a class=\"fig-body-link__link fig-premium-mark\" href=\"http:\/\/www.lefigaro.fr\/sports\/cyclisme\/tour-de-france\/il-y-a-encore-plus-de-monde-que-l-an-dernier-dans-les-pentes-de-la-rue-lepic-un-volcan-en-eruption-pour-la-derniere-etape-20250727\" data-fig-type=\"Article\" data-gtm-custom-categorie=\"navigation\" data-gtm-custom-action=\"crossclick\" data-gtm-custom-label=\"Contextuel\" data-gtm-event=\"customEventSPE\" data-fig-domain=\"LEFIGARO\" target=\"_blank\" rel=\"noopener\">\u00abIl y a encore plus de monde que l\u2019an dernier\u00bb: dans les pentes de la rue Lepic, un volcan en \u00e9ruption pour la derni\u00e8re \u00e9tape du Tour de France<br \/>\n    <\/a>\n<\/p>\n<p>Le panache de Tadej Pogacar<\/p>\n<p class=\"fig-paragraph\">On l\u2019a vu \u00e9teint lors de la travers\u00e9e des Alpes,\u00a0<a href=\"http:\/\/www.lefigaro.fr\/sports\/cyclisme\/tour-de-france\/tour-de-france-tadej-pogacar-est-il-un-vainqueur-triste-20250726\" data-fig-type=\"NewsFlash\" data-gtm-custom-categorie=\"navigation\" data-gtm-custom-action=\"crossclick\" data-gtm-custom-label=\"Contextuel\" data-gtm-event=\"customEventSPE\" data-fig-domain=\"LEFIGARO\" target=\"_blank\" rel=\"noopener\">confiant son d\u00e9sir d\u2019en finir au plus vite<\/a>\u00a0pour savourer un quatri\u00e8me sacre dans la Grande Boucle. \u00c0 Paris, on a retrouv\u00e9 le \u00abPogi\u00bb joueur, \u00e0 l\u2019offensive et en tr\u00e8s bonne place dans le final pour aller chercher une prestigieuse victoire d\u2019\u00e9tape. Le Slov\u00e8ne a c\u00e9d\u00e9 face \u00e0 un tr\u00e8s grand Van Aert dans la mont\u00e9e de la rue Lepic avant de terminer tout sourire sur les Champs-\u00c9lys\u00e9es.<\/p>\n<p class=\"fig-paragraph\"><strong>Flops<\/strong><\/p>\n<p>Un gel des temps indispensable\u00a0?<\/p>\n<p class=\"fig-paragraph\">Fallait-il vraiment\u00a0<a href=\"http:\/\/www.lefigaro.fr\/sports\/cyclisme\/tour-de-france\/tour-de-france-a-cause-de-la-pluie-les-temps-geles-au-quatrieme-passage-de-la-ligne-d-arrivee-sur-les-champs-elysees-20250727\" data-fig-type=\"NewsFlash\" data-gtm-custom-categorie=\"navigation\" data-gtm-custom-action=\"crossclick\" data-gtm-custom-label=\"Contextuel\" data-gtm-event=\"customEventSPE\" data-fig-domain=\"LEFIGARO\" target=\"_blank\" rel=\"noopener\">geler les temps au quatri\u00e8me passage des coureurs sur la ligne d\u2019arriv\u00e9e des Champs-\u00c9lys\u00e9es<\/a>\u00a0en raison des conditions m\u00e9t\u00e9orologiques (\u00e0 50,3 km de l\u2019arriv\u00e9e). On mesure \u00e9videmment la pr\u00e9occupation des organisateurs qui ne voulaient surtout pas envoyer au casse-pipe le peloton sur les pav\u00e9s d\u00e9tremp\u00e9s mais cette mesure a pouss\u00e9 une grosse partie des coureurs \u00e0 compl\u00e8tement l\u00e2cher prise pour arriver avec de longues minutes de retard sur la ligne d\u2019arriv\u00e9e. Dommage.<\/p>\n<p>Vingegaard, dauphin en roue libre<\/p>\n<p class=\"fig-paragraph\">Cons\u00e9quence de la d\u00e9cision de geler les chronos, Jonas Vingegaard a tr\u00e8s vite lev\u00e9 le pied sans jamais se m\u00ealer \u00e0 la lutte pour la victoire. Le Danois, dont on comprend aussi la d\u00e9ception et le d\u00e9sir de tourner la page apr\u00e8s cet \u00e9chec derri\u00e8re Pogacar au classement g\u00e9n\u00e9ral, a boucl\u00e9 la boucle sur les Champs-\u00c9lys\u00e9es avec 7\u201926\u2019\u2019 de retard sur Van Aert.<\/p>\n<p>    <a href=\"https:\/\/photo.lefigaro.fr\/sports\/cyclisme\/tour-de-france\/montmartre-tour-eiffel-louvre-les-merveilleuses-images-des-coureurs-du-tour-de-france-dans-paris-20250727\" target=\"_blank\" rel=\"noopener\"><\/p>\n<p class=\"fig-slideshow__title\">\n                    Montmartre, tour Eiffel, Louvre&#8230; Les merveilleuses images des coureurs du Tour de France dans Paris\n                <\/p>\n<p>Acc\u00e9der au diaporama (11)<\/p>\n<p>    <\/a><\/p>\n","protected":false},"excerpt":{"rendered":"Wout Van Aert a remport\u00e9 une derni\u00e8re \u00e9tape \u00e9pique \u00e0 Paris disput\u00e9e dans des conditions dantesques mais une&hellip;\n","protected":false},"author":2,"featured_media":278262,"comment_status":"","ping_status":"","sticky":false,"template":"","format":"standard","meta":{"footnotes":""},"categories":[2],"tags":[11,1011,27,27884,12,25,1138,210],"class_list":{"0":"post-278261","1":"post","2":"type-post","3":"status-publish","4":"format-standard","5":"has-post-thumbnail","7":"category-actualites","8":"tag-actualites","9":"tag-fr","10":"tag-france","11":"tag-jonas-vingegaard","12":"tag-news","13":"tag-republique-francaise","14":"tag-tadej-pogacar","15":"tag-tour-de-france"},"share_on_mastodon":{"url":"https:\/\/pubeurope.com\/@fr\/114927466232110708","error":""},"_links":{"self":[{"href":"https:\/\/www.europesays.com\/fr\/wp-json\/wp\/v2\/posts\/278261","targetHints":{"allow":["GET"]}}],"collection":[{"href":"https:\/\/www.europesays.com\/fr\/wp-json\/wp\/v2\/posts"}],"about":[{"href":"https:\/\/www.europesays.com\/fr\/wp-json\/wp\/v2\/types\/post"}],"author":[{"embeddable":true,"href":"https:\/\/www.europesays.com\/fr\/wp-json\/wp\/v2\/users\/2"}],"replies":[{"embeddable":true,"href":"https:\/\/www.europesays.com\/fr\/wp-json\/wp\/v2\/comments?post=278261"}],"version-history":[{"count":0,"href":"https:\/\/www.europesays.com\/fr\/wp-json\/wp\/v2\/posts\/278261\/revisions"}],"wp:featuredmedia":[{"embeddable":true,"href":"https:\/\/www.europesays.com\/fr\/wp-json\/wp\/v2\/media\/278262"}],"wp:attachment":[{"href":"https:\/\/www.europesays.com\/fr\/wp-json\/wp\/v2\/media?parent=278261"}],"wp:term":[{"taxonomy":"category","embeddable":true,"href":"https:\/\/www.europesays.com\/fr\/wp-json\/wp\/v2\/categories?post=278261"},{"taxonomy":"post_tag","embeddable":true,"href":"https:\/\/www.europesays.com\/fr\/wp-json\/wp\/v2\/tags?post=278261"}],"curies":[{"name":"wp","href":"https:\/\/api.w.org\/{rel}","templated":true}]}}