{"id":278263,"date":"2025-07-27T22:05:19","date_gmt":"2025-07-27T22:05:19","guid":{"rendered":"https:\/\/www.europesays.com\/fr\/278263\/"},"modified":"2025-07-27T22:05:19","modified_gmt":"2025-07-27T22:05:19","slug":"en-images-champs-elysees-montmartre-larrivee-du-tour-de-france-2025-a-paris-en-sept-photos-marquantes","status":"publish","type":"post","link":"https:\/\/www.europesays.com\/fr\/278263\/","title":{"rendered":"EN IMAGES &#8211; Champs-\u00c9lys\u00e9es, Montmartre&#8230; L&rsquo;arriv\u00e9e du Tour de France 2025 \u00e0 Paris en sept photos marquantes"},"content":{"rendered":"<ul class=\"jsx-862013697 ArticleChapo__List\">\n<li class=\"jsx-862013697 ArticleChapo__List_Item flex\">Le peloton du Tour de France est arriv\u00e9 \u00e0 Paris ce dimanche 27 juillet, lors d&rsquo;une derni\u00e8re \u00e9tape au parcours in\u00e9dit, remport\u00e9e par le belge Wout Van Aert.<\/li>\n<li class=\"jsx-862013697 ArticleChapo__List_Item flex\">Montmartre, Concorde, Champs-\u00c9lys\u00e9es&#8230; Les images de ce final historique, avec \u00e0 la cl\u00e9 le 4\u1d49 sacre de Tadej Pogacar.<\/li>\n<\/ul>\n<p data-module=\"article-paragraph\" class=\"jsx-3046738180 Paragraph Paragraph__End\">L&rsquo;arriv\u00e9e sur les Champs-\u00c9lys\u00e9es n&rsquo;avait pas tout \u00e0 fait la m\u00eame saveur que les ann\u00e9es pr\u00e9c\u00e9dentes pour les coureurs du Tour de France 2025. Ce dimanche 27 juillet, <a href=\"https:\/\/www.tf1info.fr\/jeux-olympiques\/jo-2024-paris-montmartre-deux-medailles-tricolores-valentin-madouas-argent-christophe-laporte-bronze-au-bout-de-la-course-en-ligne-en-cyclisme-2313093.html\" target=\"_blank\" rel=\"noopener\">un an apr\u00e8s l&rsquo;\u00e9preuve olympique de cyclisme<\/a> qui avait emprunt\u00e9 les rues parisiennes, le peloton a retrouv\u00e9 une portion de ce mythique parcours, en gravissant trois fois la butte de Montmartre par la rue Lepic, pour passer au pied du c\u00e9l\u00e8bre Sacr\u00e9-C\u0153ur.<\/p>\n<p data-module=\"article-paragraph\" class=\"jsx-3046738180 Paragraph Paragraph__End\">Un circuit in\u00e9dit qui a ouvert la voie \u00e0 un sc\u00e9nario bien \u00e9loign\u00e9 du traditionnel sprint massif des Champs-Elys\u00e9es : c&rsquo;est en solitaire que le Belge Wout Van Aert a lev\u00e9 les bras sur la ligne d&rsquo;arriv\u00e9e, apr\u00e8s s&rsquo;\u00eatre \u00e9chapp\u00e9 du peloton \u00e0 la faveur d&rsquo;une attaque men\u00e9e par <a href=\"https:\/\/www.tf1info.fr\/sport\/tour-de-france-2025-tadej-pogacar-remporte-sa-quatrieme-victoire-2385410.html\" target=\"_blank\" rel=\"noopener\">le maillot jaune lui-m\u00eame, Tadej Pogacar<\/a>. Ce qui n&rsquo;a pas emp\u00each\u00e9 ce dernier de savourer son 4e sacre sur la Grande Boucle. Revivez cette derni\u00e8re \u00e9tape historique en quelques images iconiques.<\/p>\n<p><a href=\"https:\/\/www.tf1info.fr\/sport\/tour-de-france-2025-tadej-pogacar-remporte-sa-quatrieme-victoire-2385410.html\" rel=\"noopener\" class=\"jsx-3308031228 Link flex\" target=\"_blank\"><img decoding=\"async\" src=\"https:\/\/www.europesays.com\/fr\/wp-content\/uploads\/2025\/07\/pogacar-afp-2-57ff0c-0@1x.jpeg\" alt=\"Le 4e sacre de Tadej Pogacar sur le Tour de France, le 27 juillet 2025.\" loading=\"lazy\" importance=\"low\" fetchpriority=\"low\" class=\"\" aria-hidden=\"true\"\/><\/p>\n<p class=\"jsx-3657663356 ReadMoreArticle__Title\">Lire aussi<\/p>\n<p class=\"jsx-3657663356\">Tour de France 2025 : le quatri\u00e8me sacre pour Tadej Pogacar<\/p>\n<p><\/a><\/p>\n<p data-module=\"article-paragraph\" class=\"jsx-3046738180 Paragraph Paragraph__End\">Le passage du peloton aux pieds de la tour Eiffel.<\/p>\n<p><img decoding=\"async\" src=\"https:\/\/www.europesays.com\/fr\/wp-content\/uploads\/2025\/07\/le-peloton-passe-au-pied-de-la-tour-eiffel-24e81a-0@1x.jpeg\" alt=\"La tour Eiffel - AFP\" loading=\"lazy\" importance=\"low\" fetchpriority=\"low\" class=\"\" data-module=\"article-image\"\/>La tour Eiffel &#8211; AFP<\/p>\n<p data-module=\"article-paragraph\" class=\"jsx-3046738180 Paragraph Paragraph__End\">Un incontournable du Tour : les bouches autour des Champs-Elys\u00e9es.\u00a0<\/p>\n<p><img decoding=\"async\" src=\"https:\/\/www.europesays.com\/fr\/wp-content\/uploads\/2025\/07\/la-derniere-etape-du-tour-de-france-2025-4a41e0-0@1x.jpeg\" alt=\"L'arc de Triomphe - AFP\" loading=\"lazy\" importance=\"low\" fetchpriority=\"low\" class=\"\" data-module=\"article-image\"\/>L&rsquo;arc de Triomphe &#8211; AFP<\/p>\n<p data-module=\"article-paragraph\" class=\"jsx-3046738180 Paragraph Paragraph__End\">L&rsquo;ultime \u00e9tape du Tour comprenait un passage par le Louvre.\u00a0<\/p>\n<p><img decoding=\"async\" src=\"https:\/\/www.europesays.com\/fr\/wp-content\/uploads\/2025\/07\/la-cour-du-louvre-et-sa-pyramide-1f6f49-0@1x.jpeg\" alt=\"La cour du Louvre et sa pyramide - AFP\" loading=\"lazy\" importance=\"low\" fetchpriority=\"low\" class=\"\" data-module=\"article-image\"\/>La cour du Louvre et sa pyramide &#8211; AFP<\/p>\n<p data-module=\"article-paragraph\" class=\"jsx-3046738180 Paragraph Paragraph__End\">Comme lors des Jeux olympiques, les coureurs ont arpent\u00e9 les rues de la butte Montmartre, dont les trottoirs \u00e9taient bond\u00e9s.\u00a0<\/p>\n<p><img decoding=\"async\" src=\"https:\/\/www.europesays.com\/fr\/wp-content\/uploads\/2025\/07\/la-rue-lepic-a-montmartre-e5223f-0@1x.jpeg\" alt=\"La rue Lepic \u00e0 Montmartre - AFP\" loading=\"lazy\" importance=\"low\" fetchpriority=\"low\" class=\"\" data-module=\"article-image\"\/>La rue Lepic \u00e0 Montmartre &#8211; AFP<img decoding=\"async\" src=\"https:\/\/www.europesays.com\/fr\/wp-content\/uploads\/2025\/07\/le-moulin-de-la-galette-a-montmartre-4982f6-0@1x.jpeg\" alt=\"Le Moulin de la Galette \u00e0 Montmartre - AFP\" loading=\"lazy\" importance=\"low\" fetchpriority=\"low\" class=\"\" data-module=\"article-image\"\/>Le Moulin de la Galette \u00e0 Montmartre &#8211; AFP<img decoding=\"async\" src=\"https:\/\/www.europesays.com\/fr\/wp-content\/uploads\/2025\/07\/tadej-pogacar-devant-le-sacre-coeur-de-montmartre-f30003-2@1x.jpeg\" alt=\"Tadej Pogacar devant le Sacr\u00e9-Coeur de Montmartre - AFP\" loading=\"lazy\" importance=\"low\" fetchpriority=\"low\" class=\"\" data-module=\"article-image\"\/>Tadej Pogacar devant le Sacr\u00e9-Coeur de Montmartre &#8211; AFP<img decoding=\"async\" src=\"https:\/\/www.europesays.com\/fr\/wp-content\/uploads\/2025\/07\/la-place-de-la-concorde-1611-04a8be-0@1x.jpeg\" alt=\"La place de la Concorde - AFP\" loading=\"lazy\" importance=\"low\" fetchpriority=\"low\" class=\"\" data-module=\"article-image\"\/>La place de la Concorde &#8211; AFP<\/p>\n<p data-module=\"article-paragraph\" class=\"jsx-3046738180 Paragraph Paragraph__End\">Au terme de cette ultime \u00e9tape, le Slov\u00e8ne Tadej Pogacar a remport\u00e9 son quatri\u00e8me Tour de France. En raison du temps pluvieux, les 50 derniers kilom\u00e8tres de course avaient \u00e9t\u00e9 neutralis\u00e9s, garantissant aux leaders du classement g\u00e9n\u00e9ral une arriv\u00e9e sereine. Ce qui n&rsquo;a pas emp\u00each\u00e9 le maillot jaune d&rsquo;\u00eatre \u00e0 l&rsquo;attaque dans le final, avant de se faire d\u00e9finitivement d\u00e9crocher par Wout Van Aert.<\/p>\n<p>Isabelle MISSIAEN avec AFP<\/p>\n","protected":false},"excerpt":{"rendered":"Le peloton du Tour de France est arriv\u00e9 \u00e0 Paris ce dimanche 27 juillet, lors d&rsquo;une derni\u00e8re \u00e9tape&hellip;\n","protected":false},"author":2,"featured_media":278264,"comment_status":"","ping_status":"","sticky":false,"template":"","format":"standard","meta":{"footnotes":""},"categories":[4],"tags":[1111,11,1921,207,1011,27,1922,12,25,210,133,4712],"class_list":{"0":"post-278263","1":"post","2":"type-post","3":"status-publish","4":"format-standard","5":"has-post-thumbnail","7":"category-france","8":"tag-actu","9":"tag-actualites","10":"tag-article-video","11":"tag-cyclisme","12":"tag-fr","13":"tag-france","14":"tag-info","15":"tag-news","16":"tag-republique-francaise","17":"tag-tour-de-france","18":"tag-video","19":"tag-video-sports"},"share_on_mastodon":{"url":"https:\/\/pubeurope.com\/@fr\/114927470713936390","error":""},"_links":{"self":[{"href":"https:\/\/www.europesays.com\/fr\/wp-json\/wp\/v2\/posts\/278263","targetHints":{"allow":["GET"]}}],"collection":[{"href":"https:\/\/www.europesays.com\/fr\/wp-json\/wp\/v2\/posts"}],"about":[{"href":"https:\/\/www.europesays.com\/fr\/wp-json\/wp\/v2\/types\/post"}],"author":[{"embeddable":true,"href":"https:\/\/www.europesays.com\/fr\/wp-json\/wp\/v2\/users\/2"}],"replies":[{"embeddable":true,"href":"https:\/\/www.europesays.com\/fr\/wp-json\/wp\/v2\/comments?post=278263"}],"version-history":[{"count":0,"href":"https:\/\/www.europesays.com\/fr\/wp-json\/wp\/v2\/posts\/278263\/revisions"}],"wp:featuredmedia":[{"embeddable":true,"href":"https:\/\/www.europesays.com\/fr\/wp-json\/wp\/v2\/media\/278264"}],"wp:attachment":[{"href":"https:\/\/www.europesays.com\/fr\/wp-json\/wp\/v2\/media?parent=278263"}],"wp:term":[{"taxonomy":"category","embeddable":true,"href":"https:\/\/www.europesays.com\/fr\/wp-json\/wp\/v2\/categories?post=278263"},{"taxonomy":"post_tag","embeddable":true,"href":"https:\/\/www.europesays.com\/fr\/wp-json\/wp\/v2\/tags?post=278263"}],"curies":[{"name":"wp","href":"https:\/\/api.w.org\/{rel}","templated":true}]}}