{"id":278267,"date":"2025-07-27T22:07:15","date_gmt":"2025-07-27T22:07:15","guid":{"rendered":"https:\/\/www.europesays.com\/fr\/278267\/"},"modified":"2025-07-27T22:07:15","modified_gmt":"2025-07-27T22:07:15","slug":"connaissez-vous-le-foot-volley-les-plus-grandes-equipes-du-monde-saffrontent-ce-samedi-a-antibes","status":"publish","type":"post","link":"https:\/\/www.europesays.com\/fr\/278267\/","title":{"rendered":"Connaissez-vous le foot-volley ? Les plus grandes \u00e9quipes du monde s&rsquo;affrontent ce samedi \u00e0 Antibes"},"content":{"rendered":"<p class=\"article__intro\">Un m\u00e9lange de Beach-volley et de football, ce sport, tr\u00e8s physique, plut\u00f4t m\u00e9connu, est \u00e0 l&rsquo;honneur fin juillet \u00e0 Antibes Juan-les-Pins et c&rsquo;est gratuit.<\/p>\n<p>\n      L\u2019actu des r\u00e9gions\n    <\/p>\n<p>\n      Chaque jour, un tour d\u2019horizon des principales infos de toutes les r\u00e9gions.\n    <\/p>\n<p>    France T\u00e9l\u00e9visions utilise votre adresse e-mail afin de vous envoyer la newsletter \u00ab\u00a0L\u2019actu des r\u00e9gions\u00a0\u00bb. Vous pouvez vous d\u00e9sinscrire \u00e0 tout moment via le lien en bas de cette newsletter. <a target=\"_blank\" href=\"https:\/\/www.francetelevisions.fr\/groupe\/confidentialite\/politique-de-confidentialite\/politique-de-confidentialite-de-france-televisions-6503\" rel=\"nofollow noopener\">Notre politique de confidentialit\u00e9<\/a><\/p>\n<p>Il sent bon le soleil et le sable chaud. Ce sport, import\u00e9 du Br\u00e9sil il y a plus de 25 ans, se joue \u00e0 deux contre deux sur du sable avec un filet, un ballon et&#8230; les pieds. Le week-end, du 25 au 27 juillet 2025, se jouait les phases finales du mondial de foot-volley \u00e0 Juan-les-Pins, le public est bienvenu.<\/p>\n<blockquote class=\"ftvi_content_quote\">\n<p class=\"ftvi_citation_quote\">C&rsquo;est tr\u00e8s tr\u00e8s physique, dans la sable les efforts sont d\u00e9cupl\u00e9s et le filet est \u00e0 2 m\u00e8tre 20.<\/p>\n<p>Adrien Gavarini l&rsquo;un des organisateurs de la comp\u00e9tition<\/p>\n<p class=\"ftvi_citation_source\">\u00e0 France 3 C\u00f4te d&rsquo;Azur<\/p>\n<\/blockquote>\n<p>L&rsquo;\u00e9v\u00e8nement rassemble les plus grandes \u00e9quipes du monde avec, en favori, le Br\u00e9sil. Si la France s&rsquo;est faite \u00e9liminer, les phases finales comptent encore quelques europ\u00e9ens (notamment du sud avec l&rsquo;Espagne et l&rsquo;Italie)<\/p>\n<\/p>\n<p>\u00ab\u00a0\u00e7a reste un sport de niche, c&rsquo;est s\u00fbr, mais qui se d\u00e9veloppe \u00e9norm\u00e9ment et d&rsquo;autant plus avec ce genre d&rsquo;\u00e9v\u00e8nement, c&rsquo;est une belle vitrine\u00a0\u00bb explique Adrien Gavarini l&rsquo;un des organisateurs de l&rsquo;\u00e9v\u00e8nement.<\/p>\n<p>Ce sport, en soi, est tr\u00e8s spectaculaire, le public est d&rsquo;ailleurs invit\u00e9 \u00e0 le d\u00e9couvrir, car les matchs sont accessibles gratuitement \u00e0 la pin\u00e8de de Juan-les-Pins (Antibes).<\/p>\n<\/p>\n<p>Pour le spectacle, des stars du football traditionnel sont invit\u00e9es \u00e0 jouer comme <a href=\"https:\/\/www.instagram.com\/dantebahia?igsh=MXZraHZ1ejh6eWkwMA==\" target=\"_blank\" rel=\"noopener nofollow\">Dante, Footballeur international br\u00e9silien<\/a> \u00e9voluant \u00e0 l&rsquo;OGC Nice.<\/p>\n<p><a data-article-figure=\"\" href=\"https:\/\/france3-regions.franceinfo.fr\/image\/wo37ClzOQQ-16t9iYnZNJ_YVKXQ\/3415x5120\/regions\/2025\/07\/27\/whatsapp-image-2025-07-27-at-17-03-53-1-6886401f761c7106845912.jpg\" data-pswp-width=\"3415\" data-pswp-height=\"5120\" target=\"_blank\" rel=\"nofollow noopener\"><\/p>\n<p>          <img width=\"600\" height=\"400\" class=\"article-image lazy\" data-src=\"https:\/\/www.europesays.com\/fr\/wp-content\/uploads\/2025\/07\/whatsapp-image-2025-07-27-at-17-03-53-1-6886401f761c7106845912.jpg\" alt=\"Dante lors de son match de foot-volley ce dimanche 27 juillet 2025.\" fetchpriority=\"high\" as=\"image\"\/><\/p>\n<p>\n            Dante lors de son match de foot-volley ce dimanche 27 juillet 2025.<br \/>\n                           \u2022<br \/>\n                                      \u00a9 Baroudeur_Digital\n                      <\/p>\n<p><\/a><\/p>\n<p>Des animations sont pr\u00e9vues pour faire connaitre ce sport qui se pratique d\u00e9j\u00e0 beaucoup dans le d\u00e9partement des Alpes-Maritimes. De nombreuses villes poss\u00e8dent le leur comme Nice, Saint-Laurent ou encore Antibes.<\/p>\n<blockquote class=\"ftvi_content_quote\">\n<p class=\"ftvi_citation_quote\">Je suis un ancien du foot et du footvolley et je suis bluff\u00e9 par le niveau des joueurs, on se demande jusqu&rsquo;ou ils vont s&rsquo;arr\u00eater !<\/p>\n<p>Philippe En\u00e9a, ancien joueur et co-organisateur du mondial <\/p>\n<p class=\"ftvi_citation_source\">\u00e0 France 3 C\u00f4te d&rsquo;Azur<\/p>\n<\/blockquote>\n<p>Il n&rsquo;y a pas de f\u00e9d\u00e9ration propre \u00e0 ce sport, en fonction des pays, les sportifs s&rsquo;affilient \u00e0 la f\u00e9d\u00e9ration du football ou du volley. Philippe Enea, coorganisateur du mondial est ancien joueur de footvolley explique : \u00ab\u00a0il y a une f\u00e9d\u00e9ration internationale, mais pas nationale, on garde notre libert\u00e9 comme \u00e7a, ce n&rsquo;est pas plus mal.\u00a0\u00bb<\/p>\n<p>Plus de 8 000 visiteurs ont assist\u00e9 aux matchs dans la pin\u00e8de. Un spectacle \u00e0 vivre en fin de journ\u00e9e pour supporter la chaleur, de 17 \u00e0 22 heures.<\/p>\n<p>  <script async src=\"\/\/www.instagram.com\/embed.js\"><\/script><\/p>\n","protected":false},"excerpt":{"rendered":"Un m\u00e9lange de Beach-volley et de football, ce sport, tr\u00e8s physique, plut\u00f4t m\u00e9connu, est \u00e0 l&rsquo;honneur fin juillet&hellip;\n","protected":false},"author":2,"featured_media":278268,"comment_status":"","ping_status":"","sticky":false,"template":"","format":"standard","meta":{"footnotes":""},"categories":[1417],"tags":[1011,27,60,1470,1469],"class_list":{"0":"post-278267","1":"post","2":"type-post","3":"status-publish","4":"format-standard","5":"has-post-thumbnail","7":"category-volley","8":"tag-fr","9":"tag-france","10":"tag-sports","11":"tag-volley","12":"tag-volleyball"},"share_on_mastodon":{"url":"https:\/\/pubeurope.com\/@fr\/114927479133086194","error":""},"_links":{"self":[{"href":"https:\/\/www.europesays.com\/fr\/wp-json\/wp\/v2\/posts\/278267","targetHints":{"allow":["GET"]}}],"collection":[{"href":"https:\/\/www.europesays.com\/fr\/wp-json\/wp\/v2\/posts"}],"about":[{"href":"https:\/\/www.europesays.com\/fr\/wp-json\/wp\/v2\/types\/post"}],"author":[{"embeddable":true,"href":"https:\/\/www.europesays.com\/fr\/wp-json\/wp\/v2\/users\/2"}],"replies":[{"embeddable":true,"href":"https:\/\/www.europesays.com\/fr\/wp-json\/wp\/v2\/comments?post=278267"}],"version-history":[{"count":0,"href":"https:\/\/www.europesays.com\/fr\/wp-json\/wp\/v2\/posts\/278267\/revisions"}],"wp:featuredmedia":[{"embeddable":true,"href":"https:\/\/www.europesays.com\/fr\/wp-json\/wp\/v2\/media\/278268"}],"wp:attachment":[{"href":"https:\/\/www.europesays.com\/fr\/wp-json\/wp\/v2\/media?parent=278267"}],"wp:term":[{"taxonomy":"category","embeddable":true,"href":"https:\/\/www.europesays.com\/fr\/wp-json\/wp\/v2\/categories?post=278267"},{"taxonomy":"post_tag","embeddable":true,"href":"https:\/\/www.europesays.com\/fr\/wp-json\/wp\/v2\/tags?post=278267"}],"curies":[{"name":"wp","href":"https:\/\/api.w.org\/{rel}","templated":true}]}}