{"id":278269,"date":"2025-07-27T22:08:13","date_gmt":"2025-07-27T22:08:13","guid":{"rendered":"https:\/\/www.europesays.com\/fr\/278269\/"},"modified":"2025-07-27T22:08:13","modified_gmt":"2025-07-27T22:08:13","slug":"top-14-oh-les-beaux-bebes-lincroyable-3%e1%b5%89-ligne-de-lusap-pret-a-tout-casser-la-saison-prochaine","status":"publish","type":"post","link":"https:\/\/www.europesays.com\/fr\/278269\/","title":{"rendered":"Top 14. Oh les beaux b\u00e9b\u00e9s ! L&rsquo;incroyable 3\u1d49 ligne de l\u2019USAP pr\u00eat \u00e0 tout casser la saison prochaine ?"},"content":{"rendered":"<p>Petit \u00e0 petit, l\u2019oiseau fait son nid et au fil des signatures, l\u2019USAP dresse sa muraille. Alors que la saison 2025\/2026 de <a href=\"https:\/\/www.lerugbynistere.fr\/championnats\/top-14\" ui-sref=\"app.competition({competitionId: 1})\" alt=\"Top 14\" data-route=\"app.competition\" data-param=\"competitionId\" data-id=\"1\" rel=\"nofollow noopener\" target=\"_blank\">Top 14<\/a> commence dans quelques semaines, certaines \u00e9quipes de l\u2019\u00e9lite ont d\u00e9j\u00e0 commenc\u00e9 les pr\u00e9paratifs en vue de l\u2019exercice \u00e0 venir. Parmi elles, on retrouve l\u2019USAP qui profite d\u2019une arme cons\u00e9quente pour la saison \u00e0 venir : <strong>une troisi\u00e8me ligne \u00e0 la profondeur folle.<\/strong><\/p>\n<p><a class=\"inserer_lien_article\" href=\"https:\/\/www.lerugbynistere.fr\/news\/transfert-top-14-apres-yato-lusap-recrute-une-autre-force-de-la-nature-du-pacifique-2711241812.php\" data-id=\"43300\" data-route=\"app.article\" data-param=\"articleId\" ui-sref=\"app.article({articleId: 43300})\" alt=\"TRANSFERT. Top 14. Apr\u00e8s Yato, l\u2019USAP recrute une autre force de la nature du Pacifique\" title=\"TRANSFERT. Top 14. Apr\u00e8s Yato, l\u2019USAP recrute une autre force de la nature du Pacifique\" rel=\"nofollow noopener\" target=\"_blank\"><img decoding=\"async\" src=\"https:\/\/www.europesays.com\/fr\/wp-content\/uploads\/2025\/07\/yt-27-11-24-2135.jpg\" alt=\"TRANSFERT. Top 14. Apr\u00e8s Yato, l\u2019USAP recrute une autre force de la nature du Pacifique\"\/>TRANSFERT. Top 14. Apr\u00e8s Yato, l\u2019USAP recrute une autre force de la nature du Pacifique<\/a><\/p>\n<p>Attention, \u00e7a va (d\u00e9)couper !<\/p>\n<p>En effet, le club catalan a recrut\u00e9 pas moins de quatre joueurs dans ce secteur. Parmi les noms des nouveaux arrivants, <strong>certains provoquent beaucoup d\u2019excitation du c\u00f4t\u00e9 d\u2019Aim\u00e9 Giral.<\/strong> En star du recrutement, il est difficile de ne pas penser \u00e0 l\u2019un des capitaines de l\u2019\u00c9cosse, <a href=\"https:\/\/www.lerugbynistere.fr\/fiches-joueurs\/jamie-ritchie.php\" ui-sref=\"app.player({playerId: 6371})\" alt=\"Jamie Ritchie\" data-route=\"app.player\" data-param=\"playerId\" data-id=\"6371\" rel=\"nofollow noopener\" target=\"_blank\">Jamie Ritchie<\/a> (28 ans, 61 caps). Il pose ses valises dans le sud, pr\u00eat \u00e0 d\u00e9couvrir la douceur du Banyuls et l\u2019aspect rugueux du Top 14.<\/p>\n<p>En parall\u00e8le, deux figures du Top 14 d\u00e9barquent aussi en Catalogne. Ainsi, l&rsquo;international fidjien <strong><a href=\"https:\/\/www.lerugbynistere.fr\/fiches-joueurs\/peceli-yato.php\" ui-sref=\"app.player({playerId: 2494})\" alt=\"Peceli Yato\" data-route=\"app.player\" data-param=\"playerId\" data-id=\"2494\" rel=\"nofollow noopener\" target=\"_blank\">Peceli Yato<\/a> (18 caps) retrouve Franck Az\u00e9ma du c\u00f4t\u00e9 de l\u2019USAP.<\/strong> \u00c0 32 ans, le titan de 120 kg pour 1,96 m risque de rapidement convaincre Aim\u00e9 Giral avec ses charges d\u00e9vastatrices et ses <a href=\"https:\/\/www.lerugbynistere.fr\/videos\/plaquages.php\" ui-sref=\"app.tag\" alt=\"Plaquages\" data-route=\"app.tag\" data-param=\"slug\" data-id=\"plaquages\" rel=\"nofollow noopener\" target=\"_blank\">plaquages<\/a> (tr\u00e8s) offensifs. Venu de la Gironde, le champion d\u2019Europe et ic\u00f4ne de l\u2019UBB <a href=\"https:\/\/www.lerugbynistere.fr\/fiches-joueurs\/mahamadou-diaby.php\" ui-sref=\"app.player({playerId: 826})\" alt=\"Mahamadou Diaby\" data-route=\"app.player\" data-param=\"playerId\" data-id=\"826\" rel=\"nofollow noopener\" target=\"_blank\">Mahamadou Diaby<\/a> (34 ans) arrive aussi chez les Sang et Or en tant que joker m\u00e9dical de <a href=\"https:\/\/www.lerugbynistere.fr\/fiches-joueurs\/patrick-sobela.php\" ui-sref=\"app.player({playerId: 5433})\" alt=\"Patrick Sobela\" data-route=\"app.player\" data-param=\"playerId\" data-id=\"5433\" rel=\"nofollow noopener\" target=\"_blank\">Patrick Sobela<\/a>, dans un premier temps.<\/p>\n<p><a class=\"inserer_lien_article\" href=\"https:\/\/www.lerugbynistere.fr\/news\/transfert-apres-yato-et-ritchie-lusap-sur-le-point-dattirer-un-cadre-du-rct-2804251800.php\" data-id=\"44790\" data-route=\"app.article\" data-param=\"articleId\" ui-sref=\"app.article({articleId: 44790})\" alt=\"TRANSFERT. Apr\u00e8s Yato et Ritchie, l&#039;USAP sur le point d&#039;attirer un cadre du RCT\" title=\"TRANSFERT. Apr\u00e8s Yato et Ritchie, l&#039;USAP sur le point d&#039;attirer un cadre du RCT\" rel=\"nofollow noopener\" target=\"_blank\"><img decoding=\"async\" src=\"https:\/\/www.europesays.com\/fr\/wp-content\/uploads\/2025\/05\/usap-28-04-25-7433.jpg\" alt=\"TRANSFERT. Apr\u00e8s Yato et Ritchie, l'USAP sur le point d'attirer un cadre du RCT\"\/>TRANSFERT. Apr\u00e8s Yato et Ritchie, l&rsquo;USAP sur le point d&rsquo;attirer un cadre du RCT<\/a><\/p>\n<p>Ensuite, l\u2019USAP r\u00e9alise un bon coup en obtenant la signature d\u2019un ancien enfant du club. En effet, <strong><a href=\"https:\/\/www.lerugbynistere.fr\/fiches-joueurs\/matteo-le-corvec.php\" ui-sref=\"app.player({playerId: 8507})\" alt=\"Matt\u00e9o Le Corvec\" data-route=\"app.player\" data-param=\"playerId\" data-id=\"8507\" rel=\"nofollow noopener\" target=\"_blank\">Matt\u00e9o Le Corvec<\/a> (24 ans) revient au club qu\u2019il avait quitt\u00e9 en 2012<\/strong>, apr\u00e8s y avoir appris les premiers rudiments du ballon ovale. Pass\u00e9 par le RC <a href=\"https:\/\/www.lerugbynistere.fr\/clubs\/rugby-club-toulonnais.php\" ui-sref=\"app.team({teamId: 28})\" alt=\"Toulon\" data-route=\"app.team\" data-param=\"teamId\" data-id=\"28\" rel=\"nofollow noopener\" target=\"_blank\">Toulon<\/a>, le troisi\u00e8me ligne fran\u00e7ais a souvent \u00e9t\u00e9 tr\u00e8s performant et efficace dans le Var. Cependant, son temps de jeu peinait \u00e0 exploser face \u00e0 la rude concurrence des stars pr\u00e9sentes chez les Rouge et Noir.<\/p>\n<p>De plus, <strong>l&rsquo;\u00e9quipe emmen\u00e9e par Franck Az\u00e9ma n\u2019\u00e9tait pas vraiment \u00e0 plaindre dans ce secteur<\/strong>, avant d\u2019y recruter des futures forces vives. En Catalogne, l\u2019Argentin Joaqu\u00edn Oviedo (24 ans), le soldat <a href=\"https:\/\/www.lerugbynistere.fr\/fiches-joueurs\/lucas-velarte.php\" ui-sref=\"app.player({playerId: 9613})\" alt=\"Lucas Velarte\" data-route=\"app.player\" data-param=\"playerId\" data-id=\"9613\" rel=\"nofollow noopener\" target=\"_blank\">Lucas Velarte<\/a> (26 ans) et le n\u00e9o-international fran\u00e7ais Jacobus van Tonder (27 ans, 2 caps) sont d\u00e9j\u00e0 des joueurs install\u00e9s dans l\u2019effectif de l\u2019USAP. De plus, l\u2019\u00e9mergence du jeune No\u00e9 Della-Schiava (23 ans) entretient cet engouement.<\/p>\n<p><a class=\"inserer_lien_article\" href=\"https:\/\/www.lerugbynistere.fr\/news\/transfert-lusap-confirme-larrivee-de-ce-centre-international-pour-la-saison-prochaine-2005251035.php\" data-id=\"45005\" data-route=\"app.article\" data-param=\"articleId\" ui-sref=\"app.article({articleId: 45005})\" alt=\"Top 14. Transfert. L&#039;USAP confirme l&#039;arriv\u00e9e de ce centre international pour la saison prochaine\" title=\"Top 14. Transfert. L&#039;USAP confirme l&#039;arriv\u00e9e de ce centre international pour la saison prochaine\" rel=\"nofollow noopener\" target=\"_blank\"><img decoding=\"async\" src=\"https:\/\/www.europesays.com\/fr\/wp-content\/uploads\/2025\/07\/paiaaua-sengage-officiellement-avec-lusap-20-05-25-8493.jpg\" alt=\"Top 14. Transfert. L'USAP confirme l'arriv\u00e9e de ce centre international pour la saison prochaine\"\/>Top 14. Transfert. L&rsquo;USAP confirme l&rsquo;arriv\u00e9e de ce centre international pour la saison prochaine<\/a><\/p>\n<p>L\u2019USAP veut hausser son niveau<\/p>\n<p>De plus, cette profondeur d\u2019effectif hallucinante en troisi\u00e8me ligne <strong>se conjugue \u00e0 d\u2019autres \u00e9vidences dans le pack.<\/strong> De fait, la valeur de joueurs comme Giorgi Beria (25 ans) ou <a href=\"https:\/\/www.lerugbynistere.fr\/fiches-joueurs\/posolo-tuilagi.php\" ui-sref=\"app.player({playerId: 14370})\" alt=\"Posolo Tuilagi\" data-route=\"app.player\" data-param=\"playerId\" data-id=\"14370\" rel=\"nofollow noopener\" target=\"_blank\">Posolo Tuilagi<\/a> (21 ans) n\u2019est plus \u00e0 prouver. Ainsi, Franck Az\u00e9ma et son staff ont le choix du roi afin de gagner la bataille des avants qui s\u2019op\u00e8re \u00e0 chaque match. D\u00e9j\u00e0 pl\u00e9biscit\u00e9 par son jeu d\u2019avant attrayant et offensif la saison pass\u00e9e, l\u2019USAP aura d\u00e9sormais son mot \u00e0 dire du c\u00f4t\u00e9 des \u2018gros\u2019.<\/p>\n<p>D\u00e9sormais, <a href=\"https:\/\/www.lerugbynistere.fr\/clubs\/usap-perpignan.php\" ui-sref=\"app.team({teamId: 52})\" alt=\"Perpignan\" data-route=\"app.team\" data-param=\"teamId\" data-id=\"52\" rel=\"nofollow noopener\" target=\"_blank\">Perpignan<\/a> esp\u00e8re surtout \u00eatre \u00e9pargn\u00e9 par les blessures et conna\u00eetre un peu plus de r\u00e9ussite, afin de ne plus \u00eatre (presque) syst\u00e9matiquement abonn\u00e9 \u00e0 la p\u00e9nulti\u00e8me place du Top 14. Pour \u00e9viter de suer \u00e0 grosses gouttes, <strong>la direction s\u2019est offert les moyens d\u2019y croire un peu plus<\/strong> avec ce recrutement. Reste \u00e0 voir s\u2019il portera ses fruits\u2026<\/p>\n<p><a class=\"inserer_lien_article\" href=\"https:\/\/www.lerugbynistere.fr\/news\/top-14-sans-contrat-ce-springbok-champion-du-monde-a-lavenir-flou-vers-la-france-2707251100.php\" data-id=\"45670\" data-route=\"app.article\" data-param=\"articleId\" ui-sref=\"app.article({articleId: 45670})\" alt=\"Top 14. Sans contrat, ce Springbok champion du monde \u00e0 l&#039;avenir flou vers la France ?\" title=\"Top 14. Sans contrat, ce Springbok champion du monde \u00e0 l&#039;avenir flou vers la France ?\" rel=\"nofollow noopener\" target=\"_blank\"><img decoding=\"async\" src=\"https:\/\/www.europesays.com\/fr\/wp-content\/uploads\/2025\/07\/1753654093_86_lukhanyo-am-27-07-25-8751.jpg\" alt=\"Top 14. Sans contrat, ce Springbok champion du monde \u00e0 l'avenir flou vers la France ?\"\/>Top 14. Sans contrat, ce Springbok champion du monde \u00e0 l&rsquo;avenir flou vers la France ?<\/a><\/p>\n","protected":false},"excerpt":{"rendered":"Petit \u00e0 petit, l\u2019oiseau fait son nid et au fil des signatures, l\u2019USAP dresse sa muraille. Alors que&hellip;\n","protected":false},"author":2,"featured_media":278270,"comment_status":"","ping_status":"","sticky":false,"template":"","format":"standard","meta":{"footnotes":""},"categories":[1416],"tags":[1011,27,479,1468,60],"class_list":{"0":"post-278269","1":"post","2":"type-post","3":"status-publish","4":"format-standard","5":"has-post-thumbnail","7":"category-rugby","8":"tag-fr","9":"tag-france","10":"tag-rugby","11":"tag-rugby-football","12":"tag-sports"},"share_on_mastodon":{"url":"https:\/\/pubeurope.com\/@fr\/114927481957847947","error":""},"_links":{"self":[{"href":"https:\/\/www.europesays.com\/fr\/wp-json\/wp\/v2\/posts\/278269","targetHints":{"allow":["GET"]}}],"collection":[{"href":"https:\/\/www.europesays.com\/fr\/wp-json\/wp\/v2\/posts"}],"about":[{"href":"https:\/\/www.europesays.com\/fr\/wp-json\/wp\/v2\/types\/post"}],"author":[{"embeddable":true,"href":"https:\/\/www.europesays.com\/fr\/wp-json\/wp\/v2\/users\/2"}],"replies":[{"embeddable":true,"href":"https:\/\/www.europesays.com\/fr\/wp-json\/wp\/v2\/comments?post=278269"}],"version-history":[{"count":0,"href":"https:\/\/www.europesays.com\/fr\/wp-json\/wp\/v2\/posts\/278269\/revisions"}],"wp:featuredmedia":[{"embeddable":true,"href":"https:\/\/www.europesays.com\/fr\/wp-json\/wp\/v2\/media\/278270"}],"wp:attachment":[{"href":"https:\/\/www.europesays.com\/fr\/wp-json\/wp\/v2\/media?parent=278269"}],"wp:term":[{"taxonomy":"category","embeddable":true,"href":"https:\/\/www.europesays.com\/fr\/wp-json\/wp\/v2\/categories?post=278269"},{"taxonomy":"post_tag","embeddable":true,"href":"https:\/\/www.europesays.com\/fr\/wp-json\/wp\/v2\/tags?post=278269"}],"curies":[{"name":"wp","href":"https:\/\/api.w.org\/{rel}","templated":true}]}}