{"id":27827,"date":"2025-04-15T23:12:09","date_gmt":"2025-04-15T23:12:09","guid":{"rendered":"https:\/\/www.europesays.com\/fr\/27827\/"},"modified":"2025-04-15T23:12:09","modified_gmt":"2025-04-15T23:12:09","slug":"aston-villa-psg-3-2-paris-bouscule-paris-petrifie-mais-paris-qualifie","status":"publish","type":"post","link":"https:\/\/www.europesays.com\/fr\/27827\/","title":{"rendered":"Aston Villa-PSG (3-2)\u00a0: Paris bouscul\u00e9, Paris p\u00e9trifi\u00e9 mais Paris qualifi\u00e9"},"content":{"rendered":"<p class=\"paragraph text_align_left\">Il est possible que plus rien ne l\u2019arr\u00eate. Le PSG poursuit sa route en <a href=\"https:\/\/www.leparisien.fr\/sports\/football\/ligue-des-champions\/\" target=\"_blank\" rel=\"nofollow noopener\">Ligue des champions<\/a>, pour la deuxi\u00e8me ann\u00e9e de suite en demi-finale de la comp\u00e9tition, une r\u00e9ussite majeure pour le nouveau projet du club et son entra\u00eeneur, Luis Enrique, sans doute le plus grand depuis l\u2019arriv\u00e9e du Qatar en 2011. Rien n\u2019a \u00e9t\u00e9 facile et tout a m\u00eame \u00e9t\u00e9 compliqu\u00e9, Paris se laissant d\u00e9border malgr\u00e9 quatre buts d\u2019avance au bout d\u2019une demi-heure.<\/p>\n<p class=\"legal-notices lp-f-ui-06 lp-color-text-muted lp-mb-07\">Les jeux d&rsquo;argent et de hasard peuvent \u00eatre dangereux : pertes d&rsquo;argent, conflits familiaux, addiction\u2026 Retrouvez nos conseils sur <a href=\"https:\/\/joueurs-info-service.fr\/\" class=\"lp-color-text-muted\" rel=\"nofollow noopener\" target=\"_blank\">joueurs-info-service.fr<\/a> (09 74 75 13 13 &#8211; appel non surtax\u00e9)<\/p>\n<p class=\"paragraph text_align_left\">Mais m\u00eame en \u00e9tant tr\u00e8s mauvais pendant une heure, il parvient \u00e0 se qualifier, l\u2019objectif apr\u00e8s avoir \u00e9limin\u00e9 Liverpool au tour pr\u00e9c\u00e9dent. M\u00eame s\u2019il devra m\u00e9diter son \u00e9norme passage \u00e0 vide dans la rencontre, <a href=\"https:\/\/www.leparisien.fr\/sports\/football\/psg\/\" target=\"_blank\" rel=\"nofollow noopener\">Paris<\/a> se pr\u00e9sente une nouvelle fois dans le denier carr\u00e9 de l\u2019\u00e9preuve avec beaucoup plus de garanties que la saison derni\u00e8re. Malgr\u00e9 ses d\u00e9fauts, il prend le costume en 2025 d\u2019un candidat cr\u00e9dible \u00e0 une place en finale voire \u00e0 une victoire \u00e0 Munich le 31 mai si la vie lui sourit.<\/p>\n<p class=\"paragraph text_align_left\">Il y a eu deux visages du PSG, le nouveau et l\u2019ancien dans une lutte d\u00e9moniaque entre l\u2019avenir et le pass\u00e9. Menant d\u2019abord 0-2, il a cru \u00e9teindre tout suspense \u00e0 la faveur d\u2019un score cumul\u00e9 de 5-1 sur l\u2019ensemble des deux matchs. Mais l\u2019ancien PSG a ressurgi, grignotant peu \u00e0 peu les t\u00eates des Parisiens, qui ont encaiss\u00e9 un 3-0 entre la 34e et la 58e, soit en moins de 25 minutes si l\u2019on enl\u00e8ve la pause. C\u2019est un peu le fant\u00f4me de la <a href=\"https:\/\/www.leparisien.fr\/sports\/football\/ligue-des-champions\/il-etait-une-fois-la-remontada-un-match-qui-a-change-le-visage-du-football-08-04-2024-2G6BN7AMFRCQNAAFFQAXIBH65Q.php\" target=\"_blank\" rel=\"nofollow noopener\">remontada<\/a> qui est r\u00e9apparu alors que les Parisiens n\u2019ont plus touch\u00e9 le ballon et qu\u2019Aston Villa a r\u00e9ussi \u00e0 entra\u00eener le public dans sa r\u00e9volte et sa croyance. Et Villa Park, d\u00e9j\u00e0 chaud bouillant, s\u2019est r\u00e9v\u00e9l\u00e9 br\u00fblant, incandescent, une marmite pr\u00eate \u00e0 cramer le club de la capitale par tous les pores de sa peau.<\/p>\n<p>Et soudain, la peur du bide\u2026<\/p>\n<p class=\"paragraph text_align_left\">Asphyxi\u00e9 \u00e0 l\u2019aller, Aston Villa a retourn\u00e9 la pi\u00e8ce au retour, \u00e9touffant les partenaires de <a href=\"https:\/\/www.leparisien.fr\/sports\/football\/psg\/je-suis-encore-impressionne-par-ce-que-jai-devant-les-yeux-une-journee-avec-marquinhos-au-campus-psg-21-11-2024-M53HLZK37NFQ7HV63TANUZFH3Q.php\" target=\"_blank\" rel=\"nofollow noopener\">Marquinhos<\/a> au cours de 45 minutes folles d\u2019intensit\u00e9. Faire \u00e7a \u00e0 1-2 apr\u00e8s avoir perdu l\u2019aller 3-1 indique que la formation d\u2019Unai Emery, sautillant tout le match dans sa zone technique en vivant le match avec une passion d\u00e9bordante, poss\u00e8de des ressorts intimes hors normes. Ce quart de finale opposait deux \u00e9quipes tr\u00e8s proches et semble s\u2019\u00eatre jou\u00e9 \u00e0 rien, ce qui rappelle \u00e9galement l\u2019importance du but de Nuno Mendes dans le temps additionnel au Parc des Princes.<\/p>\n<p class=\"paragraph text_align_left\">Il y avait encore 2-2 \u00e0 40 minutes du terme de la rencontre mais le PSG n\u2019a pas r\u00e9ussi \u00e0 calmer le match, revenir dedans malgr\u00e9 l\u2019entr\u00e9e de <a href=\"https:\/\/www.leparisien.fr\/sports\/football\/desire-doue\/\" target=\"_blank\" rel=\"nofollow noopener\">D\u00e9sir\u00e9 Dou\u00e9<\/a>, suppl\u00e9ant un Bradley Barcola pas assez tranchant, et amenant une meilleure r\u00e9sistance et capacit\u00e9 \u00e0 garder le ballon. Le mal end\u00e9mique parisien &#8211; la frousse, des duels mous, le doute dans la t\u00eate, la peur du bide &#8211; a gagn\u00e9 trop de terrain au cours de la seconde p\u00e9riode, obligeant les Parisiens \u00e0 puiser trop t\u00f4t dans leur mental normalement au top. <a href=\"https:\/\/www.leparisien.fr\/sports\/football\/ligue-des-champions\/si-on-les-prend-a-leur-meilleur-niveau-il-ny-a-pas-photo-donnarumma-martinez-duel-de-geants-09-04-2025-WEEWAPVF7NHPFJFX656ERPT73E.php\" target=\"_blank\" rel=\"nofollow noopener\">Gianluigi Donnarumma<\/a> a d\u00fb sortir trop de parades avant le troisi\u00e8me but et encore apr\u00e8s, signe d\u2019une fragilit\u00e9 d\u00e9fensive d\u2019ensemble d\u00e9sesp\u00e9rante et qu\u2019on leur croyait pass\u00e9e de mode.<\/p>\n<p class=\"paragraph text_align_left\">En 45 minutes, il est redevenu le PSG de d\u00e9but de saison, travers\u00e9 par trop d\u2019insuffisances d\u00e9fensives au sens large. Les ailiers ce mardi soir \u00e0 Villa Park ont moins bien d\u00e9fendu que Porte de Saint-Cloud. Il faudra au passage s\u2019interroger sur cette dr\u00f4le de fa\u00e7on de pr\u00e9parer les rencontres en supprimant les matchs de championnat au milieu. M\u00eame s\u2019il a r\u00e9alis\u00e9 une entame parfaite, le PSG n\u2019a pas sembl\u00e9 b\u00e9n\u00e9ficier de ses aisances athl\u00e9tiques habituelles. Il lui reste ainsi des axes de progression et c\u2019est au fond une bonne nouvelle quand on arrive en demi-finale de la Ligue des champions.<\/p>\n","protected":false},"excerpt":{"rendered":"Il est possible que plus rien ne l\u2019arr\u00eate. Le PSG poursuit sa route en Ligue des champions, pour&hellip;\n","protected":false},"author":2,"featured_media":27828,"comment_status":"","ping_status":"","sticky":false,"template":"","format":"standard","meta":{"footnotes":""},"categories":[1888],"tags":[1111,1928,11,1927,1777,674,63,1011,27,447,12,1926,626,1925,25,60],"class_list":{"0":"post-27827","1":"post","2":"type-post","3":"status-publish","4":"format-standard","5":"has-post-thumbnail","7":"category-paris","8":"tag-actu","9":"tag-actu-paris","10":"tag-actualites","11":"tag-actualites-paris","12":"tag-eu","13":"tag-europe","14":"tag-football","15":"tag-fr","16":"tag-france","17":"tag-ligue-des-champions","18":"tag-news","19":"tag-news-paris","20":"tag-paris","21":"tag-paris-news","22":"tag-republique-francaise","23":"tag-sports"},"share_on_mastodon":{"url":"https:\/\/pubeurope.com\/@fr\/114344515711072210","error":""},"_links":{"self":[{"href":"https:\/\/www.europesays.com\/fr\/wp-json\/wp\/v2\/posts\/27827","targetHints":{"allow":["GET"]}}],"collection":[{"href":"https:\/\/www.europesays.com\/fr\/wp-json\/wp\/v2\/posts"}],"about":[{"href":"https:\/\/www.europesays.com\/fr\/wp-json\/wp\/v2\/types\/post"}],"author":[{"embeddable":true,"href":"https:\/\/www.europesays.com\/fr\/wp-json\/wp\/v2\/users\/2"}],"replies":[{"embeddable":true,"href":"https:\/\/www.europesays.com\/fr\/wp-json\/wp\/v2\/comments?post=27827"}],"version-history":[{"count":0,"href":"https:\/\/www.europesays.com\/fr\/wp-json\/wp\/v2\/posts\/27827\/revisions"}],"wp:featuredmedia":[{"embeddable":true,"href":"https:\/\/www.europesays.com\/fr\/wp-json\/wp\/v2\/media\/27828"}],"wp:attachment":[{"href":"https:\/\/www.europesays.com\/fr\/wp-json\/wp\/v2\/media?parent=27827"}],"wp:term":[{"taxonomy":"category","embeddable":true,"href":"https:\/\/www.europesays.com\/fr\/wp-json\/wp\/v2\/categories?post=27827"},{"taxonomy":"post_tag","embeddable":true,"href":"https:\/\/www.europesays.com\/fr\/wp-json\/wp\/v2\/tags?post=27827"}],"curies":[{"name":"wp","href":"https:\/\/api.w.org\/{rel}","templated":true}]}}