{"id":278272,"date":"2025-07-27T22:11:19","date_gmt":"2025-07-27T22:11:19","guid":{"rendered":"https:\/\/www.europesays.com\/fr\/278272\/"},"modified":"2025-07-27T22:11:19","modified_gmt":"2025-07-27T22:11:19","slug":"augusto-fernandez-un-projet-prometteur-aux-meilleures-sensations","status":"publish","type":"post","link":"https:\/\/www.europesays.com\/fr\/278272\/","title":{"rendered":"Augusto Fern\u00e1ndez : un projet prometteur aux meilleures sensations"},"content":{"rendered":"<p><img data-lazyloaded=\"1\" width=\"1024\" height=\"576\" class=\"attachment-large size-large wp-post-image\" alt=\"Augusto Fern\u00e1ndez en competici\u00f3n\" decoding=\"async\" fetchpriority=\"high\" src=\"https:\/\/www.europesays.com\/fr\/wp-content\/uploads\/2025\/07\/Augusto-Fernandez-un-projet-prometteur-aux-meilleures-sensations.jpeg\"\/><\/p>\n<p>Photo : MotoGP<\/p>\n<p>Un week-end encourageant pour Augusto Fern\u00e1ndez<\/p>\n<p>Depuis le d\u00e9but de cette saison, <strong>Augusto Fern\u00e1ndez est pilote essayeur pour Yamaha<\/strong>, une \u00e9curie qui mise sur un projet ambitieux, particuli\u00e8rement pour 2027. Champion de Moto2 en 2022 et ancien pilote chez Gas Gas, Augusto est clairement <strong>un acteur cl\u00e9 de cette aventure<\/strong>. Lors du Grand Prix de la R\u00e9publique tch\u00e8que \u00e0 Brno, disput\u00e9 le week-end dernier, le pilote majorquin a eu le r\u00f4le de wildcard pour l\u2019\u00e9quipe d\u2019essais Yamaha, apr\u00e8s avoir d\u00e9j\u00e0 couru en remplacement de pilotes bless\u00e9s comme Oliveira ou Rins. Malgr\u00e9 une derni\u00e8re place en course, il en retire <strong>des points positifs pour les futurs tests<\/strong>, comme il l\u2019a confi\u00e9 lors d\u2019une interview donn\u00e9e \u00e0 notre confr\u00e8re Manuel Pecino.<\/p>\n<p>Augusto a livr\u00e9 une analyse honn\u00eate de sa performance, soulignant les difficult\u00e9s rencontr\u00e9es sur la piste et son <strong>niveau personnel<\/strong> dans le groupe : \u00ab La course a \u00e9t\u00e9 compliqu\u00e9e en peloton. Je suis satisfait de mes tours et de ma vitesse, mais c\u2019\u00e9tait vraiment difficile de d\u00e9passer, surtout avec l\u2019\u00e9chauffement rapide du pneu avant. J\u2019ai fait une long lap, puis j\u2019ai r\u00e9ussi \u00e0 revenir dans le groupe, mais c\u2019est l\u00e0 que je suis rest\u00e9. \u00bb<\/p>\n<p>Le pilote a \u00e9galement expliqu\u00e9 les probl\u00e8mes d\u00e9tect\u00e9s sur la moto en situation de trafic dense : \u00ab En groupe, notre moto souffre un peu sur les acc\u00e9l\u00e9rations, qui nous posent toujours probl\u00e8me. Nous pouvons freiner fort, mais souvent trop loin du virage, ce qui rend la t\u00e2che ardue. \u00bb Il a insist\u00e9 sur l\u2019importance d\u2019avoir termin\u00e9 la course afin de recueillir des donn\u00e9es pr\u00e9cieuses : \u00ab Au moins, j\u2019ai termin\u00e9 la course pour collecter des informations que je n\u2019avais pas pu obtenir la veille apr\u00e8s mes d\u00e9convenues. Nous allons maintenant retourner \u00e0 Barcelone pour poursuivre le travail lors des tests. \u00bb<\/p>\n<p>Les d\u00e9fis \u00e0 relever en tant que wildcard<\/p>\n<p>Augusto a aussi \u00e9voqu\u00e9 les exigences d\u2019int\u00e9gration rapide au rythme du championnat en tant que wildcard, avec peu de temps pour r\u00e9gler la moto, malgr\u00e9 plusieurs apparitions cette saison : \u00ab Le manque de rythme se fait sentir. J\u2019ai d\u00fb forcer chaque jour, m\u00eame pour les r\u00e9glages. Depuis Arag\u00f3n, la moto a \u00e9volu\u00e9 au niveau de la configuration, et voudrait tout essayer rapidement avec peu d\u2019essais. Le vendredi pluvieux n\u2019a pas aid\u00e9. Faire le tour le plus rapide en course, en \u00e9tant plus rapide que certains pilotes, c\u2019est d\u00e9j\u00e0 une bonne nouvelle. \u00bb<\/p>\n<p>Enfin, il reconna\u00eet \u00eatre encore <strong>loin de son meilleur niveau<\/strong>, mais garde confiance dans sa progression \u00e0 venir, enti\u00e8rement concentr\u00e9 sur le d\u00e9veloppement du projet Yamaha : \u00ab Je manque encore de rythme \u00e0 la fin de la semaine, mais je le retrouve petit \u00e0 petit. Ces tests sont cruciaux pour essayer ce que nous avons \u00e0 disposition, et am\u00e9liorer les sensations. \u00bb Il conclut sur une note d\u2019engagement : \u00ab Pas de vacances pour moi, direction Barcelone ! \u00bb<\/p>\n<p>Points \u00e0 retenir<\/p>\n<ul>\n<li>Augusto Fern\u00e1ndez, bien que novice en MotoGP en tant que pilote titulaire, joue un r\u00f4le crucial dans le d\u00e9veloppement des machines Yamaha, confirmant que les titres Moto2 ne sont pas un dipl\u00f4me de facilit\u00e9.<\/li>\n<li>Le r\u00f4le de wildcard n\u2019est pas une balade de sant\u00e9 : peu de temps pour s\u2019adapter, une moto en constante \u00e9volution, et l\u2019effet \u00ab roue chaude \u00bb du pneu avant qui transforme les d\u00e9passements en casse-t\u00eate chinois.<\/li>\n<li>Le diagnostic du pilote refl\u00e8te les limites actuelles de la moto Yamaha en situation de trafic, notamment en acc\u00e9l\u00e9ration et freinage, montrant que l\u2019am\u00e9lioration ne r\u00e9side pas uniquement dans la puissance brute.<\/li>\n<li>Finir la course est d\u00e9j\u00e0 une victoire pour collecter des donn\u00e9es, preuve qu\u2019en MotoGP, m\u00eame le dernier compte tr\u00e8s fort.<\/li>\n<li>Le projet 2027 de Yamaha appara\u00eet s\u00e9rieux, au point que les essais ne connaissent pas de pause estivale, et que les vacances sont une notion fantasm\u00e9e pour les pilotes de pointe.<\/li>\n<\/ul>\n<p>En somme, on pourrait croire qu\u2019\u00eatre pilote d\u2019essais, c\u2019est le club des joueurs de fl\u00e9chettes en salle tranquille, mais non, c\u2019est plut\u00f4t un marathon dans un labyrinthe en feu. Et pour Augusto, ce n\u2019est qu\u2019un d\u00e9but prometteur, m\u00eame s\u2019il reste encore loin de la vitesse attendue. Et qui sait, si la moto se transforme en bolide d\u2019ici 2027, peut-\u00eatre que le \u00ab wild card \u00bb deviendra \u00ab wild star \u00bb. Bien s\u00fbr, je dis \u00e7a en sirotant mon caf\u00e9, bien loin des freinages br\u00fblants et du sable tch\u00e8que\u2026 Mais franchement, qui aurait envie d\u2019\u00e9changer ?<\/p>\n<p class=\"has-white-color has-text-color has-background has-link-color\" style=\"background-color:#b2b2b2;font-size:12px\">Cet article a \u00e9t\u00e9 g\u00e9n\u00e9r\u00e9 gr\u00e2ce \u00e0 l&rsquo;intelligence Artificielle. Chez LesNews, nos r\u00e9dacteurs exploitent l&rsquo;IA pour \u00e9laborer des articles innovants \u00e0 partir de <strong>sources fiables.<\/strong> Si vous rep\u00e9rez une image ou un contenu inappropri\u00e9, merci de nous le signaler via le <a href=\"https:\/\/lesnews.ca\/formulaire-dmca\/\" data-wpel-link=\"internal\" rel=\"nofollow noopener\" target=\"_blank\">formulaire DMCA <\/a>\u2013 nous agirons rapidement pour le corriger. \/ This article has been generated using Artificial Intelligence. At LesNews, our editors leverage AI to craft innovative articles <strong>sourced<\/strong> from <strong>reliable references<\/strong>. If you come across any image or content that appears inappropriate, please notify us through the <a href=\"https:\/\/lesnews.ca\/formulaire-dmca\/\" data-wpel-link=\"internal\" rel=\"nofollow noopener\" target=\"_blank\">DMCA form<\/a> \u2013 we will promptly take action to address it.<\/p>\n<p>  Navigation de l\u2019article<\/p>\n","protected":false},"excerpt":{"rendered":"Photo : MotoGP Un week-end encourageant pour Augusto Fern\u00e1ndez Depuis le d\u00e9but de cette saison, Augusto Fern\u00e1ndez est&hellip;\n","protected":false},"author":2,"featured_media":278273,"comment_status":"","ping_status":"","sticky":false,"template":"","format":"standard","meta":{"footnotes":""},"categories":[1413],"tags":[1011,27,1457,1456,60],"class_list":{"0":"post-278272","1":"post","2":"type-post","3":"status-publish","4":"format-standard","5":"has-post-thumbnail","7":"category-moto","8":"tag-fr","9":"tag-france","10":"tag-moto","11":"tag-motocycle","12":"tag-sports"},"share_on_mastodon":{"url":"https:\/\/pubeurope.com\/@fr\/114927493726212519","error":""},"_links":{"self":[{"href":"https:\/\/www.europesays.com\/fr\/wp-json\/wp\/v2\/posts\/278272","targetHints":{"allow":["GET"]}}],"collection":[{"href":"https:\/\/www.europesays.com\/fr\/wp-json\/wp\/v2\/posts"}],"about":[{"href":"https:\/\/www.europesays.com\/fr\/wp-json\/wp\/v2\/types\/post"}],"author":[{"embeddable":true,"href":"https:\/\/www.europesays.com\/fr\/wp-json\/wp\/v2\/users\/2"}],"replies":[{"embeddable":true,"href":"https:\/\/www.europesays.com\/fr\/wp-json\/wp\/v2\/comments?post=278272"}],"version-history":[{"count":0,"href":"https:\/\/www.europesays.com\/fr\/wp-json\/wp\/v2\/posts\/278272\/revisions"}],"wp:featuredmedia":[{"embeddable":true,"href":"https:\/\/www.europesays.com\/fr\/wp-json\/wp\/v2\/media\/278273"}],"wp:attachment":[{"href":"https:\/\/www.europesays.com\/fr\/wp-json\/wp\/v2\/media?parent=278272"}],"wp:term":[{"taxonomy":"category","embeddable":true,"href":"https:\/\/www.europesays.com\/fr\/wp-json\/wp\/v2\/categories?post=278272"},{"taxonomy":"post_tag","embeddable":true,"href":"https:\/\/www.europesays.com\/fr\/wp-json\/wp\/v2\/tags?post=278272"}],"curies":[{"name":"wp","href":"https:\/\/api.w.org\/{rel}","templated":true}]}}