{"id":278274,"date":"2025-07-27T22:12:17","date_gmt":"2025-07-27T22:12:17","guid":{"rendered":"https:\/\/www.europesays.com\/fr\/278274\/"},"modified":"2025-07-27T22:12:17","modified_gmt":"2025-07-27T22:12:17","slug":"kimi-antonelli-guide-par-valentino-rossi-un-mentor-inattendu","status":"publish","type":"post","link":"https:\/\/www.europesays.com\/fr\/278274\/","title":{"rendered":"Kimi Antonelli guid\u00e9 par Valentino Rossi, un mentor inattendu"},"content":{"rendered":"<p>Rossi suit Antonelli depuis ses d\u00e9buts en karting, et les deux pilotes partagent aujourd\u2019hui des moments de roulage sur piste, renfor\u00e7ant une relation de respect et d\u2019admiration mutuels.<\/p>\n<blockquote>\n<p>\u201cJ&rsquo;ai pass\u00e9 pas mal de temps avec lui au ranch, et cette ann\u00e9e, nous sommes \u00e9galement all\u00e9s faire du karting ensemble. C&rsquo;est une personne tr\u00e8s gentille, toujours facile \u00e0 approcher. Il m&rsquo;a donn\u00e9 plusieurs conseils, et l&rsquo;un d&rsquo;entre eux m&rsquo;a vraiment marqu\u00e9 : apprendre \u00e0 prendre du temps pour moi-m\u00eame\u201d Explique Antonelli, source : <a href=\"http:\/\/paddock-gp.com\" rel=\"nofollow noopener\" target=\"_blank\">paddock-gp.com<\/a>\u00a0<\/p>\n<\/blockquote>\n<p>Ce conseil r\u00e9sonne particuli\u00e8rement apr\u00e8s un Grand Prix d\u2019Imola \u00e9prouvant, qu\u2019Antonelli a avou\u00e9 avoir mal g\u00e9r\u00e9 \u00e9motionnellement \u00e0 la maison et qu\u2019il devrait appliquer apr\u00e8s Spa-Francorchamps qui sonne comme un nouveau Grand-Prix compliqu\u00e9 pour le prodige italien.<\/p>\n<p><b>Une inspiration italienne et un soutien strat\u00e9gique<\/b><\/p>\n<p>Rossi, alors impliqu\u00e9 dans le programme VR46 Academy, semble jouer un r\u00f4le polyvalent : mod\u00e8le, conseiller psychologique et phare m\u00e9diatique. Son implication transcende la MotoGP et sert \u00e0 renforcer l\u2019image du jeune italien \u00e9mergent en F1.<\/p>\n<blockquote>\n<p>\u201cIl m&rsquo;a dit que parfois il faut savoir comment dire non. M\u00eame si certaines choses sont importantes, je dois me donner la priorit\u00e9. En fin de compte, c&rsquo;est moi qui monte dans la voiture. Si je ne vais pas bien, rien ne se passe. Pendant les vacances d&rsquo;\u00e9t\u00e9, j&rsquo;irai \u00e0 Misano. Non seulement pour Vale, mais aussi parce que j&rsquo;ai de bonnes relations avec plusieurs conducteurs\u201d D\u00e9clare le prodige Mercedes, source : <a href=\"http:\/\/paddock-gp.com\" rel=\"nofollow noopener\" target=\"_blank\">paddock-gp.com<\/a>\u00a0<\/p>\n<\/blockquote>\n<p>Valentino Rossi veille sur Kimi Antonelli comme un guide bienveillant. Dans un paddock exigeant o\u00f9 chaque mot compte, son influence contribue \u00e0 forger non seulement un pilote, mais un homme capable de g\u00e9rer la pression d\u2019un environnement en perp\u00e9tuelle lumi\u00e8re.<\/p>\n<p>    Partagez cette info avec vos amis et vos proches en cliquant ici  <\/p>\n<p> Podcasts \u00e0 la une MEN LIFE <\/p>\n<p>    F1 : Valentino Rossi, mentor inattendu du prodige Antonelli<\/p>\n<p>Valentino Rossi, ic\u00f4ne du deux-roues, devient une figure de r\u00e9f\u00e9rence pour Kimi Antonelli. Le jeune espoir de Mercedes b\u00e9n\u00e9ficie des conseils avis\u00e9s du nonuple champion du monde, qui l\u2019aide \u00e0 traverser ses premi\u00e8res turbulences en Formule 1.<\/p>\n<p>R\u00e9dacteur<\/p>\n<p><img decoding=\"async\" width=\"76\" height=\"76\" loading=\"lazy\" src=\"https:\/\/www.europesays.com\/fr\/wp-content\/uploads\/2025\/04\/avatar-sport-am.png\" alt=\"Victor Teyssier\"\/><\/p>\n","protected":false},"excerpt":{"rendered":"Rossi suit Antonelli depuis ses d\u00e9buts en karting, et les deux pilotes partagent aujourd\u2019hui des moments de roulage&hellip;\n","protected":false},"author":2,"featured_media":278275,"comment_status":"","ping_status":"","sticky":false,"template":"","format":"standard","meta":{"footnotes":""},"categories":[1412],"tags":[1451,1452,1453,1454,1455,1011,27,60],"class_list":{"0":"post-278274","1":"post","2":"type-post","3":"status-publish","4":"format-standard","5":"has-post-thumbnail","7":"category-f1","8":"tag-f1","9":"tag-formula-1","10":"tag-formula1","11":"tag-formule-1","12":"tag-formule1","13":"tag-fr","14":"tag-france","15":"tag-sports"},"share_on_mastodon":{"url":"https:\/\/pubeurope.com\/@fr\/114927497775964908","error":""},"_links":{"self":[{"href":"https:\/\/www.europesays.com\/fr\/wp-json\/wp\/v2\/posts\/278274","targetHints":{"allow":["GET"]}}],"collection":[{"href":"https:\/\/www.europesays.com\/fr\/wp-json\/wp\/v2\/posts"}],"about":[{"href":"https:\/\/www.europesays.com\/fr\/wp-json\/wp\/v2\/types\/post"}],"author":[{"embeddable":true,"href":"https:\/\/www.europesays.com\/fr\/wp-json\/wp\/v2\/users\/2"}],"replies":[{"embeddable":true,"href":"https:\/\/www.europesays.com\/fr\/wp-json\/wp\/v2\/comments?post=278274"}],"version-history":[{"count":0,"href":"https:\/\/www.europesays.com\/fr\/wp-json\/wp\/v2\/posts\/278274\/revisions"}],"wp:featuredmedia":[{"embeddable":true,"href":"https:\/\/www.europesays.com\/fr\/wp-json\/wp\/v2\/media\/278275"}],"wp:attachment":[{"href":"https:\/\/www.europesays.com\/fr\/wp-json\/wp\/v2\/media?parent=278274"}],"wp:term":[{"taxonomy":"category","embeddable":true,"href":"https:\/\/www.europesays.com\/fr\/wp-json\/wp\/v2\/categories?post=278274"},{"taxonomy":"post_tag","embeddable":true,"href":"https:\/\/www.europesays.com\/fr\/wp-json\/wp\/v2\/tags?post=278274"}],"curies":[{"name":"wp","href":"https:\/\/api.w.org\/{rel}","templated":true}]}}