{"id":278276,"date":"2025-07-27T22:13:10","date_gmt":"2025-07-27T22:13:10","guid":{"rendered":"https:\/\/www.europesays.com\/fr\/278276\/"},"modified":"2025-07-27T22:13:10","modified_gmt":"2025-07-27T22:13:10","slug":"tdf-tour-de-france-biniam-girmay-je-veux-juste-dormir-deux-jours-daffilee","status":"publish","type":"post","link":"https:\/\/www.europesays.com\/fr\/278276\/","title":{"rendered":"TDF. Tour de France &#8211; Biniam Girmay : \u00abJe veux juste dormir deux jours d&rsquo;affil\u00e9e&#8230;\u00bb"},"content":{"rendered":"<p>Les Tours se suivent mais ne se ressemblent pas pour <strong><a href=\"https:\/\/www.cyclismactu.net\/..\/news-tdf-route-tour-de-france-wout-van-aert-domine-tadej-pogacar-une-21e-etape-de-legende-89279.html\" target=\"_blank\" rel=\"nofollow noopener\">Biniam Girmay<\/a><\/strong>. Maillot vert et triple vainqueur d&rsquo;\u00e9tape de l&rsquo;\u00e9dition 2024, le sprinteur \u00e9rythr\u00e9en a fait chou blanc lors de la Grande Boucle 2025, pourtant entam\u00e9e id\u00e9alement avec une 2e place sur la 1\u00e8re \u00e9tape \u00e0 Lille. Mais le coureur star d&rsquo;<strong>Intermarch\u00e9-Wanty<\/strong> n&rsquo;a ensuite jamais sembl\u00e9 dans le coup pour pouvoir concurrencer <strong>Jonathan Milan<\/strong> (Lidl-Trek) et <strong>Tim Merlier<\/strong> (Soudal Quick-Step) en vitesse pure. <strong>Girmay<\/strong> termine tout de m\u00eame ces trois semaiens sur une bonne note lors de la 21e et derni\u00e8re \u00e9tape \u00e0 Paris, prenant la 13e place sur les\u00a0Champs-\u00c9lys\u00e9es \u00e0 l&rsquo;issue d&rsquo;une course rendue folle par la pluie et les ascensions de Montmartre.<\/p>\n<p>Vid\u00e9o &#8211; Biniam Girmay revient sur son Tour de France d\u00e9cevant Lire la suite de l&rsquo;article&#13;<\/p>\n<p>\u00a0<\/p>\n<p>&#13;<br \/>\n\u00ab\u00a0On aurait pu mieux faire, mais&#8230;\u00a0\u00bb&#13;<\/p>\n<p>\u00ab\u00a0On savait que ce serait comme une classique flandrienne\u00a0\u00bb, a-t-il expliqu\u00e9 apr\u00e8s l&rsquo;arriv\u00e9e au micro de l&rsquo;organisation. \u00ab\u00a0Ce genre de parcours me convient pas trop mal. J&rsquo;\u00e9tais plut\u00f4t bien, mais certains sont fous et peuvent envoyer des watts de foolie. Au final, je suis content de terminer le Tour. Je pense que c&rsquo;est possible pour moi de viser la victoire ici \u00e0 l&rsquo;avenir. Mais l\u00e0 apr\u00e8s 20 jours, je n&rsquo;avais pas les jambes assez fra\u00eeches. Mais je pr\u00e9f\u00e8re quand m\u00eame l&rsquo;ancien parcours\u00a0\u00bb, a indiqu\u00e9 <strong>Girmay<\/strong>, qui est ensuite revenu sur ses performances du mois de juillet avec philosophie.<\/p>\n<p>&#13;<\/p>\n<p>\u00ab\u00a0Je ne sais pas pourquoi, j&rsquo;\u00e9tais meilleur que l&rsquo;an pass\u00e9, mais je pense qu&rsquo;on n&rsquo;a pas r\u00e9ussi \u00e0 trouver la solution et le bon momentum. On aurait pu mieux faire, mais au moins, on apprend toujours, et j&rsquo;esp\u00e8re que je serai meilleur l&rsquo;an prochain. Ce que je vais faire juste apr\u00e8s le Tour ? Laisser le v\u00e9lo de c\u00f4t\u00e9, juste rester \u00e0 la maison&#8230; et j&rsquo;ai tellement besoin de dormir ! Je suis totalement d\u00e9truit pour \u00eatre honn\u00eate, je veux juste dormir \u00e0 fond deux jours d&rsquo;affil\u00e9e\u00a0\u00bb, a-t-il conclu avec le sourire.<\/p>\n<p>Tour de France &#8211; Classement de la 21\u00e8 \u00e9tape Tour de France &#8211; Classement g\u00e9n\u00e9ral<\/p>\n","protected":false},"excerpt":{"rendered":"Les Tours se suivent mais ne se ressemblent pas pour Biniam Girmay. Maillot vert et triple vainqueur d&rsquo;\u00e9tape&hellip;\n","protected":false},"author":2,"featured_media":278277,"comment_status":"","ping_status":"","sticky":false,"template":"","format":"standard","meta":{"footnotes":""},"categories":[1411],"tags":[1154,207,211,1011,27,209,60,210,212,208,213],"class_list":{"0":"post-278276","1":"post","2":"type-post","3":"status-publish","4":"format-standard","5":"has-post-thumbnail","7":"category-cyclisme","8":"tag-cycling","9":"tag-cyclisme","10":"tag-ffc","11":"tag-fr","12":"tag-france","13":"tag-route","14":"tag-sports","15":"tag-tour-de-france","16":"tag-uci","17":"tag-velo","18":"tag-world-tour"},"share_on_mastodon":{"url":"https:\/\/pubeurope.com\/@fr\/114927501528348916","error":""},"_links":{"self":[{"href":"https:\/\/www.europesays.com\/fr\/wp-json\/wp\/v2\/posts\/278276","targetHints":{"allow":["GET"]}}],"collection":[{"href":"https:\/\/www.europesays.com\/fr\/wp-json\/wp\/v2\/posts"}],"about":[{"href":"https:\/\/www.europesays.com\/fr\/wp-json\/wp\/v2\/types\/post"}],"author":[{"embeddable":true,"href":"https:\/\/www.europesays.com\/fr\/wp-json\/wp\/v2\/users\/2"}],"replies":[{"embeddable":true,"href":"https:\/\/www.europesays.com\/fr\/wp-json\/wp\/v2\/comments?post=278276"}],"version-history":[{"count":0,"href":"https:\/\/www.europesays.com\/fr\/wp-json\/wp\/v2\/posts\/278276\/revisions"}],"wp:featuredmedia":[{"embeddable":true,"href":"https:\/\/www.europesays.com\/fr\/wp-json\/wp\/v2\/media\/278277"}],"wp:attachment":[{"href":"https:\/\/www.europesays.com\/fr\/wp-json\/wp\/v2\/media?parent=278276"}],"wp:term":[{"taxonomy":"category","embeddable":true,"href":"https:\/\/www.europesays.com\/fr\/wp-json\/wp\/v2\/categories?post=278276"},{"taxonomy":"post_tag","embeddable":true,"href":"https:\/\/www.europesays.com\/fr\/wp-json\/wp\/v2\/tags?post=278276"}],"curies":[{"name":"wp","href":"https:\/\/api.w.org\/{rel}","templated":true}]}}