{"id":278284,"date":"2025-07-27T22:17:15","date_gmt":"2025-07-27T22:17:15","guid":{"rendered":"https:\/\/www.europesays.com\/fr\/278284\/"},"modified":"2025-07-27T22:17:15","modified_gmt":"2025-07-27T22:17:15","slug":"neuvillers-sur-fave-un-deuxieme-livre-a-la-memoire-du-sergent-jean-finance","status":"publish","type":"post","link":"https:\/\/www.europesays.com\/fr\/278284\/","title":{"rendered":"Neuvillers-sur-Fave. Un deuxi\u00e8me livre \u00e0 la m\u00e9moire du sergent Jean Finance"},"content":{"rendered":"<p>Le 20\u00a0octobre 2021, dans sa maison de Neuvillers-sur-Fave, Claude Finance ne lira pas son journal, comme il le faisait chaque jour \u00e0 6\u00a0h du matin en prenant son petit-d\u00e9jeuner. Il ne d\u00e9couvrira pas l\u2019article consacr\u00e9 \u00e0 son fr\u00e8re Jean et il ne saura pas qu\u2019un livre intitul\u00e9 \u00c0 la m\u00e9moire du sergent Jean Finance avait \u00e9t\u00e9 commis par Christian Foucal, son gendre. <\/p>\n<p>\u00ab\u00a0L\u2019ouvrage, \u00e9crit dans le plus grand secret, devait \u00eatre remis \u00e0 Claude lors d\u2019une c\u00e9r\u00e9monie officielle pr\u00e9vue en mairie, le 23\u00a0octobre&#8230;<\/p>\n","protected":false},"excerpt":{"rendered":"Le 20\u00a0octobre 2021, dans sa maison de Neuvillers-sur-Fave, Claude Finance ne lira pas son journal, comme il le&hellip;\n","protected":false},"author":2,"featured_media":278285,"comment_status":"","ping_status":"","sticky":false,"template":"","format":"standard","meta":{"footnotes":""},"categories":[1357],"tags":[1379,40556,58,1799,59,1011,27,937,1380,41769,104],"class_list":{"0":"post-278284","1":"post","2":"type-post","3":"status-publish","4":"format-standard","5":"has-post-thumbnail","7":"category-livres","8":"tag-books","9":"tag-ca-de-saint-die-des-vosges-88b1","10":"tag-divertissement","11":"tag-edition-saint-die","12":"tag-entertainment","13":"tag-fr","14":"tag-france","15":"tag-histoire","16":"tag-livres","17":"tag-neuvillers-sur-fave","18":"tag-societe"},"share_on_mastodon":{"url":"https:\/\/pubeurope.com\/@fr\/114927517320396016","error":""},"_links":{"self":[{"href":"https:\/\/www.europesays.com\/fr\/wp-json\/wp\/v2\/posts\/278284","targetHints":{"allow":["GET"]}}],"collection":[{"href":"https:\/\/www.europesays.com\/fr\/wp-json\/wp\/v2\/posts"}],"about":[{"href":"https:\/\/www.europesays.com\/fr\/wp-json\/wp\/v2\/types\/post"}],"author":[{"embeddable":true,"href":"https:\/\/www.europesays.com\/fr\/wp-json\/wp\/v2\/users\/2"}],"replies":[{"embeddable":true,"href":"https:\/\/www.europesays.com\/fr\/wp-json\/wp\/v2\/comments?post=278284"}],"version-history":[{"count":0,"href":"https:\/\/www.europesays.com\/fr\/wp-json\/wp\/v2\/posts\/278284\/revisions"}],"wp:featuredmedia":[{"embeddable":true,"href":"https:\/\/www.europesays.com\/fr\/wp-json\/wp\/v2\/media\/278285"}],"wp:attachment":[{"href":"https:\/\/www.europesays.com\/fr\/wp-json\/wp\/v2\/media?parent=278284"}],"wp:term":[{"taxonomy":"category","embeddable":true,"href":"https:\/\/www.europesays.com\/fr\/wp-json\/wp\/v2\/categories?post=278284"},{"taxonomy":"post_tag","embeddable":true,"href":"https:\/\/www.europesays.com\/fr\/wp-json\/wp\/v2\/tags?post=278284"}],"curies":[{"name":"wp","href":"https:\/\/api.w.org\/{rel}","templated":true}]}}