{"id":278286,"date":"2025-07-27T22:18:11","date_gmt":"2025-07-27T22:18:11","guid":{"rendered":"https:\/\/www.europesays.com\/fr\/278286\/"},"modified":"2025-07-27T22:18:11","modified_gmt":"2025-07-27T22:18:11","slug":"la-serie-policiere-surface-offre-a-laura-smet-une-plongee-en-eaux-troubles-rts-ch","status":"publish","type":"post","link":"https:\/\/www.europesays.com\/fr\/278286\/","title":{"rendered":"La s\u00e9rie polici\u00e8re \u00ab\u00a0Surface\u00a0\u00bb offre \u00e0 Laura Smet une plong\u00e9e en eaux troubles &#8211; rts.ch"},"content":{"rendered":"<p>Adapt\u00e9e du roman d&rsquo;Olivier Norek, la mini-s\u00e9rie \u00ab\u00a0Surface\u00a0\u00bb r\u00e9alis\u00e9e par Slimane-Baptiste Berhoun, avec Laura Smet et Tomer Sisley dans les r\u00f4les principaux, est \u00e0 voir sur Play RTS depuis le 22 juillet. Ce polar plonge dans les eaux troubles d&rsquo;un lac artificiel et les secrets d&rsquo;un village d&rsquo;Occitanie.<\/p>\n<p>Affect\u00e9e dans un commissariat d&rsquo;une petite ville d&rsquo;Occitanie apr\u00e8s une intervention qui a d\u00e9figur\u00e9 la moiti\u00e9 de son visage, la capitaine de police parisienne No\u00e9mie Chastain (Laura Smet) voit sa mission de convalescence forc\u00e9e prendre une sombre tournure. Alors qu&rsquo;elle devait faire un rapport sur l&rsquo;activit\u00e9 du commissariat et son \u00e9ventuelle fermeture, elle se retrouve soudainement plong\u00e9e dans une affaire de disparition datant d&rsquo;il y a vingt ans.<\/p>\n<p>Alors qu&rsquo;elle arrive tout juste en province dans ce commissariat qui ne comptabilise que quelques vols sans importance par ann\u00e9e, No\u00e9mie Chastain et sa nouvelle \u00e9quipe voient le squelette d&rsquo;un enfant remonter \u00e0 la surface du lac artificiel de la r\u00e9gion. Cette d\u00e9couverte rouvre les plaies du pass\u00e9 de la communaut\u00e9 qui, il y a vingt ans, a fait face \u00e0 la disparition jamais \u00e9lucid\u00e9e de trois enfants.<\/p>\n<p> &gt;&gt; Voir l&rsquo;\u00e9pisode 1 de la s\u00e9rie\u00a0:   <img decoding=\"async\" class=\"embed-responsive-item\" loading=\"lazy\" src=\"https:\/\/www.europesays.com\/fr\/wp-content\/uploads\/2025\/07\/7nngw6-28943540.image\" alt=\"Episode 1\"\/>    Episode 1 \/ Surface \/ 51 min. \/ mardi \u00e0 20:35 <\/p>\n<p>Dans \u00ab\u00a0Surface\u00a0\u00bb, Laura Smet campe une No\u00e9mie Chastain froide, professionnelle et plut\u00f4t \u00e9nigmatique qui se heurte \u00e0 une communaut\u00e9 extr\u00eamement soud\u00e9e. Au casting, elle retrouve Tomer Sisley qui incarne quant \u00e0 lui Hugo Massey, un plongeur qui va l&rsquo;aider \u00e0 mener son enqu\u00eate autour de ce cold case en eaux troubles.<\/p>\n<p class=\"sources\">ld<\/p>\n<p class=\"article-footnote\">\u00ab\u00a0Surface\u00a0\u00bb, mini-s\u00e9rie en six \u00e9pisodes \u00e0 voir depuis le 22 juillet 2025, les mardis \u00e0 21h30 sur <a href=\"https:\/\/www.rts.ch\/play\/tv\/emission\/surface?id=15468801\" data-item-id=\"richtext_link\" rel=\"nofollow noopener\" target=\"_blank\">Play RTS<\/a> et sur RTS1. Disponible durant 14 jours sur Play RTS.<\/p>\n","protected":false},"excerpt":{"rendered":"Adapt\u00e9e du roman d&rsquo;Olivier Norek, la mini-s\u00e9rie \u00ab\u00a0Surface\u00a0\u00bb r\u00e9alis\u00e9e par Slimane-Baptiste Berhoun, avec Laura Smet et Tomer Sisley&hellip;\n","protected":false},"author":2,"featured_media":278287,"comment_status":"","ping_status":"","sticky":false,"template":"","format":"standard","meta":{"footnotes":""},"categories":[1356],"tags":[1693,30645,58,4858,59,1011,27,28192,15910,41770,10910,32131,2004,521,1314,41771,252,41772,1364],"class_list":{"0":"post-278286","1":"post","2":"type-post","3":"status-publish","4":"format-standard","5":"has-post-thumbnail","7":"category-television","8":"tag-arts-et-divertissement","9":"tag-commissariat-de-police","10":"tag-divertissement","11":"tag-eau","12":"tag-entertainment","13":"tag-fr","14":"tag-france","15":"tag-lac","16":"tag-laura-smet","17":"tag-olivier-norek","18":"tag-policier","19":"tag-radio-television-suisse","20":"tag-roman","21":"tag-serie","22":"tag-series","23":"tag-slimane-baptiste-berhoun","24":"tag-television","25":"tag-tomer-sisley","26":"tag-tv"},"share_on_mastodon":{"url":"https:\/\/pubeurope.com\/@fr\/114927521265217781","error":""},"_links":{"self":[{"href":"https:\/\/www.europesays.com\/fr\/wp-json\/wp\/v2\/posts\/278286","targetHints":{"allow":["GET"]}}],"collection":[{"href":"https:\/\/www.europesays.com\/fr\/wp-json\/wp\/v2\/posts"}],"about":[{"href":"https:\/\/www.europesays.com\/fr\/wp-json\/wp\/v2\/types\/post"}],"author":[{"embeddable":true,"href":"https:\/\/www.europesays.com\/fr\/wp-json\/wp\/v2\/users\/2"}],"replies":[{"embeddable":true,"href":"https:\/\/www.europesays.com\/fr\/wp-json\/wp\/v2\/comments?post=278286"}],"version-history":[{"count":0,"href":"https:\/\/www.europesays.com\/fr\/wp-json\/wp\/v2\/posts\/278286\/revisions"}],"wp:featuredmedia":[{"embeddable":true,"href":"https:\/\/www.europesays.com\/fr\/wp-json\/wp\/v2\/media\/278287"}],"wp:attachment":[{"href":"https:\/\/www.europesays.com\/fr\/wp-json\/wp\/v2\/media?parent=278286"}],"wp:term":[{"taxonomy":"category","embeddable":true,"href":"https:\/\/www.europesays.com\/fr\/wp-json\/wp\/v2\/categories?post=278286"},{"taxonomy":"post_tag","embeddable":true,"href":"https:\/\/www.europesays.com\/fr\/wp-json\/wp\/v2\/tags?post=278286"}],"curies":[{"name":"wp","href":"https:\/\/api.w.org\/{rel}","templated":true}]}}