{"id":278288,"date":"2025-07-27T22:19:11","date_gmt":"2025-07-27T22:19:11","guid":{"rendered":"https:\/\/www.europesays.com\/fr\/278288\/"},"modified":"2025-07-27T22:19:11","modified_gmt":"2025-07-27T22:19:11","slug":"sandra-gomes-les-medias-reproduisent-des-stereotypes-qui-nuisent-a-limage-du-rap","status":"publish","type":"post","link":"https:\/\/www.europesays.com\/fr\/278288\/","title":{"rendered":"Sandra Gomes: \u00abLes m\u00e9dias reproduisent des st\u00e9r\u00e9otypes qui nuisent \u00e0 l\u2019image du rap\u00bb"},"content":{"rendered":"<p>Les artistes hip-hop sont partout: en t\u00eates d\u2019affiche de nombreux festivals, \u00e0 la une des plateformes de streaming musical, \u00e0 la salle de sport, dans les cours de r\u00e9cr\u00e9ation et les playlists de soir\u00e9es festives. Underground ou ambianceur, en collectif ou en solo, le rap s\u2019\u00e9panouit dans toutes ses formes. Pour comprendre ce qui se joue dans la pr\u00e9sence de ces musiciens et musiciennes sur les sc\u00e8nes de l\u2019\u00e9t\u00e9, nous avons rencontr\u00e9 Sandra Gomes, cheffe de la rubrique musique du m\u00e9dia en ligne Konbini et chroniqueuse dans l\u2019\u00e9mission sp\u00e9cialis\u00e9e Le code Review\u00a0sur Apple Music France.<\/p>\n<p><strong>Le Temps: Qu\u2019avez-vous observ\u00e9 ces derni\u00e8res ann\u00e9es quant \u00e0 la repr\u00e9sentation des rappeurs et des rappeuses dans la programmation des festivals estivaux?<\/strong><\/p>\n","protected":false},"excerpt":{"rendered":"Les artistes hip-hop sont partout: en t\u00eates d\u2019affiche de nombreux festivals, \u00e0 la une des plateformes de streaming&hellip;\n","protected":false},"author":2,"featured_media":278289,"comment_status":"","ping_status":"","sticky":false,"template":"","format":"standard","meta":{"footnotes":""},"categories":[1355],"tags":[58,59,3297,1011,27,1361,873,41606,301,41607],"class_list":{"0":"post-278288","1":"post","2":"type-post","3":"status-publish","4":"format-standard","5":"has-post-thumbnail","7":"category-musique","8":"tag-divertissement","9":"tag-entertainment","10":"tag-entre-temps","11":"tag-fr","12":"tag-france","13":"tag-music","14":"tag-musique","15":"tag-paleo-festival","16":"tag-premium","17":"tag-rap-u0026-ru0026b"},"share_on_mastodon":{"url":"https:\/\/pubeurope.com\/@fr\/114927525165939000","error":""},"_links":{"self":[{"href":"https:\/\/www.europesays.com\/fr\/wp-json\/wp\/v2\/posts\/278288","targetHints":{"allow":["GET"]}}],"collection":[{"href":"https:\/\/www.europesays.com\/fr\/wp-json\/wp\/v2\/posts"}],"about":[{"href":"https:\/\/www.europesays.com\/fr\/wp-json\/wp\/v2\/types\/post"}],"author":[{"embeddable":true,"href":"https:\/\/www.europesays.com\/fr\/wp-json\/wp\/v2\/users\/2"}],"replies":[{"embeddable":true,"href":"https:\/\/www.europesays.com\/fr\/wp-json\/wp\/v2\/comments?post=278288"}],"version-history":[{"count":0,"href":"https:\/\/www.europesays.com\/fr\/wp-json\/wp\/v2\/posts\/278288\/revisions"}],"wp:featuredmedia":[{"embeddable":true,"href":"https:\/\/www.europesays.com\/fr\/wp-json\/wp\/v2\/media\/278289"}],"wp:attachment":[{"href":"https:\/\/www.europesays.com\/fr\/wp-json\/wp\/v2\/media?parent=278288"}],"wp:term":[{"taxonomy":"category","embeddable":true,"href":"https:\/\/www.europesays.com\/fr\/wp-json\/wp\/v2\/categories?post=278288"},{"taxonomy":"post_tag","embeddable":true,"href":"https:\/\/www.europesays.com\/fr\/wp-json\/wp\/v2\/tags?post=278288"}],"curies":[{"name":"wp","href":"https:\/\/api.w.org\/{rel}","templated":true}]}}