{"id":27829,"date":"2025-04-15T23:13:14","date_gmt":"2025-04-15T23:13:14","guid":{"rendered":"https:\/\/www.europesays.com\/fr\/27829\/"},"modified":"2025-04-15T23:13:14","modified_gmt":"2025-04-15T23:13:14","slug":"paris-replique-avec-le-rappel-de-son-ambassadeur-et-le-renvoi-de-12-agents-algeriens","status":"publish","type":"post","link":"https:\/\/www.europesays.com\/fr\/27829\/","title":{"rendered":"Paris r\u00e9plique avec le rappel de son ambassadeur et le renvoi de 12 agents alg\u00e9riens"},"content":{"rendered":"<p><strong>r\u00e9ponse diplomatique &#8211; Les autorit\u00e9s alg\u00e9riennes avaient d\u00e9clar\u00e9 dimanche persona non grata douze fonctionnaires fran\u00e7ais du minist\u00e8re de l\u2019Int\u00e9rieur, leur donnant 48 heures pour quitter l\u2019Alg\u00e9rie<\/strong><\/p>\n<p>La France avait promis de r\u00e9pliquer. <a href=\"https:\/\/www.20minutes.fr\/politique\/emmanuel-macron\/?at_medium=RSS+feed&amp;at_campaign=ynews&amp;utm_source=yahoo&amp;utm_medium=rss&amp;utm_campaign=news_feed&amp;utm_content=in_article_link\" rel=\"nofollow noopener\" target=\"_blank\" data-ylk=\"slk:Emmanuel Macron;elm:context_link;itc:0;sec:content-canvas\" class=\"link \">Emmanuel Macron<\/a> a ainsi d\u00e9cid\u00e9 d\u2019expulser \u00ab\u00a0douze agents servant dans le r\u00e9seau consulaire et diplomatique alg\u00e9rien en France\u00a0\u00bb et de rappeler pour consultations l\u2019ambassadeur fran\u00e7ais \u00e0 Alger St\u00e9phane Romatet en repr\u00e9sailles \u00e0 des expulsions similaires annonc\u00e9es par l\u2019<a href=\"https:\/\/www.20minutes.fr\/dossier\/algerie?at_medium=RSS+feed&amp;at_campaign=ynews&amp;utm_source=yahoo&amp;utm_medium=rss&amp;utm_campaign=news_feed&amp;utm_content=in_article_link\" rel=\"nofollow noopener\" target=\"_blank\" data-ylk=\"slk:Alg\u00e9rie;elm:context_link;itc:0;sec:content-canvas\" class=\"link \">Alg\u00e9rie<\/a>, a d\u00e9clar\u00e9 mardi l\u2019<a href=\"https:\/\/www.20minutes.fr\/dossier\/elysee?at_medium=RSS+feed&amp;at_campaign=ynews&amp;utm_source=yahoo&amp;utm_medium=rss&amp;utm_campaign=news_feed&amp;utm_content=in_article_link\" rel=\"nofollow noopener\" target=\"_blank\" data-ylk=\"slk:Elys\u00e9e;elm:context_link;itc:0;sec:content-canvas\" class=\"link \">Elys\u00e9e<\/a>.<\/p>\n<p>\u00ab\u00a0Les autorit\u00e9s alg\u00e9riennes prennent la responsabilit\u00e9 d\u2019une d\u00e9gradation brutale de nos relations bilat\u00e9rales\u00a0\u00bb, a estim\u00e9 la pr\u00e9sidence fran\u00e7aise dans un communiqu\u00e9, tout en appelant Alger \u00e0 \u00ab\u00a0faire preuve de responsabilit\u00e9\u00a0\u00bb pour \u00ab\u00a0reprendre le dialogue\u00a0\u00bb.<\/p>\n<p>Les <a href=\"https:\/\/www.20minutes.fr\/monde\/4148483-20250414-algerie-expulse-douze-agents-ambassade-france?at_medium=RSS+feed&amp;at_campaign=ynews&amp;utm_source=yahoo&amp;utm_medium=rss&amp;utm_campaign=news_feed&amp;utm_content=in_article_link\" rel=\"nofollow noopener\" target=\"_blank\" data-ylk=\"slk:douze fonctionnaires fran\u00e7ais expuls\u00e9s par l\u2019Alg\u00e9rie;elm:context_link;itc:0;sec:content-canvas\" class=\"link \">douze fonctionnaires fran\u00e7ais expuls\u00e9s par l\u2019Alg\u00e9rie<\/a> sont \u00ab\u00a0en route pour la France\u00a0\u00bb, a par ailleurs pr\u00e9cis\u00e9 une source diplomatique fran\u00e7aise. Dans son communiqu\u00e9, l\u2019Elys\u00e9e exprime sa \u00ab\u00a0consternation\u00a0\u00bb apr\u00e8s ce nouveau brusque coup de froid qui intervient quinze jours seulement apr\u00e8s un appel entre le pr\u00e9sident Macron et son homologue alg\u00e9rien Abdelmadjid Tebboune, cens\u00e9 relancer les relations apr\u00e8s des mois de crise.<\/p>\n<p>Reprendre le dialogue \u00ab\u00a0mais pas \u00e0 sens unique\u00a0\u00bb<\/p>\n<p>L\u2019expulsion de ces Fran\u00e7ais \u00ab\u00a0m\u00e9conna\u00eet les r\u00e8gles \u00e9l\u00e9mentaires de nos proc\u00e9dures judiciaires\u00a0\u00bb et \u00ab\u00a0est injustifi\u00e9e et incompr\u00e9hensible\u00a0\u00bb, a affirm\u00e9 la pr\u00e9sidence fran\u00e7aise. \u00ab\u00a0Dans ce contexte, la France proc\u00e9dera sym\u00e9triquement \u00e0 l\u2019expulsion de douze agents servant dans le r\u00e9seau consulaire et diplomatique alg\u00e9rien en France\u00a0\u00bb et \u00ab\u00a0le pr\u00e9sident de la R\u00e9publique a d\u00e9cid\u00e9 de rappeler pour consultations l\u2019Ambassadeur d(&#8230;)<\/p>\n<p><a href=\"https:\/\/www.20minutes.fr\/monde\/4148804-20250415-algerie-paris-replique-rappel-ambassadeur-renvoi-12-agents-algeriens?at_medium=RSS+feed&amp;at_campaign=ynews&amp;utm_source=yahoo&amp;utm_medium=rss&amp;utm_campaign=news_feed&amp;utm_content=read_more_link&quot;\" rel=\"nofollow noopener\" target=\"_blank\" data-ylk=\"slk:Lire la suite sur 20minutes;elm:context_link;itc:0;sec:content-canvas\" class=\"link \">Lire la suite sur 20minutes<\/a><\/p>\n<p>\u00c0 lire aussi :<br \/><a href=\"https:\/\/www.20minutes.fr\/monde\/4148500-20250414-algerie-expulsion-agents-ambassade-interpellations-crise-diplomatique-reprend-entre-paris-alger?at_medium=RSS+feed&amp;at_campaign=ynews&amp;utm_source=yahoo&amp;utm_medium=rss&amp;utm_campaign=news_feed&amp;utm_content=related_content_link\" rel=\"nofollow noopener\" target=\"_blank\" data-ylk=\"slk:Alg\u00e9rie\u00a0: Expulsion d&#039;agents de l\u2019ambassade, interpellations\u2026 La crise diplomatique reprend entre Paris et Alger;elm:context_link;itc:0;sec:content-canvas\" class=\"link \">Alg\u00e9rie\u00a0: Expulsion d&rsquo;agents de l\u2019ambassade, interpellations\u2026 La crise diplomatique reprend entre Paris et Alger<\/a><br \/><a href=\"https:\/\/www.20minutes.fr\/monde\/4148483-20250414-algerie-expulse-douze-agents-ambassade-france?at_medium=RSS+feed&amp;at_campaign=ynews&amp;utm_source=yahoo&amp;utm_medium=rss&amp;utm_campaign=news_feed&amp;utm_content=related_content_link\" rel=\"nofollow noopener\" target=\"_blank\" data-ylk=\"slk:L&#039;Alg\u00e9rie expulse douze agents de l&#039;ambassade de France, Paris se dit pr\u00eat \u00e0 des repr\u00e9sailles \u00ab\u00a0imm\u00e9diates\u00a0\u00bb;elm:context_link;itc:0;sec:content-canvas\" class=\"link \">L&rsquo;Alg\u00e9rie expulse douze agents de l&rsquo;ambassade de France, Paris se dit pr\u00eat \u00e0 des repr\u00e9sailles \u00ab\u00a0imm\u00e9diates\u00a0\u00bb<\/a><\/p>\n","protected":false},"excerpt":{"rendered":"r\u00e9ponse diplomatique &#8211; Les autorit\u00e9s alg\u00e9riennes avaient d\u00e9clar\u00e9 dimanche persona non grata douze fonctionnaires fran\u00e7ais du minist\u00e8re de&hellip;\n","protected":false},"author":2,"featured_media":27830,"comment_status":"","ping_status":"","sticky":false,"template":"","format":"standard","meta":{"footnotes":""},"categories":[1888],"tags":[1111,1928,11,1927,1073,1777,674,1011,27,9790,9791,1014,12,1926,626,1925,9789,9788,25],"class_list":{"0":"post-27829","1":"post","2":"type-post","3":"status-publish","4":"format-standard","5":"has-post-thumbnail","7":"category-paris","8":"tag-actu","9":"tag-actu-paris","10":"tag-actualites","11":"tag-actualites-paris","12":"tag-emmanuel-macron","13":"tag-eu","14":"tag-europe","15":"tag-fr","16":"tag-france","17":"tag-lambassade-de-france","18":"tag-la-france","19":"tag-ministere-de-linterieur","20":"tag-news","21":"tag-news-paris","22":"tag-paris","23":"tag-paris-news","24":"tag-presidence-francaise","25":"tag-relations-bilaterales","26":"tag-republique-francaise"},"share_on_mastodon":{"url":"https:\/\/pubeurope.com\/@fr\/114344519556291226","error":""},"_links":{"self":[{"href":"https:\/\/www.europesays.com\/fr\/wp-json\/wp\/v2\/posts\/27829","targetHints":{"allow":["GET"]}}],"collection":[{"href":"https:\/\/www.europesays.com\/fr\/wp-json\/wp\/v2\/posts"}],"about":[{"href":"https:\/\/www.europesays.com\/fr\/wp-json\/wp\/v2\/types\/post"}],"author":[{"embeddable":true,"href":"https:\/\/www.europesays.com\/fr\/wp-json\/wp\/v2\/users\/2"}],"replies":[{"embeddable":true,"href":"https:\/\/www.europesays.com\/fr\/wp-json\/wp\/v2\/comments?post=27829"}],"version-history":[{"count":0,"href":"https:\/\/www.europesays.com\/fr\/wp-json\/wp\/v2\/posts\/27829\/revisions"}],"wp:featuredmedia":[{"embeddable":true,"href":"https:\/\/www.europesays.com\/fr\/wp-json\/wp\/v2\/media\/27830"}],"wp:attachment":[{"href":"https:\/\/www.europesays.com\/fr\/wp-json\/wp\/v2\/media?parent=27829"}],"wp:term":[{"taxonomy":"category","embeddable":true,"href":"https:\/\/www.europesays.com\/fr\/wp-json\/wp\/v2\/categories?post=27829"},{"taxonomy":"post_tag","embeddable":true,"href":"https:\/\/www.europesays.com\/fr\/wp-json\/wp\/v2\/tags?post=27829"}],"curies":[{"name":"wp","href":"https:\/\/api.w.org\/{rel}","templated":true}]}}