{"id":278298,"date":"2025-07-27T22:25:11","date_gmt":"2025-07-27T22:25:11","guid":{"rendered":"https:\/\/www.europesays.com\/fr\/278298\/"},"modified":"2025-07-27T22:25:11","modified_gmt":"2025-07-27T22:25:11","slug":"donald-trump-et-ursula-von-der-leyen-trouvent-un-accord-a-larrache","status":"publish","type":"post","link":"https:\/\/www.europesays.com\/fr\/278298\/","title":{"rendered":"Donald Trump et Ursula von der Leyen trouvent un accord \u00e0 l\u2019arrach\u00e9"},"content":{"rendered":"<p><strong>D\u00c9CRYPTAGE &#8211;<\/strong> Apr\u00e8s de longues et difficiles n\u00e9gociations, l\u2019Union europ\u00e9enne et les \u00c9tats-Unis sont parvenus \u00e0 un compromis dimanche. En contrepartie de droits de douane fix\u00e9s \u00e0 15% pour ses exportations, Bruxelles obtient des exemptions.<\/p>\n<p class=\"fig-paragraph\">\u00ab\u00a0Tout le monde va gagner beaucoup d\u2019argent cela va d\u00e9velopper notre sentiment d\u2019amiti\u00e9\u00a0\u00bb, s\u2019est r\u00e9joui Donald Trump dimanche soir. Le ma\u00eetre autoproclam\u00e9 de \u00ab\u00a0l\u2019art du deal\u00a0\u00bb venait d\u2019<a href=\"http:\/\/www.lefigaro.fr\/conjoncture\/donald-trump-annonce-un-accord-avec-l-ue-sur-des-droits-de-douane-de-15-20250727\" data-fig-type=\"NewsFlash\" data-gtm-custom-categorie=\"navigation\" data-gtm-custom-action=\"crossclick\" data-gtm-custom-label=\"Contextuel\" data-gtm-event=\"customEventSPE\" data-fig-domain=\"LEFIGARO\" target=\"_blank\" rel=\"noopener\">annoncer un accord sur les droits de douane entre les \u00c9tats-Unis et le Vieux Continent<\/a>. Ursula von\u00a0der\u00a0Leyen, la pr\u00e9sidente de la Commission europ\u00e9enne, avec laquelle il venait de passer plus d\u2019une heure pour leur unique r\u00e9union de travail depuis son entr\u00e9e en fonction, se f\u00e9licitait, de son c\u00f4t\u00e9, d\u2019un \u00ab\u00a0bon accord\u00a0\u00bb pour l\u2019Union.<\/p>\n<p class=\"fig-paragraph\">La guerre commerciale qui durait depuis le printemps a ainsi trouv\u00e9 un \u00e9pilogue en cette<a href=\"http:\/\/www.lefigaro.fr\/flash-actu\/donald-trump-en-ecosse-les-images-de-sa-partie-de-golf-en-famille-dans-l-un-de-ses-luxueux-complexes-20250726\" data-fig-type=\"NewsFlash\" data-gtm-custom-categorie=\"navigation\" data-gtm-custom-action=\"crossclick\" data-gtm-custom-label=\"Contextuel\" data-gtm-event=\"customEventSPE\" data-fig-domain=\"LEFIGARO\" target=\"_blank\" rel=\"noopener\">\u00a0fin de week-end \u00e0 Turnberry (\u00c9cosse), o\u00f9 le pr\u00e9sident \u00e9tait venu pour jouer au golf<\/a>. Le dirigeant am\u00e9ricain a fait planer le doute jusqu\u2019au dernier moment. Diplomates, n\u00e9gociateurs, hauts fonctionnaires \u2013 tous ont pass\u00e9 un dimanche apr\u00e8s-midi \u00ab\u00a0dans l\u2019expectative\u00a0\u00bb, guettant le moindre signe annonciateur de la d\u00e9cision am\u00e9ricaine. \u00c0 l\u2019image des deux rangs de ministres et officiels\u2026<\/p>\n<p class=\"fig-premium-paywall__infos\">\n        Cet article est r\u00e9serv\u00e9 aux abonn\u00e9s.        Il vous reste 89% \u00e0 d\u00e9couvrir.\n    <\/p>\n<p>                <img  data- alt=\"Le Figaro\" class=\"fig-img--complete fig-img\"\/><\/p>\n<p class=\"fig-premium-paywall__title\">Vous avez envie de lire la suite ?<\/p>\n<p class=\"fig-premium-paywall__subtitle\">D\u00e9bloquez tous les articles imm\u00e9diatement.<\/p>\n<p class=\"fig-premium-paywall__connect\">\n                D\u00e9j\u00e0 abonn\u00e9\u00a0?                <a class=\"fig-premium-paywall__connect-link\" href=\"https:\/\/connect.lefigaro.fr\/login?client=horizon_web&amp;type=main&amp;redirect_uri=https%3A%2F%2Fwww.lefigaro.fr%2Fconjoncture%2Fdonald-trump-annonce-un-accord-avec-l-ue-sur-des-droits-de-douane-de-15-20250727\" data-js-gtm=\"{&quot;customCategorie&quot;: &quot;conversion&quot;, &quot;customAction&quot;: &quot;before_Landing_Connexion_paywall_auto&quot;, &quot;customLabel&quot;: &quot;bGVmaWdhcm8uZnJfXzFmMDZhYmUwLTllNGUtNmZkNC1hMmUwLWE5ZDNmODcxNmM3Y19fTmV3c0ZsYXNo_Guerre commerciale\u00a0: Donald Trump et Ursula von der Leyen trouvent un accord \u00e0 l\u2019arrach\u00e9_468&quot;, &quot;customIDSPE&quot;: &quot;bGVmaWdhcm8uZnJfXzFmMDZhYmUwLTllNGUtNmZkNC1hMmUwLWE5ZDNmODcxNmM3Y19fTmV3c0ZsYXNo&quot;, &quot;event&quot;: &quot;customEventSPE&quot;}\" target=\"_blank\" rel=\"noopener\"><br \/>\n                    Connectez-vous<br \/>\n                <\/a>\n            <\/p>\n","protected":false},"excerpt":{"rendered":"D\u00c9CRYPTAGE &#8211; Apr\u00e8s de longues et difficiles n\u00e9gociations, l\u2019Union europ\u00e9enne et les \u00c9tats-Unis sont parvenus \u00e0 un compromis&hellip;\n","protected":false},"author":2,"featured_media":278299,"comment_status":"","ping_status":"","sticky":false,"template":"","format":"standard","meta":{"footnotes":""},"categories":[6],"tags":[35,75,33,34,1011,27,2658,2544],"class_list":{"0":"post-278298","1":"post","2":"type-post","3":"status-publish","4":"format-standard","5":"has-post-thumbnail","7":"category-economie","8":"tag-business","9":"tag-donald-trump","10":"tag-economie","11":"tag-economy","12":"tag-fr","13":"tag-france","14":"tag-taxes-douanieres","15":"tag-ursula-von-der-leyen"},"share_on_mastodon":{"url":"https:\/\/pubeurope.com\/@fr\/114927548880058170","error":""},"_links":{"self":[{"href":"https:\/\/www.europesays.com\/fr\/wp-json\/wp\/v2\/posts\/278298","targetHints":{"allow":["GET"]}}],"collection":[{"href":"https:\/\/www.europesays.com\/fr\/wp-json\/wp\/v2\/posts"}],"about":[{"href":"https:\/\/www.europesays.com\/fr\/wp-json\/wp\/v2\/types\/post"}],"author":[{"embeddable":true,"href":"https:\/\/www.europesays.com\/fr\/wp-json\/wp\/v2\/users\/2"}],"replies":[{"embeddable":true,"href":"https:\/\/www.europesays.com\/fr\/wp-json\/wp\/v2\/comments?post=278298"}],"version-history":[{"count":0,"href":"https:\/\/www.europesays.com\/fr\/wp-json\/wp\/v2\/posts\/278298\/revisions"}],"wp:featuredmedia":[{"embeddable":true,"href":"https:\/\/www.europesays.com\/fr\/wp-json\/wp\/v2\/media\/278299"}],"wp:attachment":[{"href":"https:\/\/www.europesays.com\/fr\/wp-json\/wp\/v2\/media?parent=278298"}],"wp:term":[{"taxonomy":"category","embeddable":true,"href":"https:\/\/www.europesays.com\/fr\/wp-json\/wp\/v2\/categories?post=278298"},{"taxonomy":"post_tag","embeddable":true,"href":"https:\/\/www.europesays.com\/fr\/wp-json\/wp\/v2\/tags?post=278298"}],"curies":[{"name":"wp","href":"https:\/\/api.w.org\/{rel}","templated":true}]}}