{"id":278306,"date":"2025-07-27T22:29:30","date_gmt":"2025-07-27T22:29:30","guid":{"rendered":"https:\/\/www.europesays.com\/fr\/278306\/"},"modified":"2025-07-27T22:29:30","modified_gmt":"2025-07-27T22:29:30","slug":"de-gros-chantiers-et-des-perturbations-cette-semaine-sur-les-autoroutes","status":"publish","type":"post","link":"https:\/\/www.europesays.com\/fr\/278306\/","title":{"rendered":"de gros chantiers et des perturbations cette semaine sur les autoroutes"},"content":{"rendered":"<p>Sur l&rsquo;A47<\/p>\n<p>\u00c0 Saint-Chamond<\/p>\n<p><a href=\"https:\/\/www.leprogres.fr\/economie\/2024\/03\/15\/a-47-la-bande-d-arret-d-urgence-a-hauteur-de-l-horme-bientot-elargie\" target=\"_blank\" rel=\"nofollow noopener\">Les travaux d&rsquo;\u00e9largissement de bande d\u2019arr\u00eat d\u2019urgence<\/a> se poursuivent. Dans le sens Saint-Etienne\/Lyon, la circulation se fait sur des voies de largeurs r\u00e9duites jusqu\u2019au 11 septembre. Par ailleurs, la vitesse est r\u00e9duite \u00e0 70 km\/h avec interdiction de d\u00e9passement pour les v\u00e9hicules de plus de 3,5 tonnes.<\/p>\n<p>Par ailleurs, dans le sens Saint-Etienne\/Lyon, la voie de droite sera neutralis\u00e9e la nuit du jeudi 31 juillet de 21 heures \u00e0 6 heures.<\/p>\n<p>\u00c0 Lorette<\/p>\n<p>En raison de la r\u00e9paration d\u2019un mur de sout\u00e8nement, la circulation dans le sens Saint-Etienne\/Lyon s\u2019effectue sur des voies de largeur r\u00e9duite de mani\u00e8re permanente jusqu\u2019au 26 septembre 2025. La vitesse est limit\u00e9e \u00e0 70 km\/h avec interdiction de d\u00e9passement pour les v\u00e9hicules de plus de 3,5 tonnes.<\/p>\n<p>De Givors \u00e0 Saint-Chamond<\/p>\n<p>Pour faire un marquage \u00e0 la peinture, la voie de droite et\/ou de gauche sera neutralis\u00e9e, alternativement, dans les deux sens de circulation les nuits du lundi 28, du mardi 29, du mercredi 30 et du jeudi 31 juillet de 21 heures et 6 heures.<\/p>\n<p>\u00c0 Givors<\/p>\n<p>Des travaux d\u2019am\u00e9nagement sont pr\u00e9vus les nuits du lundi 28, du mardi 29, du mercredi 30 et du jeudi 31 juillet de 21 heures \u00e0 6 heures. La voie de droite sera neutralis\u00e9e dans le sens Saint-Etienne\/Lyon.<\/p>\n<p>Sur la RN88<\/p>\n<p>\u00c0 Saint-Etienne<\/p>\n<p>En raison de travaux d\u2019am\u00e9nagement dans le sens Firminy\/Saint-Etienne, la bretelle de sortie n\u00b024 \u00ab\u00a0Annonay &#8211; Col de la R\u00e9publique &#8211; Bourg-Argental\u00a0\u00bb est ferm\u00e9e \u00e0 la circulation de mani\u00e8re permanente jusqu\u2019au 10 octobre.<\/p>\n<p>  \u00c0 Saint-Chamond (la Varizelle)<\/p>\n<p><a href=\"https:\/\/www.leprogres.fr\/economie\/2025\/07\/10\/echangeur-de-la-varizelle-les-gros-travaux-vont-commencer-le-15-juillet\" target=\"_blank\" rel=\"nofollow noopener\">Les travaux de cr\u00e9ation d\u2019un demi-\u00e9changeur<\/a> perturbent la circulation jusqu\u2019au 3 septembre. La voie de gauche du sens Lyon\/Saint-Etienne est neutralis\u00e9e et la circulation sur les deux voies restantes s\u2019effectue sur des voies de largeur r\u00e9duite. La vitesse est limit\u00e9e \u00e0 70 km\/h avec interdiction de d\u00e9passement pour les v\u00e9hicules de plus de 3,5 tonnes.<\/p>\n<p>De plus, la voie de gauche du sens Saint-Etienne\/Lyon est neutralis\u00e9e et la circulation sur les deux voies restantes s\u2019effectue sur des voies de largeur r\u00e9duite. La vitesse est limit\u00e9e \u00e0 70 km\/h avec interdiction de d\u00e9passement pour les v\u00e9hicules de plus de 3,5 tonnes.<\/p>\n<p>\u00c0 Saint-Etienne<\/p>\n<p>En raison de travaux sur ouvrage d\u2019art, la RN88 sera ferm\u00e9e \u00e0 la circulation dans le sens Saint-Etienne\/Lyon, la nuit du lundi 28 juillet de 21 heures \u00e0 6 heures. Une d\u00e9viation \u00e0 l&rsquo;attention des usagers sera mise en place via l\u2019A72 en direction de Clermont<br \/>puis suivre la bretelle de sortie n\u00b015 \u00ab Sorbiers &#8211; M\u00e9ons \u00bb ou n\u00b014 \u00ab La Talaudi\u00e8re \u00bb.<\/p>\n<p>Au Chambon-Feugerolles<\/p>\n<p>En raison de travaux d&rsquo;assainissement dans le sens Firminy\/Saint-Etienne, la voie de droite sera neutralis\u00e9e la journ\u00e9e du jeudi 31 juillet de 9 \u00e0 16 heures.<\/p>\n<p>Sur l&rsquo;A72<\/p>\n<p>\u00c0 Andr\u00e9zieux-Bouth\u00e9on<\/p>\n<p><a href=\"https:\/\/www.leprogres.fr\/faits-divers-justice\/2025\/07\/17\/a-72-en-attendant-d-ameliorer-le-trafic-les-travaux-de-la-gouyonniere-deboussolent-les-habitues\" target=\"_blank\" rel=\"nofollow noopener\">Les travaux d&rsquo;am\u00e9nagement de l\u2019\u00e9changeur de la Gouyonni\u00e8re<\/a> continuent. Par cons\u00e9quent, dans le sens Saint-Etienne\/Clermont-Ferrand, la bretelle d\u2019entr\u00e9e de l\u2019\u00e9changeur n\u00b09 en direction de Clermont-Ferrand est ferm\u00e9e de mani\u00e8re permanente jusqu\u2019au 29 ao\u00fbt. Une d\u00e9viation est mise en place via la RD1082 afin de reprendre l\u2019A72 en direction de Clermont-Ferrand par la bretelle d\u2019entr\u00e9e de l\u2019\u00e9changeur n\u00b08.<\/p>\n<p>De plus, la bretelle de sortie 9b (vers Montbrison\/Saint-Just-Saint-Rambert) est ferm\u00e9e \u00e0 la circulation de mani\u00e8re permanente jusqu\u2019au 29 ao\u00fbt. Une d\u00e9viation \u00e0 l&rsquo;attention des usagers est mise en place selon l&rsquo;itin\u00e9raire suivant : bretelle de sortie 9a, RD100, \u00e9changeur de L&rsquo;Envol, retour sur RD100, giratoire de la Gouyonni\u00e8re.<\/p>\n<p>Par ailleurs, dans le sens Saint-Etienne\/Andr\u00e9zieux, la voie de droite sera neutralis\u00e9e la<br \/>journ\u00e9e du jeudi 31 juillet de 9 \u00e0 16 heures.<\/p>\n<p>\u00c0 Ratarieux<\/p>\n<p>En raison du doublement de la bretelle de l&rsquo;\u00e9changeur n\u00b010 de Ratarieux, la bretelle de sortie en direction de l&rsquo;h\u00f4pital Nord est ferm\u00e9e \u00e0 la circulation jusqu\u2019au 6 ao\u00fbt, dans le sens Saint-Etienne vers Clermont-Ferrand. Une d\u00e9viation \u00e0 l&rsquo;attention des usagers est mise en place selon l&rsquo;itin\u00e9raire suivant : bretelle en direction du centre commercial Leroy Merlin, puis RD1082.<\/p>\n<p>\u00c0 Saint-Etienne<\/p>\n<p>En raison de l&rsquo;arrachage d&rsquo;ambroisie, dans le sens Saint-Etienne\/Andr\u00e9zieux, la voie de droite sera neutralis\u00e9e les journ\u00e9es du lundi 28, du mardi 29, du mercredi 30 et du jeudi 31 juillet de 9 \u00e0 16 heures.<\/p>\n<p class=\"note\">Pour plus d\u2019informations sur les conditions de circulation sur le r\u00e9seau de la DIR Centre-Est\u00a0: <a href=\"http:\/\/www.dir-centre-est.fr\" rel=\"nofollow noopener\" target=\"_blank\">www.dir-centre-est.fr<\/a>.<\/p>\n","protected":false},"excerpt":{"rendered":"Sur l&rsquo;A47 \u00c0 Saint-Chamond Les travaux d&rsquo;\u00e9largissement de bande d\u2019arr\u00eat d\u2019urgence se poursuivent. Dans le sens Saint-Etienne\/Lyon, la&hellip;\n","protected":false},"author":2,"featured_media":278307,"comment_status":"","ping_status":"","sticky":false,"template":"","format":"standard","meta":{"footnotes":""},"categories":[9653],"tags":[1111,11,2430,3542,7539,1777,674,107,1011,27,3367,12,25,4001],"class_list":{"0":"post-278306","1":"post","2":"type-post","3":"status-publish","4":"format-standard","5":"has-post-thumbnail","7":"category-saint-etienne","8":"tag-actu","9":"tag-actualites","10":"tag-auvergne-rhone-alpes","11":"tag-circulation","12":"tag-edition-loire-sud","13":"tag-eu","14":"tag-europe","15":"tag-fil-info","16":"tag-fr","17":"tag-france","18":"tag-loire","19":"tag-news","20":"tag-republique-francaise","21":"tag-saint-etienne"},"share_on_mastodon":{"url":"https:\/\/pubeurope.com\/@fr\/114927564529872433","error":""},"_links":{"self":[{"href":"https:\/\/www.europesays.com\/fr\/wp-json\/wp\/v2\/posts\/278306","targetHints":{"allow":["GET"]}}],"collection":[{"href":"https:\/\/www.europesays.com\/fr\/wp-json\/wp\/v2\/posts"}],"about":[{"href":"https:\/\/www.europesays.com\/fr\/wp-json\/wp\/v2\/types\/post"}],"author":[{"embeddable":true,"href":"https:\/\/www.europesays.com\/fr\/wp-json\/wp\/v2\/users\/2"}],"replies":[{"embeddable":true,"href":"https:\/\/www.europesays.com\/fr\/wp-json\/wp\/v2\/comments?post=278306"}],"version-history":[{"count":0,"href":"https:\/\/www.europesays.com\/fr\/wp-json\/wp\/v2\/posts\/278306\/revisions"}],"wp:featuredmedia":[{"embeddable":true,"href":"https:\/\/www.europesays.com\/fr\/wp-json\/wp\/v2\/media\/278307"}],"wp:attachment":[{"href":"https:\/\/www.europesays.com\/fr\/wp-json\/wp\/v2\/media?parent=278306"}],"wp:term":[{"taxonomy":"category","embeddable":true,"href":"https:\/\/www.europesays.com\/fr\/wp-json\/wp\/v2\/categories?post=278306"},{"taxonomy":"post_tag","embeddable":true,"href":"https:\/\/www.europesays.com\/fr\/wp-json\/wp\/v2\/tags?post=278306"}],"curies":[{"name":"wp","href":"https:\/\/api.w.org\/{rel}","templated":true}]}}