{"id":278308,"date":"2025-07-27T22:30:25","date_gmt":"2025-07-27T22:30:25","guid":{"rendered":"https:\/\/www.europesays.com\/fr\/278308\/"},"modified":"2025-07-27T22:30:25","modified_gmt":"2025-07-27T22:30:25","slug":"la-circulation-des-ter-entre-lyon-et-saint-etienne-perturbee","status":"publish","type":"post","link":"https:\/\/www.europesays.com\/fr\/278308\/","title":{"rendered":"la circulation des TER entre Lyon et Saint-\u00c9tienne perturb\u00e9e"},"content":{"rendered":"<p>Les forces de police de la circonscription du Gier ont \u00e9t\u00e9 pr\u00e9venues ce dimanche 27\u00a0juillet vers 13\u00a0h30.<\/p>\n<p>D\u2019apr\u00e8s les premi\u00e8res informations que nous avons pu obtenir, une personne a \u00e9t\u00e9 percut\u00e9e par un train TER sur la commune de Lorette, au niveau d\u2019un passage pi\u00e9ton, \u00e0 quelques encablures de la plaine de Gr\u00e9zieux. Malgr\u00e9 plusieurs tentatives d\u2019alerte du conducteur du train, inquiet de voir une silhouette masculine aussi pr\u00e8s des voies, dans le sens Lyon\/Saint-Etienne, la victime a \u00e9t\u00e9 percut\u00e9e \u00e0 grande vitesse malgr\u00e9 un freinage d\u2019urgence.<\/p>\n<p>Ce contenu est bloqu\u00e9 car vous n&rsquo;avez pas accept\u00e9 les cookies et autres traceurs.<\/p>\n<p>En cliquant sur \u00ab J\u2019accepte \u00bb, les cookies et autres traceurs seront d\u00e9pos\u00e9s et vous pourrez visualiser les contenus  (<a href=\"\" class=\"consentModule_policy\" target=\"_blank\" title=\"Consulter la politique de protection des donn\u00e9es du fournisseur\">plus d&rsquo;informations<\/a>).<\/p>\n<p>En cliquant sur \u00ab J\u2019accepte tous les cookies \u00bb, vous autorisez des d\u00e9p\u00f4ts de cookies et autres traceurs pour le stockage de vos donn\u00e9es sur nos sites et applications \u00e0 des fins de personnalisation et de ciblage publicitaire.<\/p>\n<p class=\"consentModule_secondaryText\">Vous gardez la possibilit\u00e9 de retirer votre consentement \u00e0 tout moment en consultant notre <a href=\"https:\/\/www.leprogres.fr\/protection-des-donnees\" target=\"_blank\" title=\"Consulter notre politique de protection des donn\u00e9es\" rel=\"noopener\">politique de protection des donn\u00e9es<\/a>. <br \/>&#13;<br \/>\n            <a href=\"https:\/\/www.leprogres.fr\/faits-divers-justice\/2025\/07\/27\/javascript:Didomi.notice.show()\" class=\"consentModule_cmp\" target=\"_blank\" rel=\"noopener\">G\u00e9rer mes choix<\/a>&#13;\n        <\/p>\n<p>&#13;<br \/>\n                        J&rsquo;accepte&#13;<br \/>\n            J&rsquo;accepte tous les cookies&#13;\n        <\/p>\n<p>  La th\u00e8se du suicide privil\u00e9gi\u00e9e<\/p>\n<p>D\u2019apr\u00e8s le commissaire de police permanence Philippe Saez, une enqu\u00eate a \u00e9t\u00e9 ouverte pour \u00e9tablir les circonstances de ce drame. La victime est un homme \u00e2g\u00e9 de 67 ans, r\u00e9sidant \u00e0 Gr\u00e9zieu-le-March\u00e9, dans le d\u00e9partement voisin du Rh\u00f4ne. L\u2019hypoth\u00e8se d\u2019un suicide pourrait \u00eatre privil\u00e9gi\u00e9e, ayant \u00e9t\u00e9 \u00e9tabli qu\u2019il n\u2019y a eu aucune intervention d\u2019un tiers.\u00a0Un obstacle m\u00e9dico-l\u00e9gal ayant \u00e9t\u00e9 pos\u00e9, une autopsie sera effectu\u00e9e prochainement.<\/p>\n<p>Selon les services de la SNCF joints par t\u00e9l\u00e9phone, la circulation a \u00e9t\u00e9 imm\u00e9diatement interrompue pour permettre l\u2019intervention des sapeurs-pompiers et des agents de police.<\/p>\n<p>D\u2019apr\u00e8s nos informations, la circulation des trains a pu reprendre progressivement \u00e0 partir de 15\u00a0h\u00a026 dans les deux sens entre Saint-Etienne et Lyon.<\/p>\n","protected":false},"excerpt":{"rendered":"Les forces de police de la circonscription du Gier ont \u00e9t\u00e9 pr\u00e9venues ce dimanche 27\u00a0juillet vers 13\u00a0h30. D\u2019apr\u00e8s&hellip;\n","protected":false},"author":2,"featured_media":278309,"comment_status":"","ping_status":"","sticky":false,"template":"","format":"standard","meta":{"footnotes":""},"categories":[9653],"tags":[119,1111,11,2430,7539,1777,674,274,107,1011,27,3367,18870,12,25,2429,24224,4001,104,2803],"class_list":{"0":"post-278308","1":"post","2":"type-post","3":"status-publish","4":"format-standard","5":"has-post-thumbnail","7":"category-saint-etienne","8":"tag-accident","9":"tag-actu","10":"tag-actualites","11":"tag-auvergne-rhone-alpes","12":"tag-edition-loire-sud","13":"tag-eu","14":"tag-europe","15":"tag-faits-divers-justice","16":"tag-fil-info","17":"tag-fr","18":"tag-france","19":"tag-loire","20":"tag-lorette","21":"tag-news","22":"tag-republique-francaise","23":"tag-rhone","24":"tag-saint-chamond-bassin","25":"tag-saint-etienne","26":"tag-societe","27":"tag-transport"},"share_on_mastodon":{"url":"https:\/\/pubeurope.com\/@fr\/114927568374023185","error":""},"_links":{"self":[{"href":"https:\/\/www.europesays.com\/fr\/wp-json\/wp\/v2\/posts\/278308","targetHints":{"allow":["GET"]}}],"collection":[{"href":"https:\/\/www.europesays.com\/fr\/wp-json\/wp\/v2\/posts"}],"about":[{"href":"https:\/\/www.europesays.com\/fr\/wp-json\/wp\/v2\/types\/post"}],"author":[{"embeddable":true,"href":"https:\/\/www.europesays.com\/fr\/wp-json\/wp\/v2\/users\/2"}],"replies":[{"embeddable":true,"href":"https:\/\/www.europesays.com\/fr\/wp-json\/wp\/v2\/comments?post=278308"}],"version-history":[{"count":0,"href":"https:\/\/www.europesays.com\/fr\/wp-json\/wp\/v2\/posts\/278308\/revisions"}],"wp:featuredmedia":[{"embeddable":true,"href":"https:\/\/www.europesays.com\/fr\/wp-json\/wp\/v2\/media\/278309"}],"wp:attachment":[{"href":"https:\/\/www.europesays.com\/fr\/wp-json\/wp\/v2\/media?parent=278308"}],"wp:term":[{"taxonomy":"category","embeddable":true,"href":"https:\/\/www.europesays.com\/fr\/wp-json\/wp\/v2\/categories?post=278308"},{"taxonomy":"post_tag","embeddable":true,"href":"https:\/\/www.europesays.com\/fr\/wp-json\/wp\/v2\/tags?post=278308"}],"curies":[{"name":"wp","href":"https:\/\/api.w.org\/{rel}","templated":true}]}}