{"id":278310,"date":"2025-07-27T22:35:19","date_gmt":"2025-07-27T22:35:19","guid":{"rendered":"https:\/\/www.europesays.com\/fr\/278310\/"},"modified":"2025-07-27T22:35:19","modified_gmt":"2025-07-27T22:35:19","slug":"au-festival-davignon-frequentation-inegalee-depuis-2016","status":"publish","type":"post","link":"https:\/\/www.europesays.com\/fr\/278310\/","title":{"rendered":"Au festival d\u2019Avignon, fr\u00e9quentation in\u00e9gal\u00e9e depuis 2016"},"content":{"rendered":"<p>Apr\u00e8s <a href=\"https:\/\/www.ouest-france.fr\/culture\/arts\/theatre\/festival-avignon\/video-le-festival-d-avignon-s-est-acheve-sur-un-bilan-en-demi-teinte-11cd56ca-1b23-3e82-8407-aa39ed171832\" target=\"_self\" rel=\"nofollow noopener\">une ann\u00e9e mitig\u00e9e en 2024<\/a>, li\u00e9e \u00e0 des dates avanc\u00e9es en raison de l\u2019organisation des Jeux olympiques, d\u2019un contexte politique compliqu\u00e9,<a href=\"https:\/\/www.ouest-france.fr\/culture\/arts\/theatre\/festival-avignon\/\" target=\"_self\" rel=\"nofollow noopener\"> le festival d\u2019Avignon<\/a> qui a baiss\u00e9 le rideau samedi soir, a retrouv\u00e9 des couleurs. Il affiche un taux de fr\u00e9quentation de 98\u00a0%. Le directeur <a href=\"https:\/\/nimes.maville.com\/actu\/actudet_-entretien.-au-festival-d-avignon-80-des-spectacles-sont-des-nouveautes-_53511-6885221_actu.Htm\" target=\"_self\" rel=\"nofollow noopener\">Tiago Rodrigues<\/a> \u00e9voque <strong>\u00ab\u00a0une fr\u00e9quentation in\u00e9gal\u00e9e au moins depuis 2016 avec un public h\u00e9t\u00e9rog\u00e8ne, engag\u00e9 autour de la cr\u00e9ation.\u00a0\u00bb<\/strong> Le Festival, qui a parfois laiss\u00e9 les spectateurs sur leur faim, a \u00e9t\u00e9 marqu\u00e9 par les cr\u00e9ations de grands noms du spectacle vivant comme le metteur en sc\u00e8ne allemand Thomas Ostermeier ou la chor\u00e9graphe belge Anne Teresa de Keersmaeker, mais aussi Le Soulier de Satin jou\u00e9 dans la cour d\u2019honneur par la troupe de la Com\u00e9die-Fran\u00e7aise et une restitution th\u00e9\u00e2trale du proc\u00e8s des viols de Mazan.<\/p>\n<p>\t<img decoding=\"async\" src=\"https:\/\/www.europesays.com\/fr\/wp-content\/uploads\/2025\/07\/P35377248D6915394G_px_640_.jpg\" alt=\"photo 1785 spectacles \u00e9taient propos\u00e9s dans le festival off.  \u00a9  ouest-france\" width=\"640\" title=\" 1785 spectacles \u00e9taient propos\u00e9s dans le festival Off.   Ouest-France \"\/><\/p>\n<p class=\"elmt-legende\"> 1785 spectacles \u00e9taient propos\u00e9s dans le festival Off.   Ouest-France <\/p>\n<p>L\u2019alignement pour la premi\u00e8re ann\u00e9e, des calendriers du In et du Off qui continuent de cultiver leur diff\u00e9rence a jou\u00e9 dans cette augmentation de la fr\u00e9quentation, <strong>\u00ab\u00a0parce qu\u2019il y a un public pour plusieurs festivals. C\u2019est plus efficace et \u00e7a garantit aussi des retomb\u00e9es culturelles et \u00e9conomiques.\u00a0\u00bb <\/strong>Tiago Rodrigues a rappel\u00e9 que le festival d\u2019Avignon multiplie par six chaque euro de subvention publique re\u00e7u. <strong>\u00ab\u00a0Quand un festivalier d\u00e9pense 10\u00a0\u20ac, ce sont 2\u00a0\u20ac pour le festival, 8\u00a0\u20ac pour le territoire.\u00a0\u00bb<\/strong><\/p>\n<p>\t<img decoding=\"async\" src=\"https:\/\/www.europesays.com\/fr\/wp-content\/uploads\/2025\/07\/P35377249D6915394G_px_640_.jpg\" alt=\"photo laurent domingos et harold david, copr\u00e9sidents d\u2019af &amp; c (avignon festival &amp; compagnies)  \u00a9  johanna baschke\" width=\"640\" title=\" Laurent Domingos et Harold David, copr\u00e9sidents d\u2019AF &amp; C (Avignon Festival &amp; Compagnies)   Johanna Baschke \"\/><\/p>\n<p class=\"elmt-legende\"> Laurent Domingos et Harold David, copr\u00e9sidents d\u2019AF &amp; C (Avignon Festival &amp; Compagnies)   Johanna Baschke <\/p>\n<p>Du c\u00f4t\u00e9 <a href=\"https:\/\/nimes.maville.com\/actu\/actudet_--c-est-ce-qui-nous-fait-vibrer-au-festival-d-avignon-c-est-le-grand-rush-dans-les-theatres-_54135-6904731_actu.Htm?utm_source=fluxpublicactu&amp;utm_medium=fluxrss&amp;utm_campaign=banquedecontenu\" target=\"_self\" rel=\"nofollow noopener\">du Off<\/a>, dont c\u2019\u00e9tait<a href=\"https:\/\/www.ouest-france.fr\/culture\/arts\/theatre\/festival-avignon\/video-a-avignon-la-grande-parade-festive-donne-le-coup-d-envoi-du-festival-off-f2d4fcdc-b40d-385e-9e7e-54d559ecd84c\" target=\"_self\" rel=\"nofollow noopener\"> la 59e \u00e9dition<\/a>, belle r\u00e9ussite aussi avec 1,6\u00a0million de billets achet\u00e9s sur les 2,6\u00a0millions propos\u00e9s \u00e0 la vente pour les 1\u00a0785\u00a0spectacles programm\u00e9s dont 78\u00a0% ne b\u00e9n\u00e9ficient d\u2019aucune subvention publique. Avec un pic de fr\u00e9quentation la semaine du 14\u00a0juillet et un taux de remplissage moyen de 50 \u00e0 60\u00a0%. Laurent Domingos et Harold David, copr\u00e9sidents d\u2019AF &amp; C (Avignon Festival &amp; Compagnies) ont annonc\u00e9 que la M\u00e9diterran\u00e9e sera l\u2019invit\u00e9e d\u2019honneur de l\u2019\u00e9dition 2026, qui proposera \u00e9galement des \u00e9tats g\u00e9n\u00e9raux, en r\u00e9ponse \u00e0 la crise de la diffusion de la culture. L\u2019association des professionnels de l\u2019administration du spectacle (Lapas) a d\u00e9voil\u00e9 pendant le festival <a href=\"https:\/\/rennes.maville.com\/actu\/actudet_-les-compagnies-de-theatre-frappees-par-la-crise-_54135-6910957_actu.Htm\" target=\"_self\" rel=\"nofollow noopener\">les r\u00e9sultats alarmants de l\u2019\u00e9tude men\u00e9e aupr\u00e8s de 333\u00a0compagnies th\u00e9\u00e2trales<\/a>. Elle fait \u00e9tat d\u2019une nouvelle baisse des perspectives de diffusion pour la saison 2025\/2026, de l\u2019ordre de 26\u00a0%.<\/p>\n<p>\u00a0<\/p>\n","protected":false},"excerpt":{"rendered":"Apr\u00e8s une ann\u00e9e mitig\u00e9e en 2024, li\u00e9e \u00e0 des dates avanc\u00e9es en raison de l\u2019organisation des Jeux olympiques,&hellip;\n","protected":false},"author":2,"featured_media":278311,"comment_status":"","ping_status":"","sticky":false,"template":"","format":"standard","meta":{"footnotes":""},"categories":[9619],"tags":[7086,1111,11,6184,1777,674,849,1011,27,13461,41774,12,882,25,2310],"class_list":{"0":"post-278310","1":"post","2":"type-post","3":"status-publish","4":"format-standard","5":"has-post-thumbnail","7":"category-toulon","8":"tag-7086","9":"tag-actu","10":"tag-actualites","11":"tag-avignon","12":"tag-eu","13":"tag-europe","14":"tag-festival","15":"tag-fr","16":"tag-france","17":"tag-frequentation","18":"tag-inegalee","19":"tag-news","20":"tag-provence-alpes-cote-dazur","21":"tag-republique-francaise","22":"tag-toulon"},"share_on_mastodon":{"url":"https:\/\/pubeurope.com\/@fr\/114927588252500642","error":""},"_links":{"self":[{"href":"https:\/\/www.europesays.com\/fr\/wp-json\/wp\/v2\/posts\/278310","targetHints":{"allow":["GET"]}}],"collection":[{"href":"https:\/\/www.europesays.com\/fr\/wp-json\/wp\/v2\/posts"}],"about":[{"href":"https:\/\/www.europesays.com\/fr\/wp-json\/wp\/v2\/types\/post"}],"author":[{"embeddable":true,"href":"https:\/\/www.europesays.com\/fr\/wp-json\/wp\/v2\/users\/2"}],"replies":[{"embeddable":true,"href":"https:\/\/www.europesays.com\/fr\/wp-json\/wp\/v2\/comments?post=278310"}],"version-history":[{"count":0,"href":"https:\/\/www.europesays.com\/fr\/wp-json\/wp\/v2\/posts\/278310\/revisions"}],"wp:featuredmedia":[{"embeddable":true,"href":"https:\/\/www.europesays.com\/fr\/wp-json\/wp\/v2\/media\/278311"}],"wp:attachment":[{"href":"https:\/\/www.europesays.com\/fr\/wp-json\/wp\/v2\/media?parent=278310"}],"wp:term":[{"taxonomy":"category","embeddable":true,"href":"https:\/\/www.europesays.com\/fr\/wp-json\/wp\/v2\/categories?post=278310"},{"taxonomy":"post_tag","embeddable":true,"href":"https:\/\/www.europesays.com\/fr\/wp-json\/wp\/v2\/tags?post=278310"}],"curies":[{"name":"wp","href":"https:\/\/api.w.org\/{rel}","templated":true}]}}