{"id":278312,"date":"2025-07-27T22:36:11","date_gmt":"2025-07-27T22:36:11","guid":{"rendered":"https:\/\/www.europesays.com\/fr\/278312\/"},"modified":"2025-07-27T22:36:11","modified_gmt":"2025-07-27T22:36:11","slug":"des-chercheurs-utilisent-les-anticorps-dun-animal-pour-lutter-contre-la-schizophrenie","status":"publish","type":"post","link":"https:\/\/www.europesays.com\/fr\/278312\/","title":{"rendered":"Des chercheurs utilisent les anticorps d&rsquo;un animal pour lutter contre la schizophr\u00e9nie"},"content":{"rendered":"<p>            Par<br \/>\n        <strong><br \/>\n            <a href=\"https:\/\/actu.fr\/auteur\/r-coudert\" title=\"Consulter tous les articles de Rachel Coudert\" target=\"_blank\" rel=\"noopener\">Rachel Coudert<\/a><br \/>\n        <\/strong><\/p>\n<p>        Publi\u00e9 le<\/p>\n<p>            27 juil. 2025 \u00e0 22h23        <\/p>\n<p>Et si une avanc\u00e9e majeure <strong>contre la schizophr\u00e9nie<\/strong> se cachait chez les <strong>lamas<\/strong> ? C\u2019est ce que <strong>trois chercheurs montpelli\u00e9rains<\/strong> \u2013 Jean-Philippe Pin, Julie Kniazeff et Philippe Rondard \u2013 et leur \u00e9quipe, affili\u00e9s au CNRS, \u00e0 l\u2019Inserm et \u00e0 l\u2019Universit\u00e9 de Montpellier, ont r\u00e9v\u00e9l\u00e9 dans la <strong>revue Nature<\/strong>, publi\u00e9e ce <strong>mercredi 23 juillet 2025<\/strong>.<\/p>\n<p class=\" wall-content\">En effet, les lamas poss\u00e8dent un type particulier d\u2019<strong>anticorps<\/strong> \u00e0 partir desquels des scientifiques viennent de produire des mini-anticorps, appel\u00e9s \u00ab <strong>nanocorps<\/strong> \u00bb, capables de <strong>franchir la<\/strong> <strong>barri\u00e8re biologique qui prot\u00e8ge le cerveau<\/strong> (barri\u00e8re h\u00e9mato-enc\u00e9phalique, ndlr), ce qui les rend <strong>plus<\/strong> <strong>efficaces<\/strong> que les anticorps utilis\u00e9s dans les traitements actuels. Des traitements qui ont eu, jusque-l\u00e0, un impact assez limit\u00e9 : ces derniers ne r\u00e9duisent que certains sympt\u00f4mes, et agissent peu sur les troubles cognitifs qui touchent le quotidien des patients.<\/p>\n<p>Une maladie encore trop m\u00e9connue<\/p>\n<p>La schizophr\u00e9nie est une maladie psychique chronique complexe, qui touche pr\u00e8s d\u20191% de la population mondiale et environ 600 000 personnes en France. Elle se r\u00e9v\u00e8le g\u00e9n\u00e9ralement entre 15 et 25 ans, se traduisant sch\u00e9matiquement par une perception perturb\u00e9e de la r\u00e9alit\u00e9, ainsi que des manifestations productives (id\u00e9es d\u00e9lirantes ou hallucinations) et passives (isolement social et relationnel).<\/p>\n<p>Un r\u00e9sultat prometteur<\/p>\n<p class=\" wall-content\">Apr\u00e8s injection de ces \u00ab nanocorps \u00bb, les scientifiques ont ainsi observ\u00e9 une <strong>nette am\u00e9lioration des fonctions cognitives<\/strong> chez deux mod\u00e8les animaux de la maladie. Une seule injection p\u00e9riph\u00e9rique (par voie veineuse ou musculaire) a suffi \u00e0 produire un effet b\u00e9n\u00e9fique prolong\u00e9, observ\u00e9 <strong>pendant plus d\u2019une semaine<\/strong>.<\/p>\n<p class=\" wall-content\">Ces r\u00e9sultats ouvrent d\u00e9sormais la voie \u00e0 une <strong>strat\u00e9gie th\u00e9rapeutique in\u00e9dite<\/strong> pour la schizophr\u00e9nie. Des <strong>essais cliniques<\/strong> seront toutefois n\u00e9cessaires pour confirmer que l\u2019am\u00e9lioration cognitive observ\u00e9e chez l\u2019animal peut se traduire chez l\u2019humain. \u00c0 terme, une telle d\u00e9couverte pourrait \u00e9galement <strong>b\u00e9n\u00e9ficier \u00e0 d\u2019autres maladies neurologiques<\/strong>.<\/p>\n<p>Vid\u00e9os : en ce moment sur Actu<\/p>\n<p class=\" wall-content\">Suivez toute l\u2019actualit\u00e9 de vos villes et m\u00e9dias favoris en vous inscrivant \u00e0 <a href=\"https:\/\/moncompte.actu.fr\" title=\"D\u00e9couvez Mon Actu\" rel=\"nofollow noopener\" data-trk=\"{&quot;cta&quot;:{&quot;action&quot;:&quot;https:\\\/\\\/moncompte.actu.fr&quot;,&quot;category&quot;:&quot;mon compte&quot;,&quot;from&quot;:&quot;article footer&quot;,&quot;name&quot;:&quot;Mon actu&quot;,&quot;type&quot;:&quot;cta&quot;}}\" target=\"_blank\">Mon Actu<\/a>.<\/p>\n","protected":false},"excerpt":{"rendered":"Par Rachel Coudert Publi\u00e9 le 27 juil. 2025 \u00e0 22h23 Et si une avanc\u00e9e majeure contre la schizophr\u00e9nie&hellip;\n","protected":false},"author":2,"featured_media":278313,"comment_status":"","ping_status":"","sticky":false,"template":"","format":"standard","meta":{"footnotes":""},"categories":[9599],"tags":[1111,11,1867,1777,674,1011,27,226,2208,12,2680,25,2631],"class_list":{"0":"post-278312","1":"post","2":"type-post","3":"status-publish","4":"format-standard","5":"has-post-thumbnail","7":"category-montpellier","8":"tag-actu","9":"tag-actualites","10":"tag-animaux","11":"tag-eu","12":"tag-europe","13":"tag-fr","14":"tag-france","15":"tag-maladie","16":"tag-montpellier","17":"tag-news","18":"tag-occitanie","19":"tag-republique-francaise","20":"tag-sciences-technologie"},"share_on_mastodon":{"url":"https:\/\/pubeurope.com\/@fr\/114927591991461291","error":""},"_links":{"self":[{"href":"https:\/\/www.europesays.com\/fr\/wp-json\/wp\/v2\/posts\/278312","targetHints":{"allow":["GET"]}}],"collection":[{"href":"https:\/\/www.europesays.com\/fr\/wp-json\/wp\/v2\/posts"}],"about":[{"href":"https:\/\/www.europesays.com\/fr\/wp-json\/wp\/v2\/types\/post"}],"author":[{"embeddable":true,"href":"https:\/\/www.europesays.com\/fr\/wp-json\/wp\/v2\/users\/2"}],"replies":[{"embeddable":true,"href":"https:\/\/www.europesays.com\/fr\/wp-json\/wp\/v2\/comments?post=278312"}],"version-history":[{"count":0,"href":"https:\/\/www.europesays.com\/fr\/wp-json\/wp\/v2\/posts\/278312\/revisions"}],"wp:featuredmedia":[{"embeddable":true,"href":"https:\/\/www.europesays.com\/fr\/wp-json\/wp\/v2\/media\/278313"}],"wp:attachment":[{"href":"https:\/\/www.europesays.com\/fr\/wp-json\/wp\/v2\/media?parent=278312"}],"wp:term":[{"taxonomy":"category","embeddable":true,"href":"https:\/\/www.europesays.com\/fr\/wp-json\/wp\/v2\/categories?post=278312"},{"taxonomy":"post_tag","embeddable":true,"href":"https:\/\/www.europesays.com\/fr\/wp-json\/wp\/v2\/tags?post=278312"}],"curies":[{"name":"wp","href":"https:\/\/api.w.org\/{rel}","templated":true}]}}