{"id":278318,"date":"2025-07-27T22:45:21","date_gmt":"2025-07-27T22:45:21","guid":{"rendered":"https:\/\/www.europesays.com\/fr\/278318\/"},"modified":"2025-07-27T22:45:21","modified_gmt":"2025-07-27T22:45:21","slug":"je-veux-croire-que-lon-peut-rivaliser-avec-les-meilleurs","status":"publish","type":"post","link":"https:\/\/www.europesays.com\/fr\/278318\/","title":{"rendered":"\u00ab\u00a0Je veux croire que l\u2019on peut rivaliser avec les meilleurs\u00a0\u00bb"},"content":{"rendered":"<p>Au lendemain de son premier anniversaire sur le banc alsacien \u2013 <a href=\"https:\/\/www.dna.fr\/sport\/2024\/07\/25\/liam-rosenior-le-nouveau-coach-du-racing-a-pris-ses-marques\" target=\"_blank\" rel=\"noopener\">il est arriv\u00e9 le 25\u00a0juillet\u00a02024 au relais de Patrick Vieira<\/a> \u2013, <a href=\"https:\/\/www.dna.fr\/p\/liam-rosenior\" target=\"_blank\" rel=\"noopener\">Liam Rosenior<\/a> est venu exposer son ambitieux projet pour son \u00e9quipe.<\/p>\n<p>Dans le calme d\u2019un grand h\u00f4tel d\u2019Istanbul, \u00e0 quelques heures <a href=\"https:\/\/www.dna.fr\/sport\/2025\/07\/26\/la-lecon-turque\" target=\"_blank\" rel=\"noopener\">du match perdu contre Galatasaray (3-1)<\/a>, le technicien a \u00e9voqu\u00e9 les objectifs sportifs et le recrutement XXL en cours. Toujours en anglais, m\u00eame s\u2019il comprend d\u00e9sormais quasiment toutes les questions en fran\u00e7ais, et avec l\u2019immense d\u00e9termination qui l\u2019anime.<\/p>\n<blockquote class=\"question\"><p>Que retenez-vous de votre premi\u00e8re ann\u00e9e \u00e0 Strasbourg\u00a0?<\/p><\/blockquote>\n<p>C\u2019est incroyable, ce que je vis depuis que j\u2019ai rejoint le club. Je me sens \u00e0 l\u2019aise dans cette jolie ville, o\u00f9 j\u2019ai \u00e9t\u00e9 tr\u00e8s bien accueilli. J\u2019ai vu les progr\u00e8s sur le terrain, <a href=\"https:\/\/www.dna.fr\/d\/stade-de-la-meinau-a-strasbourg-un-vaste-chantier-pour-transformer-le-stade-du-rcsa-168c7938-e8d4-4c1f-9741-a599a3297db2\" target=\"_blank\" rel=\"noopener\">le stade qui grandit<\/a>, le centre d\u2019entra\u00eenement qui se d\u00e9veloppe. Je suis heureux d\u2019<a href=\"https:\/\/www.dna.fr\/sport\/2025\/04\/25\/racing-liam-rosenior-s-inscrit-dans-la-duree\" target=\"_blank\" rel=\"noopener\">avoir prolong\u00e9 mon contrat (jusqu\u2019en juin\u00a02028)<\/a> et je suis tr\u00e8s excit\u00e9 pour la suite\u00a0!<\/p>\n<p>\u00ab\u00a0On s\u2019est class\u00e9 septi\u00e8me. Mon objectif est de finir plus haut\u00a0\u00bb<\/p>\n<blockquote class=\"question\"><p>Vous \u00e9tiez un&#8230;<\/p><\/blockquote>\n","protected":false},"excerpt":{"rendered":"Au lendemain de son premier anniversaire sur le banc alsacien \u2013 il est arriv\u00e9 le 25\u00a0juillet\u00a02024 au relais&hellip;\n","protected":false},"author":2,"featured_media":278319,"comment_status":"","ping_status":"","sticky":false,"template":"","format":"standard","meta":{"footnotes":""},"categories":[2820],"tags":[1111,11,2649,2880,1777,674,107,63,1011,27,775,23100,12,41281,25,517,640,2879],"class_list":{"0":"post-278318","1":"post","2":"type-post","3":"status-publish","4":"format-standard","5":"has-post-thumbnail","7":"category-strasbourg","8":"tag-actu","9":"tag-actualites","10":"tag-bas-rhin","11":"tag-edition-strasbourg","12":"tag-eu","13":"tag-europe","14":"tag-fil-info","15":"tag-football","16":"tag-fr","17":"tag-france","18":"tag-grand-est","19":"tag-mercato-football","20":"tag-news","21":"tag-racing-club-strasbourg-masculin","22":"tag-republique-francaise","23":"tag-sport","24":"tag-strasbourg","25":"tag-strasbourg-ville"},"share_on_mastodon":{"url":"https:\/\/pubeurope.com\/@fr\/114927627404153082","error":""},"_links":{"self":[{"href":"https:\/\/www.europesays.com\/fr\/wp-json\/wp\/v2\/posts\/278318","targetHints":{"allow":["GET"]}}],"collection":[{"href":"https:\/\/www.europesays.com\/fr\/wp-json\/wp\/v2\/posts"}],"about":[{"href":"https:\/\/www.europesays.com\/fr\/wp-json\/wp\/v2\/types\/post"}],"author":[{"embeddable":true,"href":"https:\/\/www.europesays.com\/fr\/wp-json\/wp\/v2\/users\/2"}],"replies":[{"embeddable":true,"href":"https:\/\/www.europesays.com\/fr\/wp-json\/wp\/v2\/comments?post=278318"}],"version-history":[{"count":0,"href":"https:\/\/www.europesays.com\/fr\/wp-json\/wp\/v2\/posts\/278318\/revisions"}],"wp:featuredmedia":[{"embeddable":true,"href":"https:\/\/www.europesays.com\/fr\/wp-json\/wp\/v2\/media\/278319"}],"wp:attachment":[{"href":"https:\/\/www.europesays.com\/fr\/wp-json\/wp\/v2\/media?parent=278318"}],"wp:term":[{"taxonomy":"category","embeddable":true,"href":"https:\/\/www.europesays.com\/fr\/wp-json\/wp\/v2\/categories?post=278318"},{"taxonomy":"post_tag","embeddable":true,"href":"https:\/\/www.europesays.com\/fr\/wp-json\/wp\/v2\/tags?post=278318"}],"curies":[{"name":"wp","href":"https:\/\/api.w.org\/{rel}","templated":true}]}}