{"id":278320,"date":"2025-07-27T22:46:11","date_gmt":"2025-07-27T22:46:11","guid":{"rendered":"https:\/\/www.europesays.com\/fr\/278320\/"},"modified":"2025-07-27T22:46:11","modified_gmt":"2025-07-27T22:46:11","slug":"grande-nuit-venitienne-3-moments-inoubliables-a-vivre-a-saint-jean-cap-ferrat","status":"publish","type":"post","link":"https:\/\/www.europesays.com\/fr\/278320\/","title":{"rendered":"Grande Nuit V\u00e9nitienne: 3 moments inoubliables \u00e0 vivre \u00e0 Saint-Jean-Cap-Ferrat"},"content":{"rendered":"<p>                                <b>1.Une parade spectaculaire au parfum de libert\u00e9<\/b><\/p>\n<p>\u00c9v\u00e9nement embl\u00e9matique de la C\u00f4te d\u2019Azur, la Grande Nuit V\u00e9nitienne transforme le village de Saint-Jean-Cap-Ferrat en un d\u00e9cor haut en couleur le temps d\u2019une soir\u00e9e inoubliable. D\u00e8s la tomb\u00e9e de la nuit, plus d\u2019une centaine d\u2019artistes vont d\u00e9filer dans un d\u00e9cor f\u00e9erique, accompagn\u00e9s de lanceurs de drapeaux, de musiciens, de danseurs et d\u2019artistes de rue, tous sublim\u00e9s par la magie des masques v\u00e9nitiens.\u00a0<\/p>\n<p>Gill Roche, figure incontournable du Carnaval de Nice, viendra pr\u00eater son \u00e9nergie communicative \u00e0 ce cort\u00e8ge hors du commun, tandis que l\u2019association TOP DANCE, l\u2019\u00e9cole de danse de Saint-Jean-Cap-Ferrat qui, forte d\u2019une collection unique de costumes v\u00e9nitiens, rejoindra cette ann\u00e9e le spectacle pour la toute premi\u00e8re fois. Entre couleurs, musiques et acrobaties, la foule retrouvera l\u2019esprit festif et libre qui fait vibrer la presqu\u2019\u00eele depuis des d\u00e9cennies!<\/p>\n<p>              <img ci-src=\"https:\/\/www.nicematin.com\/culture\/_DSF2765-I9NWTT6g.jpg?vh=6de350&amp;ci_seal=6c209d4df5\" alt=\"\"\/><\/p>\n<p>                                <b>2.Une soir\u00e9e rythm\u00e9e par trois temps forts<\/b><\/p>\n<p>Le voyage se poursuivra \u00e0 21 heures, lorsque le d\u00e9fil\u00e9 s\u2019\u00e9lancera depuis les ruelles et longera les quais du port, entra\u00eenant le public dans son sillage. \u00c0 22h30, la magie montera encore d\u2019un cran avec un feu d\u2019artifice grandiose, embrasant le ciel et projetant ses mille reflets sur la mer. Cet \u00e9v\u00e9nement, qui perp\u00e9tue la tradition et fait aujourd\u2019hui partie int\u00e9grante de l\u2019ADN de la presqu\u2019\u00eele azur\u00e9enne, promet de ravir tous les publics. La soir\u00e9e se prolongera dans une ambiance conviviale avec un bal populaire, invitant habitants et visiteurs \u00e0 danser sous les \u00e9toiles jusqu\u2019\u00e0 une heure du matin.\u00a0<\/p>\n<p>Gratuit et ouvert \u00e0 tous, ce moment hors du temps r\u00e9unit, chaque \u00e9t\u00e9, la convivialit\u00e9 et la passion des traditions locales. N\u00e9e de la volont\u00e9 des commer\u00e7ants de Saint-Jean-Cap-Ferrat de c\u00e9l\u00e9brer la joie et la vie retrouv\u00e9e apr\u00e8s la Seconde Guerre mondiale, cette f\u00eate populaire r\u00e9sonne encore plus fort cette ann\u00e9e, alors que l\u2019Europe comm\u00e9more le 80e anniversaire du retour \u00e0 la libert\u00e9.<\/p>\n<p>              <img ci-src=\"https:\/\/www.nicematin.com\/culture\/VILL+F+22-iVvN1kRE.jpg?vh=4d3b98&amp;ci_seal=71183b81f2\" alt=\"\"\/><\/p>\n<p>                                <b>3.Un \u00e9t\u00e9 d\u2019\u00e9v\u00e9nements \u00e0 prolonger<\/b><\/p>\n<p>La Grande Nuit V\u00e9nitienne donnera le coup d\u2019envoi d\u2019un mois d\u2019ao\u00fbt vibrant, o\u00f9 Saint-Jean-Cap-Ferrat incarnera plus que jamais l\u2019esprit festif et culturel de la C\u00f4te d&rsquo;Azur gr\u00e2ce \u00e0 <a href=\"https:\/\/www.calameo.com\/ville-de-saint-jean-cap-ferrat\/read\/00655795107c1a9c9d2f0\" target=\"_blank\" rel=\"noopener nofollow\">la programmation de l\u2019\u00e9t\u00e9 \u00e0 Saint-Jean-Cap-Ferrat<\/a>, riche en couleurs et en \u00e9motions! Du 7 au 9 ao\u00fbt, les notes \u00e9l\u00e9gantes du festival Saint Jazz Cap Ferrat r\u00e9sonneront dans la magnifique presqu\u2019\u00eele, avant de c\u00e9der la place \u00e0 une soir\u00e9e hommage au groupe T\u00e9l\u00e9phone le 19 ao\u00fbt, puis \u00e0 l\u2019\u00e9nergie \u00e9lectro de Feder lors du\u00a0festival Crossover Summer le 22 ao\u00fbt.\u00a0<\/p>\n<p>Tout au long du mois d\u2019ao\u00fbt, commer\u00e7ants et artistes enrichiront l\u2019\u00e9t\u00e9 d\u2019expositions et d\u2019animations vari\u00e9es. Entre son magnifique port o\u00f9 des pointus sont amarr\u00e9s, ses sentiers c\u00f4tiers bord\u00e9s de pins parasols, et ses plages dor\u00e9es o\u00f9 la mer renvoie les doux rayons du soleil, Saint-Jean-Cap-Ferrat offre un cadre idyllique pour profiter de l\u2019\u00e9t\u00e9 en famille ou entre amis. <\/p>\n<p>Le bonheur se r\u00e9sume alors \u00e0 fl\u00e2ner dans les rues du village pendant la journ\u00e9e, avant de se laisser emporter, \u00e0 la nuit tomb\u00e9e, par l\u2019effervescence de ses soir\u00e9es. Le village, et les quais en partie pi\u00e9ton, se transforme alors en une v\u00e9ritable sc\u00e8ne \u00e0 ciel ouvert, propice \u00e0 la f\u00eate, \u00e0 la danse et au plaisir de partager de beaux moments!<\/p>\n<p>              <img ci-src=\"https:\/\/www.nicematin.com\/culture\/THC0433-dFak3M9H.jpg?vh=fced46&amp;ci_seal=71ee6645e4\" alt=\"\"\/><\/p>\n<p>Renseignements Office de Tourisme : +33.(0)4.93.76.08.90<\/p>\n","protected":false},"excerpt":{"rendered":"1.Une parade spectaculaire au parfum de libert\u00e9 \u00c9v\u00e9nement embl\u00e9matique de la C\u00f4te d\u2019Azur, la Grande Nuit V\u00e9nitienne transforme&hellip;\n","protected":false},"author":2,"featured_media":278321,"comment_status":"","ping_status":"","sticky":false,"template":"","format":"standard","meta":{"footnotes":""},"categories":[2819],"tags":[1111,11,251,1777,674,1011,27,12,2401,882,25],"class_list":{"0":"post-278320","1":"post","2":"type-post","3":"status-publish","4":"format-standard","5":"has-post-thumbnail","7":"category-nice","8":"tag-actu","9":"tag-actualites","10":"tag-culture","11":"tag-eu","12":"tag-europe","13":"tag-fr","14":"tag-france","15":"tag-news","16":"tag-nice","17":"tag-provence-alpes-cote-dazur","18":"tag-republique-francaise"},"share_on_mastodon":{"url":"https:\/\/pubeurope.com\/@fr\/114927631281851312","error":""},"_links":{"self":[{"href":"https:\/\/www.europesays.com\/fr\/wp-json\/wp\/v2\/posts\/278320","targetHints":{"allow":["GET"]}}],"collection":[{"href":"https:\/\/www.europesays.com\/fr\/wp-json\/wp\/v2\/posts"}],"about":[{"href":"https:\/\/www.europesays.com\/fr\/wp-json\/wp\/v2\/types\/post"}],"author":[{"embeddable":true,"href":"https:\/\/www.europesays.com\/fr\/wp-json\/wp\/v2\/users\/2"}],"replies":[{"embeddable":true,"href":"https:\/\/www.europesays.com\/fr\/wp-json\/wp\/v2\/comments?post=278320"}],"version-history":[{"count":0,"href":"https:\/\/www.europesays.com\/fr\/wp-json\/wp\/v2\/posts\/278320\/revisions"}],"wp:featuredmedia":[{"embeddable":true,"href":"https:\/\/www.europesays.com\/fr\/wp-json\/wp\/v2\/media\/278321"}],"wp:attachment":[{"href":"https:\/\/www.europesays.com\/fr\/wp-json\/wp\/v2\/media?parent=278320"}],"wp:term":[{"taxonomy":"category","embeddable":true,"href":"https:\/\/www.europesays.com\/fr\/wp-json\/wp\/v2\/categories?post=278320"},{"taxonomy":"post_tag","embeddable":true,"href":"https:\/\/www.europesays.com\/fr\/wp-json\/wp\/v2\/tags?post=278320"}],"curies":[{"name":"wp","href":"https:\/\/api.w.org\/{rel}","templated":true}]}}