{"id":278324,"date":"2025-07-27T22:48:22","date_gmt":"2025-07-27T22:48:22","guid":{"rendered":"https:\/\/www.europesays.com\/fr\/278324\/"},"modified":"2025-07-27T22:48:22","modified_gmt":"2025-07-27T22:48:22","slug":"lhumoriste-nantaise-valentine-reinvente-linterview-de-stars","status":"publish","type":"post","link":"https:\/\/www.europesays.com\/fr\/278324\/","title":{"rendered":"L\u2019humoriste nantaise Valentine r\u00e9invente l\u2019interview de stars"},"content":{"rendered":"<p>Et si, \u00e0 l\u2019heure o\u00f9 l\u2019homme en noir vient de tirer sa r\u00e9v\u00e9rence, l\u2019humoriste Valentine \u00e9tait sur le point, \u00e0 son tour, de r\u00e9volutionner l\u2019art d\u2019interviewer les personnalit\u00e9s\u00a0? La Nantaise met actuellement la derni\u00e8re main au montage de trois courts entretiens qui se pr\u00e9sentent comme les pilotes d\u2019une s\u00e9rie destin\u00e9e, du moins l\u2019esp\u00e8re-t-elle, \u00e0 faire le buzz sur internet.<\/p>\n<p>\u00ab\u00a0Les interviews de stars m\u2019ont toujours fait bailler\u00a0\u00bb<\/p>\n<p>L\u2019id\u00e9e\u00a0? Demander aux vedettes invit\u00e9es d\u2019\u00e9voquer, avec humour, les liens qu\u2019ils entretiennent avec leur animal favori.<\/p>\n<p>\u00a0Personnellement, les interviews de stars m\u2019ont toujours fait bailler, sourit-elle. Autopromotion, ego trip et narcissisme \u00e0 tout va, on conna\u00eet la chanson. Dans ma s\u00e9rie, les r\u00e8gles sont aussi simples qu\u2019imp\u00e9ratives\u00a0: interdiction aux invit\u00e9s d\u2019\u00e9voquer leur actu ou de parler politique. Ils doivent se contenter de r\u00e9pondre, avec esprit si possible, et pourquoi pas \u00e9motion, \u00e0 des questions concernant uniquement leurs compagnons \u00e0 poils ou \u00e0 plumes.\u00a0<\/p>\n<p>Cultivant volontiers un ton d\u00e9cal\u00e9, la s\u00e9rie s\u2019ing\u00e9nie \u00e0 d\u00e9stabiliser d\u2019embl\u00e9e les invit\u00e9s en les plongeant dans un d\u00e9cor pour le moins singulier. \u00a0Les invit\u00e9s sont dans un panier, entour\u00e9s de divers jouets en peluche alors que leur animal tr\u00f4ne, en majest\u00e9, dans un fauteuil ou sur un pouf tout proche\u00a0\u00bb.<\/p>\n<p>L\u2019inimitable Chantal Ladesou, le chanteur du groupe Dionysos et Nicolas Ullmann, prince des nuits parisiennes, ont \u00e9t\u00e9 les premiers \u00e0 r\u00e9pondre \u00e0 l\u2019appel. \u00a0Tous ont merveilleusement jou\u00e9 le jeu. Chantal a d\u2019ailleurs accept\u00e9 d\u2019\u00eatre la marraine de la s\u00e9rie.\u00a0<\/p>\n<p>M\u00eame si chaque capsule ne devrait pas outrepasser cinq\u00a0minutes, Valentine, qui s\u2019est octroy\u00e9 le r\u00f4le de la voix off, n\u2019a pas l\u00e9sin\u00e9 sur les moyens. \u00a0Le tournage, qui a eu lieu dans un h\u00f4tel canin, a mobilis\u00e9 huit\u00a0personnes et deux\u00a0cam\u00e9ras.\u00a0<\/p>\n<p>Si l\u2019\u00e9quipe, compos\u00e9e d\u2019amis n\u2019a pour l\u2019heure b\u00e9n\u00e9fici\u00e9 d\u2019aucun cachet, la location du mat\u00e9riel a n\u00e9anmoins rendu l\u2019aventure on\u00e9reuse. \u00a0D\u2019o\u00f9 mon appel au crowdfunding et l\u2019espoir que mon teaser r\u00e9ussisse \u00e0 attirer les sponsors\u00a0, confie cette amie des b\u00eates qui, en attendant de reprendre les tournages, se ressource \u00e0 Rez\u00e9 en compagnie de ses trois chiens, ses deux lapins et son chat.<\/p>\n<p>\u00ab\u00a0<a href=\"https:\/\/www.youtube.com\/watch?v=8eIMreQHFfY\" target=\"_blank\" rel=\"noopener\">Les moustaches de Valentine<\/a>\u00a0\u00bb, teaser visible sur le Net. Contact\u00a0: 0650874845 ou mellevalentine@gmail.com<\/p>\n<p>\u00a0<\/p>\n","protected":false},"excerpt":{"rendered":"Et si, \u00e0 l\u2019heure o\u00f9 l\u2019homme en noir vient de tirer sa r\u00e9v\u00e9rence, l\u2019humoriste Valentine \u00e9tait sur le&hellip;\n","protected":false},"author":2,"featured_media":278325,"comment_status":"","ping_status":"","sticky":false,"template":"","format":"standard","meta":{"footnotes":""},"categories":[2818],"tags":[1111,11,1777,674,1011,27,2701,2173,7127,766,12,2636,41775,25,3287,39748],"class_list":{"0":"post-278324","1":"post","2":"type-post","3":"status-publish","4":"format-standard","5":"has-post-thumbnail","7":"category-nantes","8":"tag-actu","9":"tag-actualites","10":"tag-eu","11":"tag-europe","12":"tag-fr","13":"tag-france","14":"tag-humoriste","15":"tag-interview","16":"tag-nantaise","17":"tag-nantes","18":"tag-news","19":"tag-pays-de-la-loire","20":"tag-reinvente","21":"tag-republique-francaise","22":"tag-stars","23":"tag-valentine"},"share_on_mastodon":{"url":"https:\/\/pubeurope.com\/@fr\/114927639172025140","error":""},"_links":{"self":[{"href":"https:\/\/www.europesays.com\/fr\/wp-json\/wp\/v2\/posts\/278324","targetHints":{"allow":["GET"]}}],"collection":[{"href":"https:\/\/www.europesays.com\/fr\/wp-json\/wp\/v2\/posts"}],"about":[{"href":"https:\/\/www.europesays.com\/fr\/wp-json\/wp\/v2\/types\/post"}],"author":[{"embeddable":true,"href":"https:\/\/www.europesays.com\/fr\/wp-json\/wp\/v2\/users\/2"}],"replies":[{"embeddable":true,"href":"https:\/\/www.europesays.com\/fr\/wp-json\/wp\/v2\/comments?post=278324"}],"version-history":[{"count":0,"href":"https:\/\/www.europesays.com\/fr\/wp-json\/wp\/v2\/posts\/278324\/revisions"}],"wp:featuredmedia":[{"embeddable":true,"href":"https:\/\/www.europesays.com\/fr\/wp-json\/wp\/v2\/media\/278325"}],"wp:attachment":[{"href":"https:\/\/www.europesays.com\/fr\/wp-json\/wp\/v2\/media?parent=278324"}],"wp:term":[{"taxonomy":"category","embeddable":true,"href":"https:\/\/www.europesays.com\/fr\/wp-json\/wp\/v2\/categories?post=278324"},{"taxonomy":"post_tag","embeddable":true,"href":"https:\/\/www.europesays.com\/fr\/wp-json\/wp\/v2\/tags?post=278324"}],"curies":[{"name":"wp","href":"https:\/\/api.w.org\/{rel}","templated":true}]}}