{"id":27833,"date":"2025-04-15T23:15:19","date_gmt":"2025-04-15T23:15:19","guid":{"rendered":"https:\/\/www.europesays.com\/fr\/27833\/"},"modified":"2025-04-15T23:15:19","modified_gmt":"2025-04-15T23:15:19","slug":"paris-riposte-a-lultimatum-algerien-la-crise-senlise-liberation","status":"publish","type":"post","link":"https:\/\/www.europesays.com\/fr\/27833\/","title":{"rendered":"Paris riposte \u00e0 l\u2019ultimatum alg\u00e9rien, la crise s\u2019enlise \u2013 Lib\u00e9ration"},"content":{"rendered":"<p class=\"sc-cPiKLX AiZTS text-element\">A la col\u00e8re d\u2019Alger, l\u2019Elys\u00e9e r\u00e9torque sa \u00abconsternation\u00bb. Quarante-huit heures apr\u00e8s <a href=\"https:\/\/www.liberation.fr\/politique\/enlevement-dun-influenceur-arrestation-dun-diplomate-expulsions-a-lambassade-de-france-ce-que-lon-sait-du-regain-de-tensions-avec-lalgerie-20250414_L47XZOXHERCSJHLC6ZNNDHAQWQ\/\" target=\"_blank\" rel=\"nofollow noopener\">l\u2019ultimatum adress\u00e9 par l\u2019Alg\u00e9rie \u00e0 la France, <\/a>lui notifiant dimanche le <a href=\"https:\/\/www.liberation.fr\/international\/afrique\/douze-agents-de-lambassade-francaise-ont-48-heures-pour-quitter-le-territoire-algerien-20250414_LSZBN2E3VFFA5EGRY32J7E3CSU\/\" target=\"_blank\" rel=\"nofollow noopener\">renvoi de douze fonctionnaires,<\/a> Paris a r\u00e9pliqu\u00e9 dans les m\u00eames proportions mardi 15 avril : douze agents \u00abservant dans le r\u00e9seau consulaire et diplomatique alg\u00e9rien en France\u00bb vont \u00eatre expuls\u00e9s de l\u2019Hexagone, a annonc\u00e9 la pr\u00e9sidence de la R\u00e9publique dans un communiqu\u00e9 publi\u00e9 dans la soir\u00e9e. L\u2019ambassadeur de France \u00e0 Alger, St\u00e9phane Romatet, va \u00e9galement \u00eatre rappel\u00e9 en France. Du jamais-vu de m\u00e9moire d\u2019un ancien diplomate pass\u00e9 par Alger. Apr\u00e8s l\u2019expulsion des agents fran\u00e7ais, dont les derniers devaient se poser en France mardi soir, Paris a d\u00e9nonc\u00e9 une d\u00e9cision \u00abqui m\u00e9conna\u00eet les r\u00e8gles \u00e9l\u00e9mentaires de nos proc\u00e9dures judiciaires, [qui] est injustifi\u00e9e et incompr\u00e9hensible\u00bb. Le r\u00e9gime alg\u00e9rien est accus\u00e9 par le gouvernement fran\u00e7ais d\u2019endosser \u00abla responsabilit\u00e9 d\u2019une d\u00e9gradation brutale\u00bb de la relation bilat\u00e9rale. \u00abLes autorit\u00e9s alg\u00e9riennes ont fait le choix de l\u2019escalade\u00bb, a accus\u00e9 le ministre des Affaires \u00e9trang\u00e8res, Jean-No\u00ebl Barrot, mardi soir sur TF1.<\/p>\n<p class=\"sc-cPiKLX AiZTS text-element\">Apr\u00e8s huit mois de relations ex\u00e9crables entre les deux capitales, et un semblant de r\u00e9chauffement amorc\u00e9 fin mars apr\u00e8s un \u00e9change t\u00e9l\u00e9phonique entre Emmanuel Macron et son homologue alg\u00e9rien, Abdelmadjid Tebboune, suivi dimanche 6 avril d\u2019un d\u00e9placement de Jean-No\u00ebl Barrot \u00e0 Alger, les perspectives d\u2019une normalisation s\u2019\u00e9loignent. Entre les deux pays, la tension s\u2019est cristallis\u00e9e ce week-end apr\u00e8s l\u2019arrestation, vendredi 11 avril en France, de trois hommes, dont un employ\u00e9 de l\u2019un des consulats d\u2019Alg\u00e9rie en France. Tous ont \u00e9t\u00e9 mis en examen pour arrestation, enl\u00e8vement, s\u00e9questration ou d\u00e9tention arbitraire, en relation avec une entreprise terroriste, selon le Parquet national antiterroriste (Pnat). Ils sont soup\u00e7onn\u00e9s d\u2019\u00eatre li\u00e9s \u00e0 la s\u00e9questration, en avril 2024, de l\u2019opposant au r\u00e9gime alg\u00e9rien Amir Boukhors, un influenceur surnomm\u00e9 Amir DZ, tr\u00e8s influent sur les r\u00e9seaux sociaux comme TikTok. Un enl\u00e8vement jug\u00e9 \u00abav\u00e9r\u00e9\u00bb par le ministre de l\u2019Int\u00e9rieur, Bruno Retailleau. La diplomatie alg\u00e9rienne, de son c\u00f4t\u00e9, a torpill\u00e9 un \u00abacte indigne\u00bb, \u00abcons\u00e9quence de l\u2019attitude n\u00e9gative, affligeante et constante du ministre de l\u2019Int\u00e9rieur fran\u00e7ais vis-\u00e0-vis de l\u2019Alg\u00e9rie\u00bb.<\/p>\n<p class=\"sc-cPiKLX AiZTS text-element\">Tenant d\u2019une ligne dure face \u00e0 Alger depuis sa nomination \u00e0 Beauvau, l\u2019ancien patron des s\u00e9nateurs LR s\u2019est retrouv\u00e9 la cible des autorit\u00e9s alg\u00e9riennes, l\u2019accusant de \u00abbarbouzeries \u00e0 des fins purement personnelles\u00bb. \u00abJe pr\u00f4ne la fermet\u00e9 depuis des mois, s\u2019est targu\u00e9 de son c\u00f4t\u00e9 Retailleau sur CNews mardi soir. Je l\u2019ai d\u2019abord pr\u00f4n\u00e9e seul dans le d\u00e9sert, puis le gouvernement en a fait sa ligne.\u00bb Pourtant \u00e9cart\u00e9 de l\u2019\u00e9ruptif dossier alg\u00e9rien, qu\u2019il a m\u00eal\u00e9 \u00e0 sa campagne interne pour la pr\u00e9sidence des R\u00e9publicains (LR), au profit du Quai d\u2019Orsay, Retailleau s\u2019est f\u00e9licit\u00e9 sans fard de l\u2019expulsion de diplomates alg\u00e9riens, en visant le pouvoir alg\u00e9rien. \u00abTrop souvent le r\u00e9gime a profit\u00e9 de nos faiblesses, a-t-il d\u00e9roul\u00e9 sur la cha\u00eene de Vincent Bollor\u00e9. La France a \u00e9t\u00e9 pour lui une sorte de bouc \u00e9missaire. Il est inacceptable, inadmissible que la France soit un terrain de jeu pour les services alg\u00e9riens.\u00bb<\/p>\n<p class=\"sc-cPiKLX AiZTS text-element\">Les efforts de r\u00e9chauffement diplomatiques risquent d\u00e9sormais de s\u00e9rieusement patiner. \u00abC\u2019est l\u2019escalade du c\u00f4t\u00e9 alg\u00e9rien, rel\u00e8ve Laurent Lhardit, d\u00e9put\u00e9 (PS) des Bouches-du-Rh\u00f4ne et pr\u00e9sident du groupe d\u2019amiti\u00e9 France-Alg\u00e9rie \u00e0 l\u2019Assembl\u00e9e. Je pensais qu\u2019on allait vers un apaisement. C\u2019est regrettable.\u00bb Apr\u00e8s cette nouvelle crispation, la France entend d\u00e9sormais \u00abd\u00e9fendr [e] ses int\u00e9r\u00eats et continuer d\u2019exiger de l\u2019Alg\u00e9rie qu\u2019elle respecte pleinement ses obligations \u00e0 son \u00e9gard\u00bb, indique le communiqu\u00e9 de l\u2019Elys\u00e9e. Sur X, le patron du Quai, Jean-No\u00ebl Barrot, a lui aussi imput\u00e9 \u00abl\u2019escalade\u00bb diplomatique \u00e0 Alger : \u00abNous r\u00e9pliquons comme annonc\u00e9. [\u2026] Le dialogue, toujours, mais pas \u00e0 sens unique.\u00bb Invit\u00e9 ce mardi matin sur France 2, le ministre des Affaires \u00e9trang\u00e8res avait affirm\u00e9 que <a href=\"https:\/\/www.liberation.fr\/politique\/bruno-retailleau-na-rien-a-voir-avec-cette-affaire-le-chef-de-la-diplomatie-francaise-defend-le-ministre-de-linterieur-vise-par-alger-20250415_GF6O6HFRXNA55DWJR3WC7FJCMU\/\" target=\"_blank\" rel=\"nofollow noopener\">son coll\u00e8gue de l\u2019Int\u00e9rieur \u00abn\u2019a rien \u00e0 voir\u00bb avec l\u2019affaire judiciaire li\u00e9e \u00e0 l\u2019influenceur Amir DZ<\/a>, et insist\u00e9 sur l\u2019ind\u00e9pendance de la justice fran\u00e7aise. \u00abLes Alg\u00e9riens tentent de jouer sur la solidarit\u00e9 au sein de notre gouvernement\u00bb, avance un d\u00e9put\u00e9 LR, membre de la commission des Affaires \u00e9trang\u00e8res. \u00abL\u2019ex\u00e9cutif n\u2019y est pour rien mais les Alg\u00e9riens n\u2019imaginent pas qu\u2019il soit ind\u00e9pendant\u00bb, avan\u00e7ait \u00e9galement lundi un ancien haut cadre du renseignement, connaisseur de l\u2019Alg\u00e9rie. Tranchant, le communiqu\u00e9 de la pr\u00e9sidence fran\u00e7aise n\u2019\u00e9voque pas, en revanche, la situation de l\u2019\u00e9crivain franco-alg\u00e9rien Boualem Sansal, incarc\u00e9r\u00e9 en Alg\u00e9rie apr\u00e8s sa condamnation \u00e0 cinq ans de prison. Vendredi, Emmanuel Macron se disait pourtant \u00abconfiant\u00bb sur sa lib\u00e9ration prochaine, plaidant toujours, selon Barrot, \u00abpour un geste d\u2019humanit\u00e9\u00bb.<\/p>\n","protected":false},"excerpt":{"rendered":"A la col\u00e8re d\u2019Alger, l\u2019Elys\u00e9e r\u00e9torque sa \u00abconsternation\u00bb. Quarante-huit heures apr\u00e8s l\u2019ultimatum adress\u00e9 par l\u2019Alg\u00e9rie \u00e0 la France,&hellip;\n","protected":false},"author":2,"featured_media":27834,"comment_status":"","ping_status":"","sticky":false,"template":"","format":"standard","meta":{"footnotes":""},"categories":[1888],"tags":[11,15,1073,1777,674,1011,27,12,626,25],"class_list":{"0":"post-27833","1":"post","2":"type-post","3":"status-publish","4":"format-standard","5":"has-post-thumbnail","7":"category-paris","8":"tag-actualites","9":"tag-algerie","10":"tag-emmanuel-macron","11":"tag-eu","12":"tag-europe","13":"tag-fr","14":"tag-france","15":"tag-news","16":"tag-paris","17":"tag-republique-francaise"},"share_on_mastodon":{"url":"https:\/\/pubeurope.com\/@fr\/114344527413618427","error":""},"_links":{"self":[{"href":"https:\/\/www.europesays.com\/fr\/wp-json\/wp\/v2\/posts\/27833","targetHints":{"allow":["GET"]}}],"collection":[{"href":"https:\/\/www.europesays.com\/fr\/wp-json\/wp\/v2\/posts"}],"about":[{"href":"https:\/\/www.europesays.com\/fr\/wp-json\/wp\/v2\/types\/post"}],"author":[{"embeddable":true,"href":"https:\/\/www.europesays.com\/fr\/wp-json\/wp\/v2\/users\/2"}],"replies":[{"embeddable":true,"href":"https:\/\/www.europesays.com\/fr\/wp-json\/wp\/v2\/comments?post=27833"}],"version-history":[{"count":0,"href":"https:\/\/www.europesays.com\/fr\/wp-json\/wp\/v2\/posts\/27833\/revisions"}],"wp:featuredmedia":[{"embeddable":true,"href":"https:\/\/www.europesays.com\/fr\/wp-json\/wp\/v2\/media\/27834"}],"wp:attachment":[{"href":"https:\/\/www.europesays.com\/fr\/wp-json\/wp\/v2\/media?parent=27833"}],"wp:term":[{"taxonomy":"category","embeddable":true,"href":"https:\/\/www.europesays.com\/fr\/wp-json\/wp\/v2\/categories?post=27833"},{"taxonomy":"post_tag","embeddable":true,"href":"https:\/\/www.europesays.com\/fr\/wp-json\/wp\/v2\/tags?post=27833"}],"curies":[{"name":"wp","href":"https:\/\/api.w.org\/{rel}","templated":true}]}}