{"id":278334,"date":"2025-07-27T22:55:13","date_gmt":"2025-07-27T22:55:13","guid":{"rendered":"https:\/\/www.europesays.com\/fr\/278334\/"},"modified":"2025-07-27T22:55:13","modified_gmt":"2025-07-27T22:55:13","slug":"le-psg-vise-lucas-chevalier-entre-offre-et-refus-attendu","status":"publish","type":"post","link":"https:\/\/www.europesays.com\/fr\/278334\/","title":{"rendered":"Le PSG vise Lucas Chevalier : entre offre et refus attendu"},"content":{"rendered":"<p><strong>Lucas Chevalier, gardien de 23 ans de Lille (contrat jusqu\u2019en 2027) et de l\u2019Equipe de France, est annonc\u00e9 comme proche du Paris Saint-Germain dans ce mercato afin de remplacer Gianluigi Donnarumma (26 ans, contrat jusqu\u2019en 2026 et prolongation bloqu\u00e9e). RMC Sport affirme que le champion d\u2019Europe s\u2019appr\u00eate \u00e0 formuler une premi\u00e8re offre inf\u00e9rieure \u00e0 40 millions d\u2019euros. Cependant, cette proposition devrait \u00eatre jug\u00e9e insuffisante par Lille, qui r\u00e9clame un montant ferme avant de lib\u00e9rer son portier.<\/strong><\/p>\n<blockquote class=\"twitter-tweet\" data-media-max-width=\"560\">\n<p dir=\"ltr\" lang=\"fr\">\u2139\ufe0f\ud83d\udcb0 Comme indiqu\u00e9 par l\u2019Equipe, le champion d\u2019Europe pr\u00e9pare une premi\u00e8re offre pour Lucas Chevalier, en dessous de 40 millions d\u2019euros.<\/p>\n<p>Une proposition sera transmise dans les 24h. Et qui n\u2019a aucune chance d\u2019aboutir: le Losc veut 40 millions d\u2019euros et doit aussi se mettre en\u2026 <a href=\"https:\/\/t.co\/oPMcZTObS2\" rel=\"nofollow\">pic.twitter.com\/oPMcZTObS2<\/a><\/p>\n<p>\u2014 ParisSG INFOS (@Paris_sginfos) <a href=\"https:\/\/twitter.com\/Paris_sginfos\/status\/1949552026251063736?ref_src=twsrc%5Etfw\" rel=\"nofollow noopener\" target=\"_blank\">July 27, 2025<\/a><\/p>\n<\/blockquote>\n<p>L\u2019arriv\u00e9e potentielle d\u2019un nouveau portier imposerait un d\u00e9fi unique au Paris Saint-Germain : tout gardien qui posera ses valises dans la capitale devra rapidement convaincre, tant la pression entourant ce poste est forte. Il faudra le cas \u00e9ch\u00e9ant faire oublier le grand Gianluigi Donnarumma qui a su s\u00e9duire avec son ann\u00e9e 2025 de haut vol.<\/p>\n<p>La direction du PSG pr\u00e9parerait le terrain \u00e0 Lucas Chevalier, impressionnant \u00e0 Lille \u00e0 seulement 23 ans.\u00a0Ce changement symbolise la volont\u00e9 du club d\u2019anticiper l\u2019avenir, mais aussi l\u2019ampleur de la t\u00e2che qui attend tout jeune gardien lanc\u00e9 dans le grand bain parisien\u202f: supporter l\u2019exigence quotidienne, s\u2019adapter \u00e0 des ambitions europ\u00e9ennes, imposer sa personnalit\u00e9 dans un vestiaire d\u2019\u00e9toiles et r\u00e9pondre d\u00e8s les premiers matchs aux attentes parfois d\u00e9mesur\u00e9es du Parc.<\/p>\n<p>\t\t\t\t\t\t\t\t\t\t\t\t\t\t\t\t\t\t\t\t\t\t\t<img loading=\"lazy\" src=\"https:\/\/www.europesays.com\/fr\/wp-content\/uploads\/2025\/04\/ParisFans_Logo.png\" decoding=\"async\" class=\"lazyload\" width=\"240\" height=\"54\" data-eio-rwidth=\"240\" data-eio-rheight=\"54\"\/><\/p>\n<p>\t\t\t\t\t\t\t\t<script async src=\"https:\/\/platform.twitter.com\/widgets.js\" charset=\"utf-8\"><\/script><\/p>\n","protected":false},"excerpt":{"rendered":"Lucas Chevalier, gardien de 23 ans de Lille (contrat jusqu\u2019en 2027) et de l\u2019Equipe de France, est annonc\u00e9&hellip;\n","protected":false},"author":2,"featured_media":278335,"comment_status":"","ping_status":"","sticky":false,"template":"","format":"standard","meta":{"footnotes":""},"categories":[2815],"tags":[1111,11,3232,1777,674,1011,27,811,1307,4668,1434,12,5235,14728,25,178,96],"class_list":{"0":"post-278334","1":"post","2":"type-post","3":"status-publish","4":"format-standard","5":"has-post-thumbnail","7":"category-lille","8":"tag-actu","9":"tag-actualites","10":"tag-avenir","11":"tag-eu","12":"tag-europe","13":"tag-fr","14":"tag-france","15":"tag-hauts-de-france","16":"tag-lille","17":"tag-lucas-chevalier","18":"tag-mercato","19":"tag-news","20":"tag-offre","21":"tag-refus","22":"tag-republique-francaise","23":"tag-rumeur","24":"tag-une"},"share_on_mastodon":{"url":"https:\/\/pubeurope.com\/@fr\/114927666718658078","error":""},"_links":{"self":[{"href":"https:\/\/www.europesays.com\/fr\/wp-json\/wp\/v2\/posts\/278334","targetHints":{"allow":["GET"]}}],"collection":[{"href":"https:\/\/www.europesays.com\/fr\/wp-json\/wp\/v2\/posts"}],"about":[{"href":"https:\/\/www.europesays.com\/fr\/wp-json\/wp\/v2\/types\/post"}],"author":[{"embeddable":true,"href":"https:\/\/www.europesays.com\/fr\/wp-json\/wp\/v2\/users\/2"}],"replies":[{"embeddable":true,"href":"https:\/\/www.europesays.com\/fr\/wp-json\/wp\/v2\/comments?post=278334"}],"version-history":[{"count":0,"href":"https:\/\/www.europesays.com\/fr\/wp-json\/wp\/v2\/posts\/278334\/revisions"}],"wp:featuredmedia":[{"embeddable":true,"href":"https:\/\/www.europesays.com\/fr\/wp-json\/wp\/v2\/media\/278335"}],"wp:attachment":[{"href":"https:\/\/www.europesays.com\/fr\/wp-json\/wp\/v2\/media?parent=278334"}],"wp:term":[{"taxonomy":"category","embeddable":true,"href":"https:\/\/www.europesays.com\/fr\/wp-json\/wp\/v2\/categories?post=278334"},{"taxonomy":"post_tag","embeddable":true,"href":"https:\/\/www.europesays.com\/fr\/wp-json\/wp\/v2\/tags?post=278334"}],"curies":[{"name":"wp","href":"https:\/\/api.w.org\/{rel}","templated":true}]}}