{"id":278341,"date":"2025-07-27T22:59:10","date_gmt":"2025-07-27T22:59:10","guid":{"rendered":"https:\/\/www.europesays.com\/fr\/278341\/"},"modified":"2025-07-27T22:59:10","modified_gmt":"2025-07-27T22:59:10","slug":"jubile-des-jeunes-a-rome-4-libanais-avec-le-diocese-de-lyon-pour-cultiver-lesperance","status":"publish","type":"post","link":"https:\/\/www.europesays.com\/fr\/278341\/","title":{"rendered":"Jubil\u00e9 des jeunes \u00e0 Rome : 4 libanais avec le dioc\u00e8se de Lyon pour \u00ab cultiver l&rsquo;esp\u00e9rance \u00bb"},"content":{"rendered":"<p>Elle a conscience du \u00ab d\u00e9fi physique \u00bb que repr\u00e9sente le jubil\u00e9, entre les nombreuses propositions spirituelles et culturelles sur la semaine et les temps de trajet avec l&rsquo;une des sept d&rsquo;\u00e9coles qui les re\u00e7oivent pour la nuit. Mais elle tenait \u00e0 <strong>partager cette exp\u00e9rience avec les jeunes Lyonnais<\/strong> : \u00ab notre but, c&rsquo;\u00e9tait de cr\u00e9er ce lien d&rsquo;amiti\u00e9 avec eux, se rapprocher de ce dioc\u00e8se avec qui on est jumel\u00e9s \u00bb depuis les ann\u00e9es 1990. \u00ab On a cette envie de <strong>montrer une bonne image de ce qu&rsquo;on vit au Liban<\/strong>, partager cette foi avec les autres. La foi au Liban est peut-\u00eatre diff\u00e9rente de la foi en France mais c&rsquo;est cet \u00e9change qu&rsquo;on a h\u00e2te de vivre \u00bb.<\/p>\n<p>\u00ab Recevoir l&rsquo;esp\u00e9rance des jeunes de Lyon et transmettre celle que nous avons \u00bb<\/p>\n<p>Depuis la <a href=\"https:\/\/www.rcf.fr\/articles\/actualite\/la-detresse-des-libanais-contraints-de-fuir\" target=\"_blank\" rel=\"noopener\"><strong>crise qui a \u00e9branl\u00e9 le pays<\/strong><\/a><strong> en 2019<\/strong>, la situation \u00e9conomique reste d\u00e9licate pour les Libanais. Si le Liban organise bien un voyage jusqu&rsquo;\u00e0 Rome pour le jubil\u00e9, <strong>Pierre Pouillevet<\/strong>, le responsable du jumelage \u00e0 Lyon, rappelle que <strong>les p\u00e8lerinages \u00e0 l&rsquo;\u00e9tranger sont difficiles \u00e0 financer pour de nombreux locaux<\/strong>. Alors Jo\u00eblle n&rsquo;a pas h\u00e9sit\u00e9 \u00e0 poser 10 jours de cong\u00e9s quand le dioc\u00e8se de Lyon l&rsquo;a invit\u00e9e \u00e0 vivre ce <strong>temps de mise \u00e0 part<\/strong>.<\/p>\n<blockquote>\n<p>C&rsquo;est important de prendre ce recul. Quand on a beaucoup de responsabilit\u00e9s, on se perd dans le quotidien. \u00c7a devient <strong>plus difficile de prendre ce temps avec Dieu<\/strong>. On a pris le risque de prendre des vacances de notre travail, juste parce qu&rsquo;on a besoin de ce temps de recul, d&rsquo;\u00eatre proche des autres, de l&rsquo;\u00c9glise et de Dieu.\u00a0<\/p>\n<\/blockquote>\n<p>Cette <strong>proximit\u00e9 avec Dieu<\/strong>, c&rsquo;est aussi ce que recherche <strong>Elissa<\/strong>. Dans la d\u00e9l\u00e9gation libanaise, elle est la seule \u00e0 avoir v\u00e9cu les JMJ au Portugal, d\u00e9j\u00e0 avec le dioc\u00e8se de Lyon \u00e0 l&rsquo;\u00e9poque. Si les deux \u00e9v\u00e9nements lui permettent de <strong>vivre sa foi avec d&rsquo;autres jeunes du monde entier<\/strong>, pour elle, \u00ab ce sont deux exp\u00e9riences diff\u00e9rentes. Le Jubil\u00e9 est plus intime. Pour moi aussi, il est important de <strong>recevoir l&rsquo;esp\u00e9rance des jeunes de Lyon<\/strong> et aussi de transmettre \u00e0 tous l&rsquo;esp\u00e9rance que nous avons, comme Libanais. Nous avons v\u00e9cu la guerre, les crises et toutes les difficult\u00e9s. Pour moi, les esp\u00e9rances des jeunes Libanais, c&rsquo;est tr\u00e8s fort. \u00bb<\/p>\n<p>\u00ab J&rsquo;ai un message pour les jeunes Fran\u00e7ais : n&rsquo;ayez pas peur \u00bb<\/p>\n<p>Une esp\u00e9rance que Victor entend cultiver. Le jeune homme estime que devenir p\u00e8lerin ne se r\u00e9sume pas \u00e0 \u00ab se d\u00e9placer vers l&rsquo;autre, mais il faut faire un partage r\u00e9el. Malgr\u00e9 les guerres, les Libanais ont montr\u00e9 une grande r\u00e9silience gr\u00e2ce \u00e0 notre foi. Alors j&rsquo;ai un message \u00e0 passer aux jeunes Fran\u00e7ais : <strong>N&rsquo;ayez pas peur<\/strong>. Nous travaillons, nous avons des familles, nous avons beaucoup de responsabilit\u00e9s mais cela n&rsquo;affecte pas notre engagement envers l&rsquo;\u00c9glise. Notre devoir est d&rsquo;\u00eatre un bon exemple devant l&rsquo;autre \u00bb. Jo\u00eblle souhaite appeler les jeunes dont elle fait partie \u00e0 \u00ab ne pas rester dans cette bulle qu&rsquo;on cr\u00e9e autour de nous, de s&rsquo;ouvrir vers les autres, parce que parfois, <strong>c&rsquo;est dans les autres qu&rsquo;on va trouver les r\u00e9ponses <\/strong>\u00bb.<\/p>\n<p>Les principaux temps forts de ce <a href=\"https:\/\/eglise.catholique.fr\/jubile-2025-pelerins-desperance\/jubile-des-jeunes-rome-2025\/#programme\" target=\"_blank\" rel=\"noopener\">Jubil\u00e9 2025 \u00e0 Rome<\/a> organis\u00e9s par la Conf\u00e9rence des \u00c9v\u00eaques de France se tiendront mercredi et jeudi au lyc\u00e9e fran\u00e7ais Ch\u00e2teaubriand. Un lieu pr\u00eat\u00e9 \u00e9galement au groupe lyonnais pour leurs temps dioc\u00e9sains. Mais le point culminant de cette semaine sera la<strong> veill\u00e9e \u00e0 Tor Vergata<\/strong> samedi soir avant la messe avec le Pape L\u00e9on XIV. Une rencontre qui enthousiasme les Libanais. Elissa, qui avait d\u00e9j\u00e0 rencontr\u00e9 le Pape Fran\u00e7ois aux JMJ, est press\u00e9e d&rsquo;entendre \u00ab ce que le pape L\u00e9on XIV va nous dire en tant que jeunes \u00bb.<\/p>\n","protected":false},"excerpt":{"rendered":"Elle a conscience du \u00ab d\u00e9fi physique \u00bb que repr\u00e9sente le jubil\u00e9, entre les nombreuses propositions spirituelles et&hellip;\n","protected":false},"author":2,"featured_media":278342,"comment_status":"","ping_status":"","sticky":false,"template":"","format":"standard","meta":{"footnotes":""},"categories":[1889],"tags":[1111,11,2430,1777,674,1011,27,2428,12,25],"class_list":{"0":"post-278341","1":"post","2":"type-post","3":"status-publish","4":"format-standard","5":"has-post-thumbnail","7":"category-lyon","8":"tag-actu","9":"tag-actualites","10":"tag-auvergne-rhone-alpes","11":"tag-eu","12":"tag-europe","13":"tag-fr","14":"tag-france","15":"tag-lyon","16":"tag-news","17":"tag-republique-francaise"},"share_on_mastodon":{"url":"https:\/\/pubeurope.com\/@fr\/114927682367761425","error":""},"_links":{"self":[{"href":"https:\/\/www.europesays.com\/fr\/wp-json\/wp\/v2\/posts\/278341","targetHints":{"allow":["GET"]}}],"collection":[{"href":"https:\/\/www.europesays.com\/fr\/wp-json\/wp\/v2\/posts"}],"about":[{"href":"https:\/\/www.europesays.com\/fr\/wp-json\/wp\/v2\/types\/post"}],"author":[{"embeddable":true,"href":"https:\/\/www.europesays.com\/fr\/wp-json\/wp\/v2\/users\/2"}],"replies":[{"embeddable":true,"href":"https:\/\/www.europesays.com\/fr\/wp-json\/wp\/v2\/comments?post=278341"}],"version-history":[{"count":0,"href":"https:\/\/www.europesays.com\/fr\/wp-json\/wp\/v2\/posts\/278341\/revisions"}],"wp:featuredmedia":[{"embeddable":true,"href":"https:\/\/www.europesays.com\/fr\/wp-json\/wp\/v2\/media\/278342"}],"wp:attachment":[{"href":"https:\/\/www.europesays.com\/fr\/wp-json\/wp\/v2\/media?parent=278341"}],"wp:term":[{"taxonomy":"category","embeddable":true,"href":"https:\/\/www.europesays.com\/fr\/wp-json\/wp\/v2\/categories?post=278341"},{"taxonomy":"post_tag","embeddable":true,"href":"https:\/\/www.europesays.com\/fr\/wp-json\/wp\/v2\/tags?post=278341"}],"curies":[{"name":"wp","href":"https:\/\/api.w.org\/{rel}","templated":true}]}}