{"id":278343,"date":"2025-07-27T23:03:13","date_gmt":"2025-07-27T23:03:13","guid":{"rendered":"https:\/\/www.europesays.com\/fr\/278343\/"},"modified":"2025-07-27T23:03:13","modified_gmt":"2025-07-27T23:03:13","slug":"tournee-vers-sa-vie-dapres-paris-anne-hidalgo-prepare-sa-sortie","status":"publish","type":"post","link":"https:\/\/www.europesays.com\/fr\/278343\/","title":{"rendered":"tourn\u00e9e vers sa vie d\u2019apr\u00e8s-Paris, Anne Hidalgo pr\u00e9pare sa sortie"},"content":{"rendered":"<p><strong>R\u00c9CIT<\/strong> &#8211; La maire PS de la capitale vit ses derniers mois \u00e0 son poste, avant de rejoindre s\u00fbrement l\u2019ONU l\u2019ann\u00e9e prochaine.<\/p>\n<p class=\"fig-paragraph\"><a href=\"http:\/\/www.lefigaro.fr\/en\/france\/with-paris-en-seine-mayor-anne-hidalgo-aims-to-keep-the-olympic-fervor-alive-this-summer-20250611\" target=\"_blank\" data-fig-type=\"Article\" rel=\"noopener\" data-gtm-custom-categorie=\"navigation\" data-gtm-custom-action=\"crossclick\" data-gtm-custom-label=\"Contextuel\" data-gtm-event=\"customEventSPE\" data-fig-domain=\"LEFIGARO\">Anne Hidalgo<\/a>\u00a0avait pr\u00e9venu qu\u2019elle ne souhaitait surtout pas \u00ab\u00a0refermer la parenth\u00e8se enchant\u00e9e\u00a0\u00bb des\u00a0<a href=\"http:\/\/www.lefigaro.fr\/sports\/jeux-olympiques\/jo-paris-2024-en-video-la-sequence-emotion-publiee-par-emmanuel-macron-et-generee-a-l-aide-de-l-ia-20250726\" target=\"_blank\" data-fig-type=\"NewsFlash\" rel=\"noopener\" data-gtm-custom-categorie=\"navigation\" data-gtm-custom-action=\"crossclick\" data-gtm-custom-label=\"Contextuel\" data-gtm-event=\"customEventSPE\" data-fig-domain=\"LEFIGARO\">Jeux olympiques et paralympiques<\/a>. Le premier anniversaire de la c\u00e9r\u00e9monie d\u2019ouverture, ce week-end, lui a fourni l\u2019occasion de se rem\u00e9morer ces \u00ab\u00a0moments exceptionnels qui semblaient impossibles \u00e0 atteindre\u00a0\u00bb, aux c\u00f4t\u00e9s de\u00a0<a href=\"http:\/\/www.lefigaro.fr\/sports\/jeux-olympiques\/ses-souvenirs-de-paris-2024-les-jo-de-los-angeles-son-avenir-les-confidences-de-tony-estanguet-au-figaro-20250725\" target=\"_blank\" data-fig-type=\"NewsFlash\" rel=\"noopener\" data-gtm-custom-categorie=\"navigation\" data-gtm-custom-action=\"crossclick\" data-gtm-custom-label=\"Contextuel\" data-gtm-event=\"customEventSPE\" data-fig-domain=\"LEFIGARO\">Tony Estanguet<\/a>, grand orchestrateur de Paris 2024. \u00ab\u00a0Pour elle, les JO sont un immense motif de fiert\u00e9, c\u2019est son grand \u0153uvre dont tout le monde se souviendra\u00a0\u00bb, glisse un proche de la maire de la capitale.<\/p>\n<p class=\"fig-paragraph\">Anne Hidalgo passe aussi son dernier \u00e9t\u00e9 \u00e0 un poste qu\u2019elle occupe depuis plus d\u2019une d\u00e9cennie. Apr\u00e8s deux mandats, elle a d\u00e9cid\u00e9 de raccrocher les gants. Fini la politique. Adieu Paris. Celle qui a particuli\u00e8rement embrass\u00e9 la dimension internationale de sa fonction vise le poste de haut-commissaire des Nations unies aux r\u00e9fugi\u00e9s, \u00e0 Gen\u00e8ve. Un changement radical m\u00fbri depuis un certain temps. \u00ab\u00a0Elle a pris beaucoup de coups et elle a surtout le sentiment\u2026<\/p>\n<p class=\"fig-premium-paywall__infos\">\n        Cet article est r\u00e9serv\u00e9 aux abonn\u00e9s.        Il vous reste 72% \u00e0 d\u00e9couvrir.\n    <\/p>\n<p>                <img  data- alt=\"Le Figaro\" class=\"fig-img--complete fig-img\"\/><\/p>\n<p class=\"fig-premium-paywall__title\">Vous avez envie de lire la suite ?<\/p>\n<p class=\"fig-premium-paywall__subtitle\">D\u00e9bloquez tous les articles imm\u00e9diatement.<\/p>\n<p class=\"fig-premium-paywall__connect\">\n                D\u00e9j\u00e0 abonn\u00e9\u00a0?                <a class=\"fig-premium-paywall__connect-link\" href=\"https:\/\/connect.lefigaro.fr\/login?client=horizon_web&amp;type=main&amp;redirect_uri=https%3A%2F%2Fwww.lefigaro.fr%2Felections%2Fmunicipales%2Fmunicipales-2026-tournee-vers-sa-vie-d-apres-paris-anne-hidalgo-prepare-sa-sortie-20250727\" data-js-gtm=\"{&quot;customCategorie&quot;: &quot;conversion&quot;, &quot;customAction&quot;: &quot;before_Landing_Connexion_paywall_auto&quot;, &quot;customLabel&quot;: &quot;bGVmaWdhcm8uZnJfXzFmMDZhY2UzLWQzZDEtNjVkNi04ODE1LTBkODgyMzNlY2I0Nl9fQXJ0aWNsZQ==_Municipales 2026\u00a0: tourn\u00e9e vers sa vie d\u2019apr\u00e8s-Paris, Anne Hidalgo pr\u00e9pare sa sortie_454&quot;, &quot;customIDSPE&quot;: &quot;bGVmaWdhcm8uZnJfXzFmMDZhY2UzLWQzZDEtNjVkNi04ODE1LTBkODgyMzNlY2I0Nl9fQXJ0aWNsZQ==&quot;, &quot;event&quot;: &quot;customEventSPE&quot;}\" target=\"_blank\" rel=\"noopener\"><br \/>\n                    Connectez-vous<br \/>\n                <\/a>\n            <\/p>\n","protected":false},"excerpt":{"rendered":"R\u00c9CIT &#8211; La maire PS de la capitale vit ses derniers mois \u00e0 son poste, avant de rejoindre&hellip;\n","protected":false},"author":2,"featured_media":278344,"comment_status":"","ping_status":"","sticky":false,"template":"","format":"standard","meta":{"footnotes":""},"categories":[1888],"tags":[1111,1928,11,1927,2618,1777,674,1011,27,2381,3554,12,1926,626,1925,25],"class_list":{"0":"post-278343","1":"post","2":"type-post","3":"status-publish","4":"format-standard","5":"has-post-thumbnail","7":"category-paris","8":"tag-actu","9":"tag-actu-paris","10":"tag-actualites","11":"tag-actualites-paris","12":"tag-anne-hidalgo","13":"tag-eu","14":"tag-europe","15":"tag-fr","16":"tag-france","17":"tag-mairie-de-paris","18":"tag-municipales","19":"tag-news","20":"tag-news-paris","21":"tag-paris","22":"tag-paris-news","23":"tag-republique-francaise"},"share_on_mastodon":{"url":"https:\/\/pubeurope.com\/@fr\/114927698140586176","error":""},"_links":{"self":[{"href":"https:\/\/www.europesays.com\/fr\/wp-json\/wp\/v2\/posts\/278343","targetHints":{"allow":["GET"]}}],"collection":[{"href":"https:\/\/www.europesays.com\/fr\/wp-json\/wp\/v2\/posts"}],"about":[{"href":"https:\/\/www.europesays.com\/fr\/wp-json\/wp\/v2\/types\/post"}],"author":[{"embeddable":true,"href":"https:\/\/www.europesays.com\/fr\/wp-json\/wp\/v2\/users\/2"}],"replies":[{"embeddable":true,"href":"https:\/\/www.europesays.com\/fr\/wp-json\/wp\/v2\/comments?post=278343"}],"version-history":[{"count":0,"href":"https:\/\/www.europesays.com\/fr\/wp-json\/wp\/v2\/posts\/278343\/revisions"}],"wp:featuredmedia":[{"embeddable":true,"href":"https:\/\/www.europesays.com\/fr\/wp-json\/wp\/v2\/media\/278344"}],"wp:attachment":[{"href":"https:\/\/www.europesays.com\/fr\/wp-json\/wp\/v2\/media?parent=278343"}],"wp:term":[{"taxonomy":"category","embeddable":true,"href":"https:\/\/www.europesays.com\/fr\/wp-json\/wp\/v2\/categories?post=278343"},{"taxonomy":"post_tag","embeddable":true,"href":"https:\/\/www.europesays.com\/fr\/wp-json\/wp\/v2\/tags?post=278343"}],"curies":[{"name":"wp","href":"https:\/\/api.w.org\/{rel}","templated":true}]}}