{"id":278347,"date":"2025-07-27T23:05:10","date_gmt":"2025-07-27T23:05:10","guid":{"rendered":"https:\/\/www.europesays.com\/fr\/278347\/"},"modified":"2025-07-27T23:05:10","modified_gmt":"2025-07-27T23:05:10","slug":"avec-1901-de-moyenne-au-bac-pauline-prieur-senvole-pour-sciences-po-paris","status":"publish","type":"post","link":"https:\/\/www.europesays.com\/fr\/278347\/","title":{"rendered":"Avec 19,01 de moyenne au bac, Pauline Prieur s&rsquo;envole pour Sciences Po Paris"},"content":{"rendered":"<p>            Par<br \/>\n        <strong><br \/>\n            <a href=\"https:\/\/actu.fr\/auteur\/simon-deneuville\" title=\"Consulter tous les articles de Simon Deneuville\" rel=\"nofollow noopener\" target=\"_blank\">Simon Deneuville<\/a><br \/>\n        <\/strong><\/p>\n<p>        Publi\u00e9 le<\/p>\n<p>            27 juil. 2025 \u00e0 12h28        <\/p>\n<p>Excellent semestre, travail s\u00e9rieux et de qualit\u00e9, tr\u00e8s bon investissement, \u00e9l\u00e8ve brillante, tr\u00e8s belle implication. Les superlatifs ne manquent pas sur les diff\u00e9rents bulletins de notes de Pauline Prieur, <b>lyc\u00e9enne de 18 ans<\/b>, qui vient d\u2019obtenir le baccalaur\u00e9at g\u00e9n\u00e9ral avec la note de 19,01\/20, la mention tr\u00e8s bien, la mention section europ\u00e9enne et les f\u00e9licitations du jury<\/p>\n<p class=\" wall-content\">La quasi-totalit\u00e9 de sa scolarit\u00e9, c\u2019est au<a href=\"https:\/\/www.stadjutor.com\/\" rel=\"nofollow noopener\" target=\"_blank\"> lyc\u00e9e priv\u00e9 Saint-Adjutor<\/a> de <a href=\"https:\/\/actu.fr\/normandie\/vernon_27681\" rel=\"nofollow noopener\" target=\"_blank\">Vernon <\/a>(Eure) qu\u2019elle l\u2019a effectu\u00e9, un \u00e9tablissement qui se classe parmi les meilleurs du D\u00e9partement.<\/p>\n<p class=\" wall-content\">\u00c9l\u00e8ve qui se donne les moyens de r\u00e9ussir, elle a obtenu les f\u00e9licitations \u00e0 chaque conseil de classe depuis qu\u2019elle est en 6e et est la seule \u00e0 avoir obtenu <b>les f\u00e9licitations du jury<\/b> dans son \u00e9tablissement (il faut obtenir plus de 18 de moyenne finale, Ndlr).<\/p>\n<p>20\/20 aux \u00e9preuves terminales<\/p>\n<p class=\" wall-content\">La moyenne finale obtenue au baccalaur\u00e9at rel\u00e8ve pour 60 % des \u00e9preuves finales et les 40 % restants sont les r\u00e9sultats du contr\u00f4le continu. Pauline a frapp\u00e9 fort, avec aux <b>\u00e9preuves terminales<\/b> (Fran\u00e7ais, Philosophie, le Grand oral, Histoire-G\u00e9ographie, g\u00e9opolitique et sciences politiques ainsi que Sciences de la vie et de la terre), la note la plus haute : 20\/20 \u00e0 chaque \u00e9preuve. Elle ne s\u2019est pas priv\u00e9e d\u2019aller grappiller quelques points, avec deux options, le latin et les math\u00e9matiques compl\u00e9mentaires.<\/p>\n<p class=\" wall-content\">\u00ab Je m\u2019\u00e9vade tr\u00e8s rarement \u00bb, confie la lyc\u00e9enne qui a toujours eu des r\u00e9sultats remarquables. \u00ab J\u2019ai toujours beaucoup travaill\u00e9 et j\u2019ai toujours eu une exigence envers moi-m\u00eame \u00bb, ajoute-t-elle.<\/p>\n<p class=\" wall-content\">\u00ab On est oblig\u00e9 de la freiner mais on n\u2019y arrive pas \u00bb, en plaisante sa m\u00e8re. Au vu de ses r\u00e9sultats brillants, c\u2019est un avenir radieux qui l\u2019attend avec l\u2019an prochain, une rentr\u00e9e \u00e0 Sciences Po Paris dans <b>un double cursus<\/b>.<\/p>\n<p>Vid\u00e9os : en ce moment sur Actu<\/p>\n<p class=\" wall-content\">\u00ab C\u2019est un Bachelor of Arts and Sciences en Sciences de la Vie. On l\u2019appelle aussi Politiques du Vivant et identit\u00e9s. C\u2019est un dipl\u00f4me en quatre ans avec une pr\u00e9rentr\u00e9e le 25 ao\u00fbt, la moiti\u00e9 du temps \u00e0 Sciences Po et l\u2019autre moiti\u00e9, en fac de biologie \u00bb, explique la bacheli\u00e8re.<\/p>\n<p class=\" wall-content\">De nature solitaire et sans avoir trop explor\u00e9 le monde, c\u2019est <b>une nouvelle vie<\/b> qui s\u2019offre \u00e0 elle dans cet envol vers la capitale qui \u00ab la stresse un peu \u00bb mais qu\u2019il l\u2019enchante en m\u00eame temps.<\/p>\n<p class=\" wall-content\">\u00ab Jusqu\u2019\u00e0 la derni\u00e8re seconde je me voyais faire une pr\u00e9pa litt\u00e9raire.<\/p>\n<p class=\" wall-content\">Je ne pensais pas \u00eatre prise \u00e0<b> Sciences Po<\/b> puisqu\u2019il n\u2019y a que 16 places en France, pour le double cursus que je visais \u00bb, souligne Pauline.<\/p>\n<p>Un c\u00f4t\u00e9 hybride<\/p>\n<p class=\" wall-content\">\u00c0 l\u2019avenir, Pauline ne sait pas exactement le m\u00e9tier qu\u2019elle souhaiterait faire. Journaliste scientifique, professeure de lettres ou encore conseill\u00e8re en g\u00e9n\u00e9tique font partie de ses pistes de r\u00e9flexion.<\/p>\n<p class=\" wall-content\">C\u2019est lors de<b> nombreux stages<\/b> hors p\u00e9riode scolaire, qu\u2019elle d\u00e9couvre les ficelles de ces m\u00e9tiers. \u00ab Je veux faire comprendre aux gens des choses complexes avec des termes simples. Il y a un c\u00f4t\u00e9 transmission qui m\u2019int\u00e9resse \u00bb, glisse-t-elle.<\/p>\n<p class=\" wall-content\">Ce qui est certain, c\u2019est son app\u00e9tence pour la litt\u00e9rature et les sciences et son envie de vivre mille et une vies. \u00ab Je ne me vois pas faire un seul m\u00e9tier dans ma vie donc je suis en train de me demander si ce ne serait pas<b> plus strat\u00e9gique<\/b> de faire un m\u00e9tier dont les \u00e9tudes ne sont pas tr\u00e8s longues de mani\u00e8re \u00e0 reprendre les \u00e9tudes plus tard. \u00bb<\/p>\n<p class=\" wall-content\">Bien qu\u2019elle n\u2019ait pas une vision exacte de ce qui l\u2019attend pour l\u2019avenir, Pauline s\u2019imagine faire entre cinq et huit ans d\u2019\u00e9tudes, pour l\u2019heure.<\/p>\n<p class=\" wall-content\">Pour souffler et laisser place \u00e0 sa cr\u00e9ativit\u00e9, elle pratique le tennis avec son meilleur ami, joue de la guitare depuis trois ans mais surtout s\u2019adonne \u00e0 sa passion de l\u2019\u00e9criture.<\/p>\n<p class=\" wall-content\">\u00ab Avant j\u2019\u00e9crivais des chansons, maintenant je me suis tourn\u00e9e vers l\u2019\u00e9criture de nouvelles polici\u00e8res \u00bb, alors qu\u2019elle atteint le \u00ab 8e ou 9e chapitre, je ne sais plus \u00bb, de son nouveau livre.<\/p>\n<p class=\" wall-content\">\u00c0 Paris, elle aura l\u2019occasion d\u2019\u00e9crire un nouveau chapitre de sa vie \u00e0 la rentr\u00e9e prochaine, un plongeon dans l\u2019inconnu, avec un emm\u00e9nagement dans le 6e arrondissement de la <b>ville lumi\u00e8re<\/b>\u00a0et ses premiers pas dans les <b>\u00e9tudes sup\u00e9rieures<\/b>, \u00e0 l\u2019Institut d\u2019\u00e9tudes politiques de Paris, o\u00f9 elle compte bien \u00ab trouver sa voie et d\u00e9couvrir des m\u00e9tiers auxquels elle n\u2019aurait pas pens\u00e9 \u00bb.<\/p>\n<p class=\" wall-content\">Suivez toute l\u2019actualit\u00e9 de vos villes et m\u00e9dias favoris en vous inscrivant \u00e0 <a href=\"https:\/\/moncompte.actu.fr\" title=\"D\u00e9couvez Mon Actu\" rel=\"nofollow noopener\" data-trk=\"{&quot;cta&quot;:{&quot;action&quot;:&quot;https:\\\/\\\/moncompte.actu.fr&quot;,&quot;category&quot;:&quot;mon compte&quot;,&quot;from&quot;:&quot;article footer&quot;,&quot;name&quot;:&quot;Mon actu&quot;,&quot;type&quot;:&quot;cta&quot;}}\" target=\"_blank\">Mon Actu<\/a>.<\/p>\n<ul class=\"ac-article-tag wall-content\">\n<li><a href=\"https:\/\/actu.fr\/tag\/baccalaureat\" data-trk=\"{&quot;cta&quot;:{&quot;action&quot;:&quot;Baccalaur\\u00e9at&quot;,&quot;category&quot;:&quot;tag&quot;,&quot;from&quot;:&quot;article footer&quot;,&quot;name&quot;:&quot;Baccalaur\\u00e9at&quot;,&quot;type&quot;:&quot;cta&quot;}}\" rel=\"nofollow noopener\" target=\"_blank\">#Baccalaur\u00e9at<\/a><\/li>\n<li><a href=\"https:\/\/actu.fr\/tag\/sciences-po-paris\" data-trk=\"{&quot;cta&quot;:{&quot;action&quot;:&quot;Sciences Po Paris&quot;,&quot;category&quot;:&quot;tag&quot;,&quot;from&quot;:&quot;article footer&quot;,&quot;name&quot;:&quot;Sciences Po Paris&quot;,&quot;type&quot;:&quot;cta&quot;}}\" rel=\"nofollow noopener\" target=\"_blank\">#Sciences Po Paris<\/a><\/li>\n<\/ul>\n","protected":false},"excerpt":{"rendered":"Par Simon Deneuville Publi\u00e9 le 27 juil. 2025 \u00e0 12h28 Excellent semestre, travail s\u00e9rieux et de qualit\u00e9, tr\u00e8s&hellip;\n","protected":false},"author":2,"featured_media":278348,"comment_status":"","ping_status":"","sticky":false,"template":"","format":"standard","meta":{"footnotes":""},"categories":[1888],"tags":[11,3867,1777,674,1011,27,12,626,25,13798,104],"class_list":{"0":"post-278347","1":"post","2":"type-post","3":"status-publish","4":"format-standard","5":"has-post-thumbnail","7":"category-paris","8":"tag-actualites","9":"tag-baccalaureat","10":"tag-eu","11":"tag-europe","12":"tag-fr","13":"tag-france","14":"tag-news","15":"tag-paris","16":"tag-republique-francaise","17":"tag-sciences-po-paris","18":"tag-societe"},"share_on_mastodon":{"url":"https:\/\/pubeurope.com\/@fr\/114927706009286017","error":""},"_links":{"self":[{"href":"https:\/\/www.europesays.com\/fr\/wp-json\/wp\/v2\/posts\/278347","targetHints":{"allow":["GET"]}}],"collection":[{"href":"https:\/\/www.europesays.com\/fr\/wp-json\/wp\/v2\/posts"}],"about":[{"href":"https:\/\/www.europesays.com\/fr\/wp-json\/wp\/v2\/types\/post"}],"author":[{"embeddable":true,"href":"https:\/\/www.europesays.com\/fr\/wp-json\/wp\/v2\/users\/2"}],"replies":[{"embeddable":true,"href":"https:\/\/www.europesays.com\/fr\/wp-json\/wp\/v2\/comments?post=278347"}],"version-history":[{"count":0,"href":"https:\/\/www.europesays.com\/fr\/wp-json\/wp\/v2\/posts\/278347\/revisions"}],"wp:featuredmedia":[{"embeddable":true,"href":"https:\/\/www.europesays.com\/fr\/wp-json\/wp\/v2\/media\/278348"}],"wp:attachment":[{"href":"https:\/\/www.europesays.com\/fr\/wp-json\/wp\/v2\/media?parent=278347"}],"wp:term":[{"taxonomy":"category","embeddable":true,"href":"https:\/\/www.europesays.com\/fr\/wp-json\/wp\/v2\/categories?post=278347"},{"taxonomy":"post_tag","embeddable":true,"href":"https:\/\/www.europesays.com\/fr\/wp-json\/wp\/v2\/tags?post=278347"}],"curies":[{"name":"wp","href":"https:\/\/api.w.org\/{rel}","templated":true}]}}