{"id":27835,"date":"2025-04-15T23:16:10","date_gmt":"2025-04-15T23:16:10","guid":{"rendered":"https:\/\/www.europesays.com\/fr\/27835\/"},"modified":"2025-04-15T23:16:10","modified_gmt":"2025-04-15T23:16:10","slug":"1-mort-et-7-blesses-dans-un-bombardement-ukrainien-contre-la-region-de-koursk","status":"publish","type":"post","link":"https:\/\/www.europesays.com\/fr\/27835\/","title":{"rendered":"1 mort et 7 bless\u00e9s dans un bombardement ukrainien contre la r\u00e9gion de Koursk"},"content":{"rendered":"<p>AA \/ Moscou \/ Elena Teslova<\/p>\n<p>Une personne a \u00e9t\u00e9 tu\u00e9e et sept autres bless\u00e9es mardi dans une attaque de drone men\u00e9e par l\u2019Ukraine contre la r\u00e9gion russe de Koursk, a annonc\u00e9 le minist\u00e8re russe de la Sant\u00e9 dans un communiqu\u00e9.<\/p>\n<p>Parmi les bless\u00e9s, quatre ont \u00e9t\u00e9 hospitalis\u00e9s, dont un dans un \u00e9tat grave, pr\u00e9cise le minist\u00e8re. L\u2019attaque a \u00e9galement d\u00e9truit deux maisons et endommag\u00e9 15 v\u00e9hicules.<\/p>\n<p>\u00ab Les donn\u00e9es op\u00e9rationnelles du Centre f\u00e9d\u00e9ral de m\u00e9decine d\u2019urgence confirment que, le 15 avril 2025, huit civils ont \u00e9t\u00e9 bless\u00e9s, dont un mortellement. L\u2019attaque, men\u00e9e \u00e0 l\u2019aide de drones, a vis\u00e9 des habitations et le garage d\u2019une station d\u2019ambulances \u00e0 Koursk. Quinze v\u00e9hicules ont \u00e9t\u00e9 endommag\u00e9s \u00bb, indique le communiqu\u00e9.<\/p>\n<p>Dans une d\u00e9claration s\u00e9par\u00e9e, la porte-parole du minist\u00e8re russe des Affaires \u00e9trang\u00e8res, Maria Zakharova, a fermement condamn\u00e9 cette attaque nocturne, la qualifiant de \u00ab l\u2019agression la plus violente men\u00e9e par drones \u00e0 ce jour \u00bb de la part de l\u2019Ukraine. Selon elle, une salve coordonn\u00e9e de 109 drones a d\u00e9lib\u00e9r\u00e9ment cibl\u00e9 des zones r\u00e9sidentielles et des infrastructures civiles.<\/p>\n<p>Zakharova a soulign\u00e9 que de tels actes t\u00e9moignaient d\u2019un m\u00e9pris flagrant envers toute solution diplomatique, et confirmaient le refus de l\u2019Ukraine d\u2019engager un processus de paix par le dialogue.<\/p>\n<p>\u00ab La Russie appelle la communaut\u00e9 internationale responsable \u00e0 condamner les crimes du r\u00e9gime nazi de Kiev contre les civils et \u00e0 manifester sa volont\u00e9 de mettre fin aux actes sanglants perp\u00e9tr\u00e9s par le gang de Zelensky \u00bb, a-t-elle ajout\u00e9.<\/p>\n<p>* Traduit de l&rsquo;Anglais par Adama Bamba<\/p>\n<p>                            &#13;<br \/>\n                                <a href=\"https:\/\/www.aa.com.tr\/fr\/p\/abonnement\/1001\" target=\"_blank\" style=\"font-size:12px; color:#444; text-decoration:none;\" rel=\"noopener\">&#13;<br \/>\n                                    Seulement une partie des d\u00e9p\u00eaches, que l&rsquo;Agence Anadolu diffuse \u00e0 ses abonn\u00e9s via le Syst\u00e8me de Diffusion interne (HAS), est diffus\u00e9e sur le site de l&rsquo;AA, de mani\u00e8re r\u00e9sum\u00e9e. <b style=\"color:#1897F7\">Contactez-nous s&rsquo;il vous pla\u00eet pour vous abonner.<\/b>&#13;<br \/>\n                                <\/a>&#13;<\/p>\n","protected":false},"excerpt":{"rendered":"AA \/ Moscou \/ Elena Teslova Une personne a \u00e9t\u00e9 tu\u00e9e et sept autres bless\u00e9es mardi dans une&hellip;\n","protected":false},"author":2,"featured_media":27836,"comment_status":"","ping_status":"","sticky":false,"template":"","format":"standard","meta":{"footnotes":""},"categories":[1591],"tags":[11,1785,9792,1887,9793,12,1885,1886,132,220],"class_list":{"0":"post-27835","1":"post","2":"type-post","3":"status-publish","4":"format-standard","5":"has-post-thumbnail","7":"category-russie","8":"tag-actualites","9":"tag-anadolu-ajansi","10":"tag-attaque-de-drone-ukrainienne","11":"tag-federation-de-russie","12":"tag-koursk","13":"tag-news","14":"tag-russia","15":"tag-russian-federation","16":"tag-russie","17":"tag-ukraine"},"share_on_mastodon":{"url":"https:\/\/pubeurope.com\/@fr\/114344532224462049","error":""},"_links":{"self":[{"href":"https:\/\/www.europesays.com\/fr\/wp-json\/wp\/v2\/posts\/27835","targetHints":{"allow":["GET"]}}],"collection":[{"href":"https:\/\/www.europesays.com\/fr\/wp-json\/wp\/v2\/posts"}],"about":[{"href":"https:\/\/www.europesays.com\/fr\/wp-json\/wp\/v2\/types\/post"}],"author":[{"embeddable":true,"href":"https:\/\/www.europesays.com\/fr\/wp-json\/wp\/v2\/users\/2"}],"replies":[{"embeddable":true,"href":"https:\/\/www.europesays.com\/fr\/wp-json\/wp\/v2\/comments?post=27835"}],"version-history":[{"count":0,"href":"https:\/\/www.europesays.com\/fr\/wp-json\/wp\/v2\/posts\/27835\/revisions"}],"wp:featuredmedia":[{"embeddable":true,"href":"https:\/\/www.europesays.com\/fr\/wp-json\/wp\/v2\/media\/27836"}],"wp:attachment":[{"href":"https:\/\/www.europesays.com\/fr\/wp-json\/wp\/v2\/media?parent=27835"}],"wp:term":[{"taxonomy":"category","embeddable":true,"href":"https:\/\/www.europesays.com\/fr\/wp-json\/wp\/v2\/categories?post=27835"},{"taxonomy":"post_tag","embeddable":true,"href":"https:\/\/www.europesays.com\/fr\/wp-json\/wp\/v2\/tags?post=27835"}],"curies":[{"name":"wp","href":"https:\/\/api.w.org\/{rel}","templated":true}]}}